{"id":25578,"date":"2025-08-04T18:27:08","date_gmt":"2025-08-04T18:27:08","guid":{"rendered":"https:\/\/www.europesays.com\/es\/25578\/"},"modified":"2025-08-04T18:27:08","modified_gmt":"2025-08-04T18:27:08","slug":"katy-perry-invito-a-una-fan-a-cantar-pero-se-desmayo-al-subir-al-escenario","status":"publish","type":"post","link":"https:\/\/www.europesays.com\/es\/25578\/","title":{"rendered":"Katy Perry invit\u00f3 a una fan a cantar, pero se desmay\u00f3 al subir al escenario"},"content":{"rendered":"<p class=\"paragraph font__body-regular\"><a href=\"https:\/\/tn.com.ar\/musica\/noticias\/2025\/07\/21\/riesgo-en-las-alturas-los-terribles-sustos-de-katy-perry-y-beyonce-en-sus-shows\/\" target=\"_self\" rel=\"nofollow noopener\" title=\"https:\/\/tn.com.ar\/musica\/noticias\/2025\/07\/21\/riesgo-en-las-alturas-los-terribles-sustos-de-katy-perry-y-beyonce-en-sus-shows\/\">Katy Perry <\/a>est\u00e1 con su gira internacional \u201cLifetimes\u201d que pasar\u00e1 por la Argentina. En su show en Detroit, la cantante <b>quiso ofrecer a sus fans una experiencia distinta<\/b> e invit\u00f3 a algunos de ellos a subir al escenario para cantar juntos en el tema \u201cThe One That Got Away\u201d.<\/p>\n<p class=\"paragraph font__body-regular\">Una de las elegidas fue <b>McKenna,<\/b> una joven que fue junto a una amiga. Katy Perry la recibi\u00f3 con un fuerte abrazo. Antes de que comenzara a cantar, la joven se desmay\u00f3 en el escenario.<\/p>\n<p><img decoding=\"async\" loading=\"lazy\" fetchpriority=\"low\" data-testid=\"loading-testid\" class=\"image content-image image_placeholder\" alt=\"El momento del show de Katy Perry lleg\u00f3 a las redes.\" width=\"767\" height=\"793\" src=\"https:\/\/www.europesays.com\/es\/wp-content\/uploads\/2025\/08\/el-momento-del-show-de-katy-perry-llego-a-las-redes-AZJSEC4DQJC53NMBD2QPGS6BZM.PNG\"\/><\/p>\n<p>El momento del show de Katy Perry lleg\u00f3 a las redes.<\/p>\n<p class=\"paragraph font__body-regular\">Esta situaci\u00f3n gener\u00f3 un momento de tensi\u00f3n entre el p\u00fablico, pero fue r\u00e1pidamente<b> asistida por el equipo m\u00e9dico del lugar<\/b>. La artista tambi\u00e9n se acerc\u00f3 a ella para ayudarla y hasta le ofreci\u00f3 un poco de agua. La joven recibi\u00f3 la atenci\u00f3n m\u00e9dica y dej\u00f3 el escenario.<\/p>\n<p class=\"paragraph font__body-regular\">Katy abraz\u00f3 al resto de los fans que la acompa\u00f1aban y se tom\u00f3 un momento para enviar un mensaje de \u00e1nimo: \u201cQuerido Dios, oramos por McKenna, para que regrese plena, <b>m\u00e1s brillante y mejor que nunca<\/b>. Am\u00e9n. Es much\u00edsimo. A veces<b> sos tan valiente y pod\u00e9s subirte <\/b>al escenario, y es abrumador. Entiendo ese sentimiento\u201d.<\/p>\n<p class=\"paragraph font__body-regular\">Katy sigui\u00f3 con la presentaci\u00f3n interpretando el tema anunciado. M\u00e1s tarde, la artista tranquiliz\u00f3 al p\u00fablico informando sobre el estado de la joven: \u201cPor cierto, McKenna est\u00e1 genial\u201d.<\/p>\n<p>El problema de Katy Perry<\/p>\n<p class=\"paragraph font__body-regular\">La artista se present\u00f3 con su \u201c<b>Lifetimes Tour<\/b>\u201d en San Francisco, el viernes a la noche, donde sonaron sus nuevos temas y repas\u00f3 varios de sus hits. Durante la interpretaci\u00f3n de <b>\u201cRoar\u201d,<\/b> Katy sobrevol\u00f3 al p\u00fablico sobre una mariposa y de repente se desprendi\u00f3 una parte e hizo un movimiento fuerte.<\/p>\n<p class=\"paragraph font__body-regular\">La cantante<b> grit\u00f3 por el miedo<\/b>, pero como buen profesional, sigui\u00f3 cantando y levantando la mano avis\u00f3 que se encontraba bien. Los fans publicaron en las redes sociales distintos mensajes sobre el peligro que representa este tipo de acciones.<\/p>\n<p><img decoding=\"async\" class=\"image image_placeholder\" alt=\"Video Placeholder\" draggable=\"true\" src=\"https:\/\/www.europesays.com\/es\/wp-content\/uploads\/2025\/08\/https:\/\/thumbs.vodgc.net\/1-14-RYmn3f1753105729546-1753107026.jpg\"\/><\/p>\n<p class=\"paragraph font__body-regular\">No es el primer problema que tiene Katy con su tour. El 29 de junio, durante <b>su actuaci\u00f3n en el Adelaide Entertainment Centre<\/b>, en Australia, la estrella tuvo una falla t\u00e9cnica <b>dentro de una esfera met\u00e1lica que tambi\u00e9n estaba suspendida<\/b>. Un fuerte movimiento, imprevisto dentro de los shows, que qued\u00f3 en an\u00e9cdota gracias al r\u00e1pido reflejo por parte de la cantante, quien se sujet\u00f3 de unos cables.<\/p>\n","protected":false},"excerpt":{"rendered":"Katy Perry est\u00e1 con su gira internacional \u201cLifetimes\u201d que pasar\u00e1 por la Argentina. En su show en Detroit,&hellip;\n","protected":false},"author":2,"featured_media":25579,"comment_status":"","ping_status":"","sticky":false,"template":"","format":"standard","meta":{"footnotes":""},"categories":[170],"tags":[146,147,25,24,4885,184,185,23],"class_list":{"0":"post-25578","1":"post","2":"type-post","3":"status-publish","4":"format-standard","5":"has-post-thumbnail","7":"category-musica","8":"tag-entertainment","9":"tag-entretenimiento","10":"tag-es","11":"tag-espana","12":"tag-katy-perry","13":"tag-music","14":"tag-musica","15":"tag-spain"},"share_on_mastodon":{"url":"","error":""},"_links":{"self":[{"href":"https:\/\/www.europesays.com\/es\/wp-json\/wp\/v2\/posts\/25578","targetHints":{"allow":["GET"]}}],"collection":[{"href":"https:\/\/www.europesays.com\/es\/wp-json\/wp\/v2\/posts"}],"about":[{"href":"https:\/\/www.europesays.com\/es\/wp-json\/wp\/v2\/types\/post"}],"author":[{"embeddable":true,"href":"https:\/\/www.europesays.com\/es\/wp-json\/wp\/v2\/users\/2"}],"replies":[{"embeddable":true,"href":"https:\/\/www.europesays.com\/es\/wp-json\/wp\/v2\/comments?post=25578"}],"version-history":[{"count":0,"href":"https:\/\/www.europesays.com\/es\/wp-json\/wp\/v2\/posts\/25578\/revisions"}],"wp:featuredmedia":[{"embeddable":true,"href":"https:\/\/www.europesays.com\/es\/wp-json\/wp\/v2\/media\/25579"}],"wp:attachment":[{"href":"https:\/\/www.europesays.com\/es\/wp-json\/wp\/v2\/media?parent=25578"}],"wp:term":[{"taxonomy":"category","embeddable":true,"href":"https:\/\/www.europesays.com\/es\/wp-json\/wp\/v2\/categories?post=25578"},{"taxonomy":"post_tag","embeddable":true,"href":"https:\/\/www.europesays.com\/es\/wp-json\/wp\/v2\/tags?post=25578"}],"curies":[{"name":"wp","href":"https:\/\/api.w.org\/{rel}","templated":true}]}}