{"id":255790,"date":"2025-11-25T22:55:13","date_gmt":"2025-11-25T22:55:13","guid":{"rendered":"https:\/\/www.europesays.com\/es\/255790\/"},"modified":"2025-11-25T22:55:13","modified_gmt":"2025-11-25T22:55:13","slug":"la-1-mantiene-futuro-imperfecto-este-jueves","status":"publish","type":"post","link":"https:\/\/www.europesays.com\/es\/255790\/","title":{"rendered":"La 1 mantiene &#8216;Futuro imperfecto&#8217; este jueves"},"content":{"rendered":"<p class=\"article-text\">\n        Una semana despu\u00e9s de que<strong> Andreu Buenafuente<\/strong> detuviese su agenda por una <a href=\"https:\/\/www.eldiario.es\/vertele\/noticias\/buenafuente-detiene-prescripcion-medica-agenda-rtve-suspende-futuro-imperfecto-sigue-campanadas_1_12787495.html\" target=\"_blank\" data-mrf-recirculation=\"links-noticia\" class=\"link\" rel=\"nofollow noopener\">baja m\u00e9dica<\/a>, <strong>RTVE <\/strong>ha confirmado que no sustituir\u00e1 a <strong>Futuro imperfecto<\/strong>. Pese a que el presentador anunciase su retirada temporal por \u201cexceso de carga laboral\u201d y la necesidad de \u201cdescansar y recuperarse\u201d, <strong>La 1<\/strong> mantendr\u00e1 la emisi\u00f3n del programa este <strong>jueves, 27 de noviembre<\/strong>, despu\u00e9s de la entrega habitual de La Revuelta con David Broncano. Conviene recordar que esta decisi\u00f3n no afecta a las Campanadas.\n    <\/p>\n<p>    <a href=\"https:\/\/www.eldiario.es\/vertele\/noticias\/buenafuente-detiene-prescripcion-medica-agenda-rtve-suspende-futuro-imperfecto-sigue-campanadas_1_12787495.html\" data-mrf-recirculation=\"saber-mas\" data-dl-event=\"saber-mas\" rel=\"nofollow noopener\" target=\"_blank\"><\/p>\n<p class=\"know-more__title\">Buenafuente detiene por prescripci\u00f3n m\u00e9dica su agenda: RTVE suspende &#8216;Futuro imperfecto&#8217;, y sigue con sus Campanadas<\/p>\n<p>            <img decoding=\"async\" class=\"lazy\" loading=\"lazy\" data-src=\"https:\/\/static.eldiario.es\/clip\/af1800b0-4d38-4ca3-834c-fa9647291cc3_16-9-aspect-ratio_default_0.jpg\" src=\"data:image\/svg+xml,%3Csvg xmlns=\" http:=\"\" viewbox=\"0 0 880 495\" alt=\"Buenafuente detiene por prescripci\u00f3n m\u00e9dica su agenda: RTVE suspende 'Futuro imperfecto', y sigue con sus Campanadas\"\/><\/p>\n<p>                        <\/a><\/p>\n<p class=\"article-text\">\n        La productora del programa, El Terrat, emiti\u00f3 un <a href=\"https:\/\/elterrat.com\/noticia\/andreu-buenafuente-atura-agenda\/\" target=\"_blank\" data-mrf-recirculation=\"links-noticia\" class=\"link\" rel=\"nofollow noopener\">comunicado<\/a> que recog\u00eda unas breves declaraciones de Buenafuente: \u201c<strong>Tengo que parar un poco para recuperarme <\/strong>y volver con la energ\u00eda que se merece todo lo que hago\u201d. A continuaci\u00f3n, el humorista manifest\u00f3 su gratitud con los espectadores: \u201cGracias por la comprensi\u00f3n, el apoyo y el cari\u00f1o\u201d. Fuentes de RTVE consultadas por <a href=\"https:\/\/www.eldiario.es\/vertele\/\" target=\"_blank\" data-mrf-recirculation=\"links-noticia\" class=\"link\" rel=\"nofollow noopener\"><strong>verTele<\/strong><\/a> confirmaron que las grabaciones del programa se pondr\u00edan en pausa.\n    <\/p>\n<p class=\"article-text\">\n        Pese a las inc\u00f3gnitas, RTVE ha confirmado a trav\u00e9s de su <strong>programaci\u00f3n oficial<\/strong> que Futuro imperfecto <strong>seguir\u00e1 en su horario habitual<\/strong>. El programa comenzar\u00e1 a las 23:00 horas aproximadamente, como ocurre cada semana, y estar\u00e1 en pantalla hasta las 00:40 horas. Como en esta segunda temporada las entregas se grababan escasas horas antes de aparecer en La 1, todo indica \u2014como apunta <a href=\"https:\/\/eltelevisero.huffingtonpost.es\/2025\/11\/la-1-de-tve-desvela-que-oferta-sustituira-al-programa-de-andreu-buenafuente-tras-su-retirada-temporal\/\" target=\"_blank\" data-mrf-recirculation=\"links-noticia\" class=\"link\" rel=\"nofollow noopener\">El Televisero<\/a>\u2014 que se recopilar\u00e1n los mejores momentos.\n    <\/p>\n<p class=\"article-text\">\n        <strong>As\u00ed queda la noche del jueves 27 de noviembre en La 1<\/strong>:\n    <\/p>\n<p>    <a href=\"https:\/\/www.eldiario.es\/vertele\/noticias\/25n-espejo-publico-abascal-luego-rubiales-comparado-susanna-griso-pedro-sanchez-videos-antena-3_1_12795834.html\" data-mrf-recirculation=\"saber-mas-abajo\" data-dl-event=\"saber-mas-abajo\" rel=\"nofollow noopener\" target=\"_blank\"><\/p>\n<p class=\"know-more__title\">El 25N de &#8216;Espejo P\u00fablico&#8217;: primero Abascal y luego Rubiales, a quien Susanna Griso compar\u00f3 con S\u00e1nchez<\/p>\n<p>            <img decoding=\"async\" class=\"lazy\" loading=\"lazy\" data-src=\"https:\/\/static.eldiario.es\/clip\/ddbca62c-64aa-472e-a937-abd05e9046dc_16-9-aspect-ratio_default_0.jpg\" src=\"data:image\/svg+xml,%3Csvg xmlns=\" http:=\"\" viewbox=\"0 0 880 495\" alt=\"El 25N de 'Espejo P\u00fablico': primero Abascal y luego Rubiales, a quien Susanna Griso compar\u00f3 con S\u00e1nchez\"\/><\/p>\n<p>                        <\/a><\/p>\n<ul>\n<li>21:00 horas \u2014 Telediario 2<\/li>\n<li>21:40 horas \u2014 Deportes 2<\/li>\n<li>21: 45 horas \u2014 La Revuelta<\/li>\n<li>23:00 horas \u2014 Futuro imperfecto<\/li>\n<li>00:40 horas \u2014 50 a\u00f1os del gran cambio: Miradas desobedientes<\/li>\n<\/ul>\n<p>    Buenafuente regresar\u00e1 para dar las Campanadas en RTVE<\/p>\n<p class=\"article-text\">\n        Poco despu\u00e9s de que el comunicado se hiciese p\u00fablico, el Telediario de RTVE explic\u00f3 que esta decisi\u00f3n no iba a afectar a las <strong>Campanadas<\/strong>. RTVE confi\u00f3 en <a href=\"https:\/\/www.eldiario.es\/vertele\/noticias\/andreu-buenafuente-silvia-abril-daran-campanadas-2025-2026-rtve_1_12776790.html\" target=\"_blank\" data-mrf-recirculation=\"links-noticia\" class=\"link\" rel=\"nofollow noopener\"><strong>Andreu Buenafuente y Silvia Abril<\/strong><\/a><strong> <\/strong>para despedir el a\u00f1o desde la madrile\u00f1a Puerta del Sol, tomando el relevo a David Broncano y Lalachus. La pareja volver\u00e1 a aparecer en pantalla durante la \u00faltima noche del 2025 para dar la bienvenida al 2026: la lucha ser\u00e1 con <strong>Cristina Pedroche y Alberto Chicote<\/strong> (Atresmedia), adem\u00e1s de <strong>Sandra Barneda y Xuso Jones<\/strong> (Mediaset).\n    <\/p>\n<blockquote class=\"twitter-tweet\" data-lang=\"es\"><p><a href=\"https:\/\/twitter.com\/X\/status\/1991881176466985133?ref_src=twsrc%5Etfw\" rel=\"nofollow noopener\" target=\"_blank\"><\/p><\/blockquote>\n<p>                                <script async src=\"https:\/\/platform.twitter.com\/widgets.js\" charset=\"utf-8\"><\/script><\/p>\n","protected":false},"excerpt":{"rendered":"Una semana despu\u00e9s de que Andreu Buenafuente detuviese su agenda por una baja m\u00e9dica, RTVE ha confirmado que&hellip;\n","protected":false},"author":2,"featured_media":255791,"comment_status":"","ping_status":"","sticky":false,"template":"","format":"standard","meta":{"footnotes":""},"categories":[171],"tags":[6814,1270,146,147,25,24,2848,2849,887,6870,5968,11119,689,518,23,10552,214],"class_list":{"0":"post-255790","1":"post","2":"type-post","3":"status-publish","4":"format-standard","5":"has-post-thumbnail","7":"category-tv","8":"tag-baja","9":"tag-buenafuente","10":"tag-entertainment","11":"tag-entretenimiento","12":"tag-es","13":"tag-espana","14":"tag-futuro","15":"tag-imperfecto","16":"tag-jueves","17":"tag-la-1","18":"tag-mantiene","19":"tag-medica","20":"tag-no","21":"tag-rtve","22":"tag-spain","23":"tag-sustituira","24":"tag-tv"},"share_on_mastodon":{"url":"https:\/\/pubeurope.com\/@es\/115612806311174419","error":""},"_links":{"self":[{"href":"https:\/\/www.europesays.com\/es\/wp-json\/wp\/v2\/posts\/255790","targetHints":{"allow":["GET"]}}],"collection":[{"href":"https:\/\/www.europesays.com\/es\/wp-json\/wp\/v2\/posts"}],"about":[{"href":"https:\/\/www.europesays.com\/es\/wp-json\/wp\/v2\/types\/post"}],"author":[{"embeddable":true,"href":"https:\/\/www.europesays.com\/es\/wp-json\/wp\/v2\/users\/2"}],"replies":[{"embeddable":true,"href":"https:\/\/www.europesays.com\/es\/wp-json\/wp\/v2\/comments?post=255790"}],"version-history":[{"count":0,"href":"https:\/\/www.europesays.com\/es\/wp-json\/wp\/v2\/posts\/255790\/revisions"}],"wp:featuredmedia":[{"embeddable":true,"href":"https:\/\/www.europesays.com\/es\/wp-json\/wp\/v2\/media\/255791"}],"wp:attachment":[{"href":"https:\/\/www.europesays.com\/es\/wp-json\/wp\/v2\/media?parent=255790"}],"wp:term":[{"taxonomy":"category","embeddable":true,"href":"https:\/\/www.europesays.com\/es\/wp-json\/wp\/v2\/categories?post=255790"},{"taxonomy":"post_tag","embeddable":true,"href":"https:\/\/www.europesays.com\/es\/wp-json\/wp\/v2\/tags?post=255790"}],"curies":[{"name":"wp","href":"https:\/\/api.w.org\/{rel}","templated":true}]}}