{"id":255794,"date":"2025-11-25T22:57:10","date_gmt":"2025-11-25T22:57:10","guid":{"rendered":"https:\/\/www.europesays.com\/es\/255794\/"},"modified":"2025-11-25T22:57:10","modified_gmt":"2025-11-25T22:57:10","slug":"preguntan-a-richard-gere-que-significa-espana-para-el-y-solo-el-podia-contestar-asi","status":"publish","type":"post","link":"https:\/\/www.europesays.com\/es\/255794\/","title":{"rendered":"Preguntan a Richard Gere qu\u00e9 significa Espa\u00f1a para \u00e9l y solo \u00e9l pod\u00eda contestar as\u00ed"},"content":{"rendered":"<p>El conocido <b><a href=\"https:\/\/www.huffingtonpost.es\/life\/el-ayuntamiento-murcia-aclara-rumores-richard-gere-acompanaranos-fundacion-aladina-encendido-navideno.html\" rel=\"nofollow noopener\" target=\"_blank\">actor estadounidense Richard Gere<\/a><\/b> (76 a\u00f1os), que particip\u00f3 en pel\u00edculas como Oficial y caballero, Pretty Woman, Chicago o Siempre a tu lado, pel\u00edcula por la que gan\u00f3 el Globo de Oro al mejor actor de comedia o musical, adem\u00e1s de ostentar un Goya Internacional, ha sido preguntado por la prensa sobre <b><a href=\"https:\/\/www.huffingtonpost.es\/virales\/richard-gere-moja-nadie-sobre-flotilla-mas-deberia-escuchar-dice.html\" rel=\"nofollow noopener\" target=\"_blank\">qu\u00e9 significa Espa\u00f1a para \u00e9l<\/a><\/b> y ha dado una respuesta que solo pod\u00eda dar \u00e9l mismo.<\/p>\n<p>Ha sido en el acto de presentaci\u00f3n del corto documental Lo que nadie quiere ver, dirigida por Oan Hostench y protagonizada por Richard Gere y su mujer Alejandra Silva, en el que dan voz a las personas sin hogar, con los testimonios de Pepe, Javi, Mamen y Latyr, quienes llevaban d\u00e9cadas sin un hogar.<\/p>\n<p>En un canutazo frente a los medios de comunicaci\u00f3n, una de las periodistas presentes qu\u00e9 significa Espa\u00f1a para Richard: \u00abAl final, tu mujer es de aqu\u00ed, <b>hemos o\u00eddo que le gustar\u00eda que juraras bandera<\/b> y todo, esto es maravilloso, Richard, te queremos como espa\u00f1ol\u00bb.<\/p>\n<p>Y Richard Gere, sin titubeos, claro y directo, ha respondido <b>\u00abyo soy de Galicia desde la antig\u00fcedad\u00bb<\/b>, despertando la carcajada de su mujer. Su conexi\u00f3n con Espa\u00f1a es profundo y se remonta al conocer a Alejandra Silva, con la que se cas\u00f3 en el a\u00f1o 2018 con la que ha tenido dos hijos, comprando, adem\u00e1s, una casa en Galicia, la regi\u00f3n natal de su mujer.<\/p>\n<p>Su conexi\u00f3n con Espa\u00f1a<\/p>\n<p>No ha sido la primera vez que Gere ha mostrado su cari\u00f1o por Espa\u00f1a. De hecho, tal y como inform\u00f3 la revista \u00a1Hola!, tanto Gere como Silva visitaron el pasado junio las obras de su nuevo proyecto: una escuela en Madrid, sede de la instituci\u00f3n <b>Brewster American Schools.<\/b><\/p>\n<p>Un mes antes ya expres\u00f3 que <b><a href=\"https:\/\/www.huffingtonpost.es\/virales\/preguntan-richard-gere-vivira-madrid-responde-asi-es-ciudad-cambiado.html\" rel=\"nofollow noopener\" target=\"_blank\">se iba a quedar en Madrid<\/a><\/b> (en una casa en La Moraleja) por unos a\u00f1os. \u00abEs una ciudad que ha cambiado mucho, con una energ\u00eda muy especial que ahora mismo sonr\u00ede\u00bb, pronunci\u00f3.<\/p>\n","protected":false},"excerpt":{"rendered":"El conocido actor estadounidense Richard Gere (76 a\u00f1os), que particip\u00f3 en pel\u00edculas como Oficial y caballero, Pretty Woman,&hellip;\n","protected":false},"author":2,"featured_media":255795,"comment_status":"","ping_status":"","sticky":false,"template":"","format":"standard","meta":{"footnotes":""},"categories":[169],"tags":[177,115,146,147,25,24,176,175,20279,23],"class_list":{"0":"post-255794","1":"post","2":"type-post","3":"status-publish","4":"format-standard","5":"has-post-thumbnail","7":"category-cine","8":"tag-cine","9":"tag-eeuu","10":"tag-entertainment","11":"tag-entretenimiento","12":"tag-es","13":"tag-espana","14":"tag-film","15":"tag-movies","16":"tag-richard-gere","17":"tag-spain"},"share_on_mastodon":{"url":"https:\/\/pubeurope.com\/@es\/115612814362064608","error":""},"_links":{"self":[{"href":"https:\/\/www.europesays.com\/es\/wp-json\/wp\/v2\/posts\/255794","targetHints":{"allow":["GET"]}}],"collection":[{"href":"https:\/\/www.europesays.com\/es\/wp-json\/wp\/v2\/posts"}],"about":[{"href":"https:\/\/www.europesays.com\/es\/wp-json\/wp\/v2\/types\/post"}],"author":[{"embeddable":true,"href":"https:\/\/www.europesays.com\/es\/wp-json\/wp\/v2\/users\/2"}],"replies":[{"embeddable":true,"href":"https:\/\/www.europesays.com\/es\/wp-json\/wp\/v2\/comments?post=255794"}],"version-history":[{"count":0,"href":"https:\/\/www.europesays.com\/es\/wp-json\/wp\/v2\/posts\/255794\/revisions"}],"wp:featuredmedia":[{"embeddable":true,"href":"https:\/\/www.europesays.com\/es\/wp-json\/wp\/v2\/media\/255795"}],"wp:attachment":[{"href":"https:\/\/www.europesays.com\/es\/wp-json\/wp\/v2\/media?parent=255794"}],"wp:term":[{"taxonomy":"category","embeddable":true,"href":"https:\/\/www.europesays.com\/es\/wp-json\/wp\/v2\/categories?post=255794"},{"taxonomy":"post_tag","embeddable":true,"href":"https:\/\/www.europesays.com\/es\/wp-json\/wp\/v2\/tags?post=255794"}],"curies":[{"name":"wp","href":"https:\/\/api.w.org\/{rel}","templated":true}]}}