{"id":255798,"date":"2025-11-25T23:00:14","date_gmt":"2025-11-25T23:00:14","guid":{"rendered":"https:\/\/www.europesays.com\/es\/255798\/"},"modified":"2025-11-25T23:00:14","modified_gmt":"2025-11-25T23:00:14","slug":"el-periodismo-rinde-un-calido-homenaje-a-alfonso-ussia","status":"publish","type":"post","link":"https:\/\/www.europesays.com\/es\/255798\/","title":{"rendered":"El periodismo rinde un c\u00e1lido homenaje a Alfonso Uss\u00eda"},"content":{"rendered":"<p style=\"\">\u00abAlfonso Uss\u00eda ha sido un escritor insobornable\u00bb, dijo Julio Valde\u00f3n al abrir el gran homenaje que le rindieron este martes colegas, compa\u00f1eros y, seguramente, unos cuantos rivales de toda la vida, es decir, toda la profesi\u00f3n period\u00edstica, por su trayectoria. Despu\u00e9s de un v\u00eddeo  &#8230; que resum\u00eda momentos estelares de su carrera (de humorista y periodista), que arranc\u00f3 carcajadas y aplausos por igual, intervino su hijo <a href=\"https:\/\/www.abc.es\/opinion\/jose-f-pelaez-bajo-cielo-20251123224201-nt.html\" data-voc-vtm-id=\"in-text-traffic\" title=\"Alfonso J. Uss\u00eda\" rel=\"nofollow noopener\" target=\"_blank\">Alfonso J. Uss\u00eda<\/a>: \u00abMe dedico a esto porque me quer\u00eda parecer a mi padre\u00bb. Evoc\u00f3 la convivencia familiar con el autor al\u00e9rgico a lo cursi y a los versos cojos. Con ayuda de los amigos presentes, fueron record\u00e1ndose an\u00e9cdotas y episodios de su vida, la candidatura a la presidencia del Real Madrid, la escritura de libros y columnas y el humor radiof\u00f3nico. <\/p>\n<p class=\"voc-p\" style=\"\">El m\u00e1s c\u00e1lido homenaje es el desmagnetizado, aquel que vence a la polarizaci\u00f3n rampante en Espa\u00f1a estos d\u00edas. Muy pocos lo pueden lograr. Atraer a tantos lectores sin los imanes de la pol\u00edtica, solo por la gracia de la prosa, la agudeza de su aguij\u00f3n sat\u00edrico y por escribir con gravedad de ley en ocasiones, como siempre ha hecho<a href=\"https:\/\/www.abc.es\/espana\/casa-real\/felipe-valor-continuidad-corona-20251122041854-nt.html\" data-voc-vtm-id=\"in-text-traffic\" title=\" frente al terrorismo de ETA\" rel=\"nofollow noopener\" target=\"_blank\"> frente al terrorismo de ETA<\/a>. <\/p>\n<p class=\"voc-p\" style=\"\">Nadie lo merece m\u00e1s que <strong>Alfonso Uss\u00eda <\/strong>(Madrid, 1948), cuya trayectoria period\u00edstica ha sido objeto de un libro memorioso, titulado &#8216;Alfonso Uss\u00eda, la escritura indomable&#8217; (Confluencias), en el que m\u00e1s de sesenta articulistas, de todas las tendencias, generaciones e ideolog\u00edas, han sabido valorar el ingenio, la inteligencia, la mordaz escritura y la poes\u00eda sat\u00edrica que han hecho de Uss\u00eda uno de los grandes nombres de la historia del periodismo espa\u00f1ol. <\/p>\n<p class=\"voc-p\" style=\"\">El libro se present\u00f3 este martes en el Wellington y convirti\u00f3 el hotel madrile\u00f1o donde <strong>Morante <\/strong>descansa de sus triunfos en una sede volante de los m\u00e1s libres y los m\u00e1s resistentes sin manual. Porque tal vez es la libertad el rasgo que mejor ha definido a Alfonso Uss\u00eda, en todos y cada uno de sus d\u00edas, libertad para criticar, para escribir, pensar, comer, fumar y por supuesto para re\u00edr. Por eso tantos escritores, directores, columnistas, jefes varios y plumillas excelentes se dieron cita ayer para llenar el homenaje de an\u00e9cdotas, elogios y rimas. <\/p>\n<p class=\"voc-p\" style=\"\">Cuentan que el libro naci\u00f3 en septiembre, de parto natural en un WhatsApp que alguien envi\u00f3 al editor, con la idea de reunir voces para homenajear a Uss\u00eda. La respuesta de Javier Fornieles, el editor, fue, claro: \u00abUn honor\u00bb. Y el aluvi\u00f3n que sigui\u00f3 fue tal que de los 25 art\u00edculos proyectados se ha pasado de sesenta. Para abrir boca, los lectores encontrar\u00e1n el texto de Miguel \u00c1ngel Aguilar, que define al gran periodista como \u00abhijo, primo y nieto de la m\u00e1s leal aristocracia, de la m\u00e1s reputada milicia y de la m\u00e1s ingeniosa dramaturgia\u00bb, aunque a todo ello suma que es \u00ab<strong>sobre todo un pilarista<\/strong>\u00bb. Una vez puesto en librer\u00edas, el editor de Confluencias considera que \u00abno se ha publicado en los \u00faltimos a\u00f1os un libro tan plural y personal, un verdadero canto a la amistad y a la libertad\u00bb. Destaca, en su opini\u00f3n, el \u00abinmenso m\u00e9rito de Uss\u00eda, al congregar tal n\u00famero de escritores y periodistas, de generaciones tan distintas, de sensibilidades tan dispares. Un merecid\u00edsimo homenaje al que Confluencias se une\u00bb. <\/p>\n<p class=\"voc-p\" style=\"\">En el libro <strong>aparece Alfonso Uss\u00eda <\/strong>pintado con mil pinceles distintos, en decenas de estilos diferentes: de profesor de Santiago Am\u00f3n al abuelo de su primer nieto, Juan; del amigo fil\u00f3sofo de Albiac al oyente de la Onda Cero del C\u00e1mbrico de Cort\u00e9s y al colega indomable de tantos columnistas, como cuando Ignacio Camacho le recorta contra Camba y Wenceslao; incluso aparece dibujado con adjetivos de carboncillo ansoniano: \u00ab<strong>Alfonso Uss\u00eda es demoledor.<\/strong> Tiene la nariz centinela, el pelo alerta, esc\u00e9pticas las orejas, la palabra ofidia, la adjetivaci\u00f3n canalla, fresca la co\u00f1a, y marinera. Entre el escritor mitrado y el cajetilla, Uss\u00eda ha aprendido a adentrarse en la selva literaria y en los bosques pol\u00edticos, manteniendo \u00edntegra su capacidad recental para el mordisco. Soleada de <strong>Jardiel <\/strong>y de <strong>Mingote<\/strong>, su escritura se mueve entre la caricia y la tentaci\u00f3n permanente de la fusta y de la espuela. Es a veces de hierro, a veces de seda. Yo reservaba un par de ma\u00f1anas cada semana para acudir a los juzgados a responder sobre las querellas que le interpon\u00edan y siempre ganaba\u00bb. <\/p>\n<p class=\"voc-p\" style=\"\">De frente y de perfil, en el libro tenemos a Uss\u00eda en instant\u00e1neas como los grandes culpables en las fichas policiales, culpable de escribir y de ser libre, pero sobre todo irredimible por hacernos re\u00edr frente a los mandamases m\u00e1s serios. Como demostraci\u00f3n final, ayer todos los colegas, los amigos, incluso los rivales, sal\u00edan de nuevo a la calle Vel\u00e1zquez con media sonrisa, recordando, cada uno, su an\u00e9cdota favorita.<\/p>\n","protected":false},"excerpt":{"rendered":"\u00abAlfonso Uss\u00eda ha sido un escritor insobornable\u00bb, dijo Julio Valde\u00f3n al abrir el gran homenaje que le rindieron&hellip;\n","protected":false},"author":2,"featured_media":255799,"comment_status":"","ping_status":"","sticky":false,"template":"","format":"standard","meta":{"footnotes":""},"categories":[91],"tags":[18583,30132,146,147,25,24,6552,2151,3656,23,64349],"class_list":{"0":"post-255798","1":"post","2":"type-post","3":"status-publish","4":"format-standard","5":"has-post-thumbnail","7":"category-entretenimiento","8":"tag-alfonso","9":"tag-calido","10":"tag-entertainment","11":"tag-entretenimiento","12":"tag-es","13":"tag-espana","14":"tag-homenaje","15":"tag-periodismo","16":"tag-rinde","17":"tag-spain","18":"tag-ussia"},"share_on_mastodon":{"url":"https:\/\/pubeurope.com\/@es\/115612826096493462","error":""},"_links":{"self":[{"href":"https:\/\/www.europesays.com\/es\/wp-json\/wp\/v2\/posts\/255798","targetHints":{"allow":["GET"]}}],"collection":[{"href":"https:\/\/www.europesays.com\/es\/wp-json\/wp\/v2\/posts"}],"about":[{"href":"https:\/\/www.europesays.com\/es\/wp-json\/wp\/v2\/types\/post"}],"author":[{"embeddable":true,"href":"https:\/\/www.europesays.com\/es\/wp-json\/wp\/v2\/users\/2"}],"replies":[{"embeddable":true,"href":"https:\/\/www.europesays.com\/es\/wp-json\/wp\/v2\/comments?post=255798"}],"version-history":[{"count":0,"href":"https:\/\/www.europesays.com\/es\/wp-json\/wp\/v2\/posts\/255798\/revisions"}],"wp:featuredmedia":[{"embeddable":true,"href":"https:\/\/www.europesays.com\/es\/wp-json\/wp\/v2\/media\/255799"}],"wp:attachment":[{"href":"https:\/\/www.europesays.com\/es\/wp-json\/wp\/v2\/media?parent=255798"}],"wp:term":[{"taxonomy":"category","embeddable":true,"href":"https:\/\/www.europesays.com\/es\/wp-json\/wp\/v2\/categories?post=255798"},{"taxonomy":"post_tag","embeddable":true,"href":"https:\/\/www.europesays.com\/es\/wp-json\/wp\/v2\/tags?post=255798"}],"curies":[{"name":"wp","href":"https:\/\/api.w.org\/{rel}","templated":true}]}}