{"id":255800,"date":"2025-11-25T23:01:08","date_gmt":"2025-11-25T23:01:08","guid":{"rendered":"https:\/\/www.europesays.com\/es\/255800\/"},"modified":"2025-11-25T23:01:08","modified_gmt":"2025-11-25T23:01:08","slug":"el-pack-de-nintendo-switch-2-con-mario-kart-world-rebaja-su-precio-por-el-black-friday","status":"publish","type":"post","link":"https:\/\/www.europesays.com\/es\/255800\/","title":{"rendered":"El pack de Nintendo Switch 2 con Mario Kart World rebaja su precio por el Black Friday"},"content":{"rendered":"<p>&#13;<br \/>\nEl bundle de Nintendo Switch 2 con Mario Kart World ha rebajado su precio para el Black Friday.&#13;\n<\/p>\n<p>&#13;<br \/>\nDurante los pr\u00f3ximos d\u00edas se puede adquirir en pack de la consola con el juego por 449\u20ac, en vez de los 509\u20ac que costaba hasta ahora, en tiendas como <a href=\"https:\/\/amzn.to\/482sx1b\" rel=\"nofollow noopener\" target=\"_blank\">Amazon<\/a> o en otros comercios espa\u00f1oles.&#13;\n<\/p>\n<p>&#13;<br \/>\nLa oferta estar\u00e1 disponible hasta que termine la semana del Black Friday (el d\u00eda 1 de diciembre) o hasta fin de existencias.&#13;\n<\/p>\n<p>&#13;<br \/>\nMario Kart World fue el gran t\u00edtulo de lanzamiento de la nueva consola h\u00edbrida de Nintendo, la cual se puso a la venta el pasado d\u00eda 5 de junio. Desde entonces, Switch 2 ha vendido m\u00e1s de diez millones de unidades (a fecha 30 de septiembre) y el juego de carreras protagonizado por Mario y compa\u00f1\u00eda nueve millones y medio de copias.&#13;<\/p>\n","protected":false},"excerpt":{"rendered":"&#13; El bundle de Nintendo Switch 2 con Mario Kart World ha rebajado su precio para el Black&hellip;\n","protected":false},"author":2,"featured_media":255801,"comment_status":"","ping_status":"","sticky":false,"template":"","format":"standard","meta":{"footnotes":""},"categories":[81],"tags":[119,123,124,25,24,117,121,122,23,118,120],"class_list":{"0":"post-255800","1":"post","2":"type-post","3":"status-publish","4":"format-standard","5":"has-post-thumbnail","7":"category-ciencia-y-tecnologia","8":"tag-ciencia","9":"tag-ciencia-y-tecnologia","10":"tag-cienciaytecnologia","11":"tag-es","12":"tag-espana","13":"tag-science","14":"tag-science-and-technology","15":"tag-scienceandtechnology","16":"tag-spain","17":"tag-technology","18":"tag-tecnologia"},"share_on_mastodon":{"url":"https:\/\/pubeurope.com\/@es\/115612830195413763","error":""},"_links":{"self":[{"href":"https:\/\/www.europesays.com\/es\/wp-json\/wp\/v2\/posts\/255800","targetHints":{"allow":["GET"]}}],"collection":[{"href":"https:\/\/www.europesays.com\/es\/wp-json\/wp\/v2\/posts"}],"about":[{"href":"https:\/\/www.europesays.com\/es\/wp-json\/wp\/v2\/types\/post"}],"author":[{"embeddable":true,"href":"https:\/\/www.europesays.com\/es\/wp-json\/wp\/v2\/users\/2"}],"replies":[{"embeddable":true,"href":"https:\/\/www.europesays.com\/es\/wp-json\/wp\/v2\/comments?post=255800"}],"version-history":[{"count":0,"href":"https:\/\/www.europesays.com\/es\/wp-json\/wp\/v2\/posts\/255800\/revisions"}],"wp:featuredmedia":[{"embeddable":true,"href":"https:\/\/www.europesays.com\/es\/wp-json\/wp\/v2\/media\/255801"}],"wp:attachment":[{"href":"https:\/\/www.europesays.com\/es\/wp-json\/wp\/v2\/media?parent=255800"}],"wp:term":[{"taxonomy":"category","embeddable":true,"href":"https:\/\/www.europesays.com\/es\/wp-json\/wp\/v2\/categories?post=255800"},{"taxonomy":"post_tag","embeddable":true,"href":"https:\/\/www.europesays.com\/es\/wp-json\/wp\/v2\/tags?post=255800"}],"curies":[{"name":"wp","href":"https:\/\/api.w.org\/{rel}","templated":true}]}}