{"id":255810,"date":"2025-11-25T23:10:18","date_gmt":"2025-11-25T23:10:18","guid":{"rendered":"https:\/\/www.europesays.com\/es\/255810\/"},"modified":"2025-11-25T23:10:18","modified_gmt":"2025-11-25T23:10:18","slug":"espana-gana-credito-italia-gana-tiempo-sinner-y-musetti-volveran","status":"publish","type":"post","link":"https:\/\/www.europesays.com\/es\/255810\/","title":{"rendered":"Espa\u00f1a gana cr\u00e9dito, Italia gana tiempo: Sinner y Musetti volver\u00e1n"},"content":{"rendered":"<p data-mrf-recirculation=\"Links P\u00e1rrafos\" class=\"ue-c-article__paragraph paragraph ue-c-article--first-letter-highlighted\">Espa\u00f1a gan\u00f3 cr\u00e9dito como selecci\u00f3n en la \u00faltima Final a 8 de la Copa Davis de Bolonia. El equipo por encima de todo. <strong>Por eso pudieron sobreponerse a la ausencia a \u00faltima hora de Carlos Alcaraz<\/strong>. Ya se sab\u00eda que no estar\u00eda el malague\u00f1o Alejandro Davidovich, la gran inc\u00f3gnita para 2026.<\/p>\n<p data-mrf-recirculation=\"Links P\u00e1rrafos\" class=\"ue-c-article__paragraph paragraph\">El seleccionador nacional, David Ferrer, <strong>ha creado su c\u00edrculo de confianza con tres nombres propios: Jaume Munar, Pedro Mart\u00ednez y Marcel Granollers<\/strong>. El balear para los individuales y <strong>los dos \u00faltimos como solvente pareja de dobles que libera de ese punto a Carlos Alcaraz<\/strong>. El n\u00famero uno mundial quiere levantar la Ensaladera m\u00e1s pronto que tarde.<\/p>\n<p data-mrf-recirculation=\"Links P\u00e1rrafos\" class=\"ue-c-article__paragraph paragraph\"><strong>Por eso est\u00e1 a plena disposici\u00f3n del capit\u00e1n de la Armada para el playoff del mes de septiembre (18 al 20) contra el ganador de la serie entre Chile y Serbia<\/strong>. Otra cosa es lo que suceda despu\u00e9s en el US Open, Grand Slam que viene inmediatamente antes en el calendario.\u00a0<\/p>\n<p data-mrf-recirculation=\"Links P\u00e1rrafos\" class=\"ue-c-article__paragraph paragraph\"><strong>Ferrer volver\u00e1 a convocar a cinco jugadores, con lo que tendr\u00e1 m\u00e1s fondo de armario para hacer diferentes combinaciones<\/strong>. Eso es lo que no pudo hacer en el cruce con Dinamarca \u2014Alcaraz y Granollers se cayeron por lesi\u00f3n\u2014 y tampoco en Bolonia por el edema de Alcaraz en el isquiotibial de su pierna derecha.<\/p>\n<p data-mrf-recirculation=\"Links P\u00e1rrafos\" class=\"ue-c-article__paragraph paragraph\">El futuro del conjunto    espa\u00f1ol pasa por dar dando entrada a <strong>Mart\u00edn Landaluce<\/strong>, que ya entr\u00f3 en la formaci\u00f3n que visit\u00f3 este campa\u00f1a tierras suizas, y <strong>Rafa J\u00f3dar<\/strong>. Los dos madrile\u00f1os, de 19 a\u00f1os, se han clasificado para las Next Gen Finals de Jeddah (17 al 21 de diciembre).<\/p>\n<p>Sinner y Musetti estar\u00e1n<\/p>\n<p data-mrf-recirculation=\"Links P\u00e1rrafos\" class=\"ue-c-article__paragraph paragraph\"><strong>Jannik Sinner (2) y Lorenzo Musetti (8)<\/strong>, los dos top10 del tenis italiano, renunciaron en 2025 a representar a su pa\u00eds en las finales de la Copa Davis porque ya hab\u00edan ganado los t\u00edtulos en las ediciones de 2023 y 2024 celebradas en M\u00e1laga.\u00a0<\/p>\n<p data-mrf-recirculation=\"Links P\u00e1rrafos\" class=\"ue-c-article__paragraph paragraph\"><strong>Filippo Volandri les recuperar\u00e1 el pr\u00f3ximo curso<\/strong> \u2014tienen invitaci\u00f3n para Bolonia\u2014 para unirse a Flavio Cobolli y Matteo Berrettini. Los art\u00edfices de la victoria ante Espa\u00f1a son los \u00fanicos que tienen el sitio garantizado. <strong>No as\u00ed Simone Bolelli y Andrea Vavassori, in\u00e9ditos en la final<\/strong>.\u00a0<\/p>\n","protected":false},"excerpt":{"rendered":"Espa\u00f1a gan\u00f3 cr\u00e9dito como selecci\u00f3n en la \u00faltima Final a 8 de la Copa Davis de Bolonia. El&hellip;\n","protected":false},"author":2,"featured_media":255811,"comment_status":"","ping_status":"","sticky":false,"template":"","format":"standard","meta":{"footnotes":""},"categories":[274],"tags":[168,25,24,23,167,327,326],"class_list":{"0":"post-255810","1":"post","2":"type-post","3":"status-publish","4":"format-standard","5":"has-post-thumbnail","7":"category-tenis","8":"tag-deportes","9":"tag-es","10":"tag-espana","11":"tag-spain","12":"tag-sports","13":"tag-tenis","14":"tag-tennis"},"share_on_mastodon":{"url":"https:\/\/pubeurope.com\/@es\/115612865370605018","error":""},"_links":{"self":[{"href":"https:\/\/www.europesays.com\/es\/wp-json\/wp\/v2\/posts\/255810","targetHints":{"allow":["GET"]}}],"collection":[{"href":"https:\/\/www.europesays.com\/es\/wp-json\/wp\/v2\/posts"}],"about":[{"href":"https:\/\/www.europesays.com\/es\/wp-json\/wp\/v2\/types\/post"}],"author":[{"embeddable":true,"href":"https:\/\/www.europesays.com\/es\/wp-json\/wp\/v2\/users\/2"}],"replies":[{"embeddable":true,"href":"https:\/\/www.europesays.com\/es\/wp-json\/wp\/v2\/comments?post=255810"}],"version-history":[{"count":0,"href":"https:\/\/www.europesays.com\/es\/wp-json\/wp\/v2\/posts\/255810\/revisions"}],"wp:featuredmedia":[{"embeddable":true,"href":"https:\/\/www.europesays.com\/es\/wp-json\/wp\/v2\/media\/255811"}],"wp:attachment":[{"href":"https:\/\/www.europesays.com\/es\/wp-json\/wp\/v2\/media?parent=255810"}],"wp:term":[{"taxonomy":"category","embeddable":true,"href":"https:\/\/www.europesays.com\/es\/wp-json\/wp\/v2\/categories?post=255810"},{"taxonomy":"post_tag","embeddable":true,"href":"https:\/\/www.europesays.com\/es\/wp-json\/wp\/v2\/tags?post=255810"}],"curies":[{"name":"wp","href":"https:\/\/api.w.org\/{rel}","templated":true}]}}