{"id":255812,"date":"2025-11-25T23:11:10","date_gmt":"2025-11-25T23:11:10","guid":{"rendered":"https:\/\/www.europesays.com\/es\/255812\/"},"modified":"2025-11-25T23:11:10","modified_gmt":"2025-11-25T23:11:10","slug":"una-milan-san-remo-casi-imposible-de-ganar-con-evenepoel-van-der-poel-y-pogacar-en-la-salida","status":"publish","type":"post","link":"https:\/\/www.europesays.com\/es\/255812\/","title":{"rendered":"Una Mil\u00e1n-San Remo casi imposible de ganar con Evenepoel, Van der Poel y Pogacar en la salida"},"content":{"rendered":"<p>No hemos llegado a\u00fan al inicio de la temporada y ya estamos todos ansioso por la llegada del primer monumento, una Mil\u00e1n-San Remo que, tras el anuncio de que Remco Evenepoel podr\u00eda debutar en la Classicissima, promete superar en emociones a la edici\u00f3n 2025 en la que Tadej Pogacar realiz\u00f3 lo impensable, un ataque lejano desde Cipressa, en su af\u00e1n por lograr uno de los grandes triunfos que faltan en su palmar\u00e9s.<\/p>\n<p><img class=\" lazyload\" border=\"0\" alt=\"Una Mil\u00e1n-San Remo casi imposible de ganar con Evenepoel, Van der Poel y Pogacar en la salida\" width=\"3840\" height=\"2560\"  data-\/><\/p>\n<p>Desde que hace unos d\u00edas la Gazzetta dello Sport dejara caer que Remco Evenepoel estar\u00e1 con mucha probabilidad en la salida de la Mil\u00e1n-San Remo anda el mundo del ciclismo revuelto mientras fantasea c\u00f3mo podr\u00eda ser el desenlace de la carrera con \u00e9l, un siempre intratable Mathieu van der Poel y un Tadej Pogacar ansioso de lograr por cualquier medio uno de los dos monumentos que faltan en su colecci\u00f3n.<\/p>\n<p><img class=\" lazyload\" border=\"0\" alt=\"Una Mil\u00e1n-San Remo casi imposible de ganar con Evenepoel, Van der Poel y Pogacar en la salida\" width=\"1200\" height=\"675\"  data-\/><\/p>\n<p>Un cambio de paradigma en las temporadas de Remco Evenepoel que coincide con su llegada al Red Bull-BORA-hansgrohe ya que, hasta el momento, \u00fanicamente se hab\u00eda centrado en cl\u00e1sicas monta\u00f1osas, tomando parte de forma habitual en las de las Ardenas, donde ha logrado conquistas la Lieja-Basto\u00f1a-Lieja en en dos ocasiones; y en Il Lombard\u00eda, carrera en la que estuvo a punto de finalizar su trayectoria profesional tras el terrible accidente que sufri\u00f3 en 2020 y en la que ha ocupado plaza en el podio en las dos \u00faltimas disputadas, meritorio frente a un intocable Tadej Pogacar.<\/p>\n<p>Una participaci\u00f3n en la Mil\u00e1n-San Remo que vendr\u00eda motivada por la necesidad de adelantar su preparaci\u00f3n si, tal como parece que apuntan todos los rumores, Remco Evenepoel decide participar en el Giro de Italia.<\/p>\n<p><img class=\" lazyload\" border=\"0\" alt=\"Una Mil\u00e1n-San Remo casi imposible de ganar con Evenepoel, Van der Poel y Pogacar en la salida\" width=\"2560\" height=\"1706\"  data-\/><\/p>\n<p>En cualquier caso, pese a que las fuentes de la Gazzetta dello Sport suelen ser sobradamente consistentes hasta dentro de algo menos de un mes, cuando tengan lugar las primeras concentraciones de pretemporada y despu\u00e9s de conocerse el recorrido del Giro de Italia que ser\u00e1 presentado el pr\u00f3ximo d\u00eda 1 de diciembre y que, seg\u00fan las primeras filtraciones del recorrido, podr\u00eda ser muy apetitoso para Remco Evenepoel al incluir en el trazado una hoy at\u00edpica contrarreloj de 40 kil\u00f3metros.<\/p>\n","protected":false},"excerpt":{"rendered":"No hemos llegado a\u00fan al inicio de la temporada y ya estamos todos ansioso por la llegada del&hellip;\n","protected":false},"author":2,"featured_media":255813,"comment_status":"","ping_status":"","sticky":false,"template":"","format":"standard","meta":{"footnotes":""},"categories":[273],"tags":[313,312,168,25,24,23,167],"class_list":{"0":"post-255812","1":"post","2":"type-post","3":"status-publish","4":"format-standard","5":"has-post-thumbnail","7":"category-ciclismo","8":"tag-ciclismo","9":"tag-cycling","10":"tag-deportes","11":"tag-es","12":"tag-espana","13":"tag-spain","14":"tag-sports"},"share_on_mastodon":{"url":"https:\/\/pubeurope.com\/@es\/115612869136906202","error":""},"_links":{"self":[{"href":"https:\/\/www.europesays.com\/es\/wp-json\/wp\/v2\/posts\/255812","targetHints":{"allow":["GET"]}}],"collection":[{"href":"https:\/\/www.europesays.com\/es\/wp-json\/wp\/v2\/posts"}],"about":[{"href":"https:\/\/www.europesays.com\/es\/wp-json\/wp\/v2\/types\/post"}],"author":[{"embeddable":true,"href":"https:\/\/www.europesays.com\/es\/wp-json\/wp\/v2\/users\/2"}],"replies":[{"embeddable":true,"href":"https:\/\/www.europesays.com\/es\/wp-json\/wp\/v2\/comments?post=255812"}],"version-history":[{"count":0,"href":"https:\/\/www.europesays.com\/es\/wp-json\/wp\/v2\/posts\/255812\/revisions"}],"wp:featuredmedia":[{"embeddable":true,"href":"https:\/\/www.europesays.com\/es\/wp-json\/wp\/v2\/media\/255813"}],"wp:attachment":[{"href":"https:\/\/www.europesays.com\/es\/wp-json\/wp\/v2\/media?parent=255812"}],"wp:term":[{"taxonomy":"category","embeddable":true,"href":"https:\/\/www.europesays.com\/es\/wp-json\/wp\/v2\/categories?post=255812"},{"taxonomy":"post_tag","embeddable":true,"href":"https:\/\/www.europesays.com\/es\/wp-json\/wp\/v2\/tags?post=255812"}],"curies":[{"name":"wp","href":"https:\/\/api.w.org\/{rel}","templated":true}]}}