{"id":255816,"date":"2025-11-25T23:14:09","date_gmt":"2025-11-25T23:14:09","guid":{"rendered":"https:\/\/www.europesays.com\/es\/255816\/"},"modified":"2025-11-25T23:14:09","modified_gmt":"2025-11-25T23:14:09","slug":"lisandro-isei-hans-gillhaus-y-andres-zamora","status":"publish","type":"post","link":"https:\/\/www.europesays.com\/es\/255816\/","title":{"rendered":"Lisandro Isei, Hans Gillhaus y Andr\u00e9s Zamora"},"content":{"rendered":"<p>El Valencia CF ha anunciado c\u00f3mo quedar\u00e1 conformada su nueva estructura deportiva tras el viaje de Ron Gourlay a Singapur y la marcha de Corna al Panathinaikos. La secretar\u00eda t\u00e9cnica<b> incorpora a tres profesionales con experiencia en el f\u00fatbol internacional,<\/b> con el objetivo de potenciar la capacidad del club en el mercado de fichajes, tanto a nivel nacional como internacional.<\/p>\n<p>Como ya informamos en Tribuna Deportiva, los perfiles que ha buscado Ron Gourlay para componer la nueva estructura deportiva se asemejan m\u00e1s a un perfil de scouting que al de un director deportivo al uso en el f\u00fatbol espa\u00f1ol. Los tres profesionales anunciados por el Valencia CF son:<b> Lisandro Isei, Hans Gillhaus y Andr\u00e9s Zamora.<\/b><\/p>\n<ul>\n<li><b>Lisandro Isei:<\/b> Direcci\u00f3n de captaci\u00f3n y scouting, supervisi\u00f3n de an\u00e1lisis de datos y planificaci\u00f3n deportiva global.<\/li>\n<li><b>Hans Gillhaus:<\/b> Coordinaci\u00f3n del scouting en Europa, evaluaci\u00f3n de jugadores y desarrollo de la red de contactos en el continente.<\/li>\n<li><b>Andr\u00e9s Zamora Patacchiola:<\/b> Identificaci\u00f3n de talento en Sudam\u00e9rica, scouting de primer equipo y fortalecimiento de la presencia del club en la regi\u00f3n.<\/li>\n<\/ul>\n","protected":false},"excerpt":{"rendered":"El Valencia CF ha anunciado c\u00f3mo quedar\u00e1 conformada su nueva estructura deportiva tras el viaje de Ron Gourlay&hellip;\n","protected":false},"author":2,"featured_media":255817,"comment_status":"","ping_status":"","sticky":false,"template":"","format":"standard","meta":{"footnotes":""},"categories":[268],"tags":[168,54499,25,24,280,282,281,23,167],"class_list":{"0":"post-255816","1":"post","2":"type-post","3":"status-publish","4":"format-standard","5":"has-post-thumbnail","7":"category-futbol","8":"tag-deportes","9":"tag-destacada-1","10":"tag-es","11":"tag-espana","12":"tag-football","13":"tag-futbol","14":"tag-soccer","15":"tag-spain","16":"tag-sports"},"share_on_mastodon":{"url":"https:\/\/pubeurope.com\/@es\/115612881128518133","error":""},"_links":{"self":[{"href":"https:\/\/www.europesays.com\/es\/wp-json\/wp\/v2\/posts\/255816","targetHints":{"allow":["GET"]}}],"collection":[{"href":"https:\/\/www.europesays.com\/es\/wp-json\/wp\/v2\/posts"}],"about":[{"href":"https:\/\/www.europesays.com\/es\/wp-json\/wp\/v2\/types\/post"}],"author":[{"embeddable":true,"href":"https:\/\/www.europesays.com\/es\/wp-json\/wp\/v2\/users\/2"}],"replies":[{"embeddable":true,"href":"https:\/\/www.europesays.com\/es\/wp-json\/wp\/v2\/comments?post=255816"}],"version-history":[{"count":0,"href":"https:\/\/www.europesays.com\/es\/wp-json\/wp\/v2\/posts\/255816\/revisions"}],"wp:featuredmedia":[{"embeddable":true,"href":"https:\/\/www.europesays.com\/es\/wp-json\/wp\/v2\/media\/255817"}],"wp:attachment":[{"href":"https:\/\/www.europesays.com\/es\/wp-json\/wp\/v2\/media?parent=255816"}],"wp:term":[{"taxonomy":"category","embeddable":true,"href":"https:\/\/www.europesays.com\/es\/wp-json\/wp\/v2\/categories?post=255816"},{"taxonomy":"post_tag","embeddable":true,"href":"https:\/\/www.europesays.com\/es\/wp-json\/wp\/v2\/tags?post=255816"}],"curies":[{"name":"wp","href":"https:\/\/api.w.org\/{rel}","templated":true}]}}