{"id":255818,"date":"2025-11-25T23:15:18","date_gmt":"2025-11-25T23:15:18","guid":{"rendered":"https:\/\/www.europesays.com\/es\/255818\/"},"modified":"2025-11-25T23:15:18","modified_gmt":"2025-11-25T23:15:18","slug":"esta-es-razon-por-la-que-a-karlos-arguinano-le-quitaron-la-estrella-michelin","status":"publish","type":"post","link":"https:\/\/www.europesays.com\/es\/255818\/","title":{"rendered":"Esta es raz\u00f3n por la que a Karlos Argui\u00f1ano le quitaron la estrella Michelin"},"content":{"rendered":"<p data-start=\"74\" data-end=\"549\">Karlos Argui\u00f1ano, el carism\u00e1tico chef vasco que lleva d\u00e9cadas alegrando nuestras pantallas con su delantal, su perejil y su buen humor, ha vuelto a poner sobre la mesa una espinita de su pasado: <strong>la p\u00e9rdida de su estrella Michelin<\/strong>. Aunque muchos lo conocen por su faceta medi\u00e1tica, pocos recuerdan que, mucho antes de abrirse camino en la televisi\u00f3n, <strong>Argui\u00f1ano lleg\u00f3 a poseer ese codiciado galard\u00f3n. \u00bfPor qu\u00e9 se la quitaron? Seg\u00fan \u00e9l, las razones van m\u00e1s all\u00e1 de la cocina.<\/strong> \u00a1Sigue leyendo para descubrirlo!<\/p>\n<p><img decoding=\"async\" loading=\"lazy\" class=\"size-full wp-image-899864\" src=\"https:\/\/www.europesays.com\/es\/wp-content\/uploads\/2025\/11\/angelloeloizaga28-scaled-1.jpg\" alt=\"Karlos Argui\u00f1ano\" width=\"2560\" height=\"1707\"  \/>(Foto: Karlos Argui\u00f1ano)<\/p>\n<p>Curiosamente, este tema ha resurgido justo despu\u00e9s de que habl\u00e1ramos de <a href=\"https:\/\/okdiario.com\/coolthelifestyle\/arquitectura\/casa-karlos-arguinano-pais-vasco-vistas-mar-cocina-lujo-valorada-1-millon-843876\" target=\"_blank\" rel=\"noopener noreferrer nofollow\">su casa en el Pa\u00eds Vasco<\/a>, una villa de ensue\u00f1o valorada en cerca de un mill\u00f3n de euros, con vistas al mar y una cocina de lujo. Esa casa no s\u00f3lo es un reflejo de su \u00e9xito, sino tambi\u00e9n de los muchos admiradores que tiene: quienes siguen su programa cada d\u00eda, leen sus libros de recetas y han visto c\u00f3mo su figura ha trascendido la cocina para convertirse en parte del imaginario popular.<\/p>\n<p data-start=\"551\" data-end=\"970\"><strong>Argui\u00f1ano consigui\u00f3 su estrella Michelin en los a\u00f1os ochenta algunos medios dicen 1985, otros 1986\u2013 por su restaurante en Zarautz<\/strong>, un establecimiento que se hab\u00eda convertido en un referente de la \u00abnueva cocina vasca\u00bb. Pero la distinci\u00f3n no perdur\u00f3 para siempre: <strong>la perdi\u00f3 con el paso de los a\u00f1os<\/strong>, algo que \u00e9l ha comentado en varias ocasiones. Seg\u00fan las propias palabras de Karlos, la retirada se produjo tras su salto a la televisi\u00f3n:<\/p>\n<blockquote>\n<p style=\"text-align: center;\" data-start=\"551\" data-end=\"970\"><strong>\u00abMe dieron una estrella Michelin\u2026 luego me pusieron en la tele y me la quitaron\u00bb<\/strong><\/p>\n<\/blockquote>\n<p data-start=\"972\" data-end=\"1520\">En su opini\u00f3n, parte del desencuentro se debe a una envidia latente: <strong>\u00ab\u00a1Ay! Qu\u00e9 envidia tiene la gente. Sales guapo y no te aguantan\u00bb, ha dicho en tono bromista, sugiriendo que su popularidad y visibilidad medi\u00e1tica no sentaron bien a ciertos cr\u00edticos.<\/strong><\/p>\n<p><img decoding=\"async\" loading=\"lazy\" class=\"size-full wp-image-304305\" src=\"https:\/\/www.europesays.com\/es\/wp-content\/uploads\/2025\/11\/9788408196242.jpeg\" alt=\"1000 recetas de oro, de Karlos Argui\u00f1ano\" width=\"552\" height=\"726\"  \/>(Foto: Planeta)<\/p>\n<p data-start=\"1522\" data-end=\"2207\">Pero no todo es amargura en su relato. Con el paso del tiempo, Argui\u00f1ano ha reflexionado sobre lo que significaba tener una estrella Michelin y ha llegado incluso a verlo como una carga. \u00c9l afirma que, <strong>hoy en d\u00eda, en su restaurante \u00abse come mejor\u00bb: ya no est\u00e1 sometido a la presi\u00f3n de impresionar a un inspector, sino que cocina pensando m\u00e1s en el cliente real<\/strong>. Adem\u00e1s, ha criticado el modelo econ\u00f3mico de muchos restaurantes con estrellas, aludiendo a que estos tienen que diversificar sus ingresos (asesor\u00edas, colaboraciones\u2026) porque mantener un restaurante de alta cocina solo con ventas puede ser dif\u00edcil.<\/p>\n<p data-start=\"2209\" data-end=\"2616\">Para \u00e9l, ya no es tan relevante recuperar esa distinci\u00f3n. En declaraciones anteriores ha dicho que prefiere disfrutar de la cocina sin la tensi\u00f3n de una estrella:<\/p>\n<blockquote>\n<p style=\"text-align: center;\" data-start=\"2209\" data-end=\"2616\"><strong>\u00abPara m\u00ed, el cliente es la estrella\u00bb<\/strong><\/p>\n<\/blockquote>\n<p><img decoding=\"async\" loading=\"lazy\" class=\"size-full wp-image-899892\" src=\"https:\/\/www.europesays.com\/es\/wp-content\/uploads\/2025\/11\/840_560.jpg\" alt=\"Karlos Argui\u00f1ano, Zarautz\" width=\"840\" height=\"560\"  \/>(Foto: Restaurante Karlos Argui\u00f1ano)<\/p>\n<p data-start=\"2209\" data-end=\"2616\">A su modo de ver,<strong> los peque\u00f1os placeres, la espontaneidad y la conexi\u00f3n con quienes van a su restaurante pesan m\u00e1s que un reconocimiento simb\u00f3lico en una gu\u00eda.<\/strong><\/p>\n<p data-start=\"3079\" data-end=\"3500\">En definitiva, la historia de Argui\u00f1ano y su estrella Michelin perdida no es s\u00f3lo una an\u00e9cdota: es un espejo de los prejuicios de una \u00e9poca, de la tensi\u00f3n entre la alta gastronom\u00eda y el espect\u00e1culo televisivo, y de c\u00f3mo un chef puede reinventarse sin renunciar a sus valores. A pesar de haber dejado atr\u00e1s ese distintivo, su legado sigue m\u00e1s vivo que nunca, tanto en su restaurante como en el coraz\u00f3n de sus seguidores.<\/p>\n","protected":false},"excerpt":{"rendered":"Karlos Argui\u00f1ano, el carism\u00e1tico chef vasco que lleva d\u00e9cadas alegrando nuestras pantallas con su delantal, su perejil y&hellip;\n","protected":false},"author":2,"featured_media":255819,"comment_status":"","ping_status":"","sticky":false,"template":"","format":"standard","meta":{"footnotes":""},"categories":[174],"tags":[255,146,147,25,24,256,23],"class_list":{"0":"post-255818","1":"post","2":"type-post","3":"status-publish","4":"format-standard","5":"has-post-thumbnail","7":"category-famosos","8":"tag-celebrities","9":"tag-entertainment","10":"tag-entretenimiento","11":"tag-es","12":"tag-espana","13":"tag-famosos","14":"tag-spain"},"share_on_mastodon":{"url":"https:\/\/pubeurope.com\/@es\/115612885437745059","error":""},"_links":{"self":[{"href":"https:\/\/www.europesays.com\/es\/wp-json\/wp\/v2\/posts\/255818","targetHints":{"allow":["GET"]}}],"collection":[{"href":"https:\/\/www.europesays.com\/es\/wp-json\/wp\/v2\/posts"}],"about":[{"href":"https:\/\/www.europesays.com\/es\/wp-json\/wp\/v2\/types\/post"}],"author":[{"embeddable":true,"href":"https:\/\/www.europesays.com\/es\/wp-json\/wp\/v2\/users\/2"}],"replies":[{"embeddable":true,"href":"https:\/\/www.europesays.com\/es\/wp-json\/wp\/v2\/comments?post=255818"}],"version-history":[{"count":0,"href":"https:\/\/www.europesays.com\/es\/wp-json\/wp\/v2\/posts\/255818\/revisions"}],"wp:featuredmedia":[{"embeddable":true,"href":"https:\/\/www.europesays.com\/es\/wp-json\/wp\/v2\/media\/255819"}],"wp:attachment":[{"href":"https:\/\/www.europesays.com\/es\/wp-json\/wp\/v2\/media?parent=255818"}],"wp:term":[{"taxonomy":"category","embeddable":true,"href":"https:\/\/www.europesays.com\/es\/wp-json\/wp\/v2\/categories?post=255818"},{"taxonomy":"post_tag","embeddable":true,"href":"https:\/\/www.europesays.com\/es\/wp-json\/wp\/v2\/tags?post=255818"}],"curies":[{"name":"wp","href":"https:\/\/api.w.org\/{rel}","templated":true}]}}