{"id":255824,"date":"2025-11-25T23:19:09","date_gmt":"2025-11-25T23:19:09","guid":{"rendered":"https:\/\/www.europesays.com\/es\/255824\/"},"modified":"2025-11-25T23:19:09","modified_gmt":"2025-11-25T23:19:09","slug":"natalia-lacunza-n2stal5ia-jenesaispop-com","status":"publish","type":"post","link":"https:\/\/www.europesays.com\/es\/255824\/","title":{"rendered":"Natalia Lacunza \/ N2STAL5IA \u2013 jenesaispop.com"},"content":{"rendered":"<p>Escribe Grafton Tanner en su ensayo \u2018<a href=\"http:\/\/www.alphadecay.org\/libro\/las-horas-han-perdido-su-reloj\/\" rel=\"nofollow noopener\" target=\"_blank\">Las horas han perdido su reloj<\/a>\u2018 (2021) que la nostalgia \u00abes una manera en la que podemos enfrentar la inevitabilidad y aceptar la devastadora realidad de que algunas cosas desaparecen\u00bb. Natalia Lacunza habla en las entrevistas sobre su nuevo disco de la p\u00e9rdida de \u00abreferencias\u00bb y de un \u00abc\u00edrculo concreto\u00bb que la ha marcado, llev\u00e1ndola a preguntarse si lo que hace realmente \u00abes suficiente\u00bb y a desconectarse de su \u00abdeseo e instinto creativo\u00bb.<\/p>\n<p>Lacunza se refiere en concreto a la \u00abcrisis de los 25\u00bb, que tanto <a href=\"https:\/\/jenesaispop.com\/2015\/11\/20\/243926\/adele-25\/\" rel=\"nofollow noopener\" target=\"_blank\">inspir\u00f3 a Adele<\/a>. Ella misma cantaba en \u2018Hello\u2019 que \u00abel tiempo lo cura todo, pero yo no me he curado mucho\u00bb (que, as\u00ed traducida, parece una letra de Amaia), y ese sentimiento atraviesa \u2018N2STAL5IA\u2019, un disco de t\u00edtulo \u00abdisl\u00e9xico\u00bb que suena como una cicatriz cerr\u00e1ndose poco a poco.<\/p>\n<p>El segundo \u00e1lbum de Lacunza recorre un arco emocional que va desde la angustia en \u2018Apego feroz\u2019, el himno de estilo indie-pop-rock que abre el \u00e1lbum, con <a href=\"https:\/\/jenesaispop.com\/2025\/10\/19\/509084\/barry-b-entrevista\/\" rel=\"nofollow noopener\" target=\"_blank\">Barry B<\/a> perceptiblemente entre sus autores, hasta algo parecido a la paz en la preciosa canci\u00f3n de cierre, la buc\u00f3lica \u2018Plastilina\u2019, donde Lacunza se aferra a la esperanza de un d\u00eda volver a \u00abser de aire y volar ligero\u00bb.<\/p>\n<p>Como un beb\u00e9 que aprende a caminar (en \u2018UnDosTres\u2019), pero que ahora tiene 25 a\u00f1os y se enfrenta al camino de la vida, Lacunza transmite emociones de forma transparente. Se permite una \u00abrabieta\u00bb en el single \u2018Sabes Qu\u00e9???\u2019, de aires post-punk, porque desea dejar de ser \u00abcorrecta\u00bb y dinamitarlo todo; se sumerge en la apat\u00eda en \u2018Canciones sobre nada\u2019, de sonido indietr\u00f3nico; y en \u2018Lo de antes\u2019 ofrece una mezcla de calma y resignaci\u00f3n que conduce al hallazgo de la luz.<\/p>\n<p>En medio, Lacunza busca anestesiar el dolor en el funky \u2018<a href=\"https:\/\/jenesaispop.com\/2025\/05\/13\/498995\/natalia-lacunza-castigo\/\" rel=\"nofollow noopener\" target=\"_blank\">Un castigo<\/a>\u2018, con Jesse Baez, uno de sus mejores singles. A pesar de haber dudado de su propio talento durante la creaci\u00f3n de este disco, las melod\u00edas de \u2018N2STAL6IA\u2019 muestran una sensibilidad extraordinaria, muy evidente en esta canci\u00f3n llena de melancol\u00eda, pero tambi\u00e9n en la bossa de \u2018R\u00e1pido\u2019 o \u2018Te enamoraste\u2019, con la holandesa BEA1991, que, a su delicado paisaje bedroom-pop, suma lo que parece una referencia al gran cl\u00e1sico de Radio Futura. \u00abPara enamorarse hace falta valor\u00bb, canta la madrile\u00f1a.<\/p>\n<p>Creado junto a su mano derecha Pau Riutort y desarrollado con contribuciones de Diego 900, Gara Dur\u00e1n, Andry Kiddos, Teresa Guti\u00e9rrez (Ganges) o Pablo Stipicic, \u2018N2STAL5IA\u2019 es un disco continuista que no lleva la propuesta de Lacunza a un siguiente nivel evidente, pero s\u00ed da una vuelta diferente a la f\u00f3rmula del disco anterior, \u2018<a href=\"https:\/\/jenesaispop.com\/2022\/06\/15\/435788\/natalia-lacunza-tiene-que-ser-para-mi\/\" rel=\"nofollow noopener\" target=\"_blank\">Tiene que ser para m\u00ed<\/a>\u2018 (2022), uno de los mejores debuts de la historia de Operaci\u00f3n Triunfo, si no el mejor y con perd\u00f3n de Vega.<\/p>\n<p>Predomina una sensibilidad bedroom-pop e indietr\u00f3nica en cortes como \u2018Canciones sobre nada\u2019, \u2018Lo de antes\u2019 o la electr\u00f3nica \u2018Faber Castell\u2019. El detalle en la producci\u00f3n sigue siendo minucioso (\u2018Plastilina\u2019), y la exploraci\u00f3n de estilos nuevos lleva a Lacunza a marcarse una preciosa bossa en \u2018R\u00e1pido\u2019, o a subirse a lo que parece un ritmo de dembow acelerado en la pegadiza \u2018<a href=\"https:\/\/jenesaispop.com\/2025\/10\/24\/510038\/natalia-lacunza-disco-singapur\/\" rel=\"nofollow noopener\" target=\"_blank\">Singapur<\/a>\u2018. Otras pistas, como la trap-pop \u2018Mal de 2\u2019, desconciertan sonando al pop de hace un lustro.<\/p>\n<p>Aunque \u2018Singapur\u2019 es demasiado breve para producir un impacto duradero, y ese es el problema de varias pistas de \u2018N2STAL6IA\u2019. De manera notoria, la folki \u2018NOKIA\u2019 podr\u00eda haber sido la mejor canci\u00f3n del disco, pero Lacunza la cierra antes de que alcance los dos minutos. Esto, unido a que las composiciones no muestran una evoluci\u00f3n clara, y al menor impacto de algunos cortes como \u2018Mal de 2\u2019 o \u2018Lo de antes\u2019, deja la sensaci\u00f3n de disco continuista.<\/p>\n<p>Quiz\u00e1 no era una opci\u00f3n abandonar por completo el estilo del disco anterior, que personalmente escuch\u00e9 hasta la obsesi\u00f3n -y me consta que otras personas tambi\u00e9n-, record\u00e1ndome aquellos v\u00ednculos que de peque\u00f1os establecemos con la m\u00fasica y los discos que nos marcan. <\/p>\n<p>La pieza m\u00e1s radical de \u2018N2STAL5IA\u2019 es, de hecho, una balada a piano devastadora llamada \u2018<a href=\"https:\/\/jenesaispop.com\/2025\/10\/03\/508332\/natalia-lacunza-gira-2026\/\" rel=\"nofollow noopener\" target=\"_blank\">Tu culito<\/a>\u2018. Alguien dice que \u00abes como escuchar una letra de reguet\u00f3n en 0,5x\u00bb, y es cierto. Es una muestra de lo necesario que es el pop de Natalia Lacunza en la m\u00fasica actual. Aunque ella dude, sus canciones siguen siendo tremendamente personales, y a\u00fan son capaces de generar un \u00abapego feroz\u00bb.<\/p>\n","protected":false},"excerpt":{"rendered":"Escribe Grafton Tanner en su ensayo \u2018Las horas han perdido su reloj\u2018 (2021) que la nostalgia \u00abes una&hellip;\n","protected":false},"author":2,"featured_media":253409,"comment_status":"","ping_status":"","sticky":false,"template":"","format":"standard","meta":{"footnotes":""},"categories":[170],"tags":[146,147,25,24,184,185,23],"class_list":{"0":"post-255824","1":"post","2":"type-post","3":"status-publish","4":"format-standard","5":"has-post-thumbnail","7":"category-musica","8":"tag-entertainment","9":"tag-entretenimiento","10":"tag-es","11":"tag-espana","12":"tag-music","13":"tag-musica","14":"tag-spain"},"share_on_mastodon":{"url":"https:\/\/pubeurope.com\/@es\/115612900885170470","error":""},"_links":{"self":[{"href":"https:\/\/www.europesays.com\/es\/wp-json\/wp\/v2\/posts\/255824","targetHints":{"allow":["GET"]}}],"collection":[{"href":"https:\/\/www.europesays.com\/es\/wp-json\/wp\/v2\/posts"}],"about":[{"href":"https:\/\/www.europesays.com\/es\/wp-json\/wp\/v2\/types\/post"}],"author":[{"embeddable":true,"href":"https:\/\/www.europesays.com\/es\/wp-json\/wp\/v2\/users\/2"}],"replies":[{"embeddable":true,"href":"https:\/\/www.europesays.com\/es\/wp-json\/wp\/v2\/comments?post=255824"}],"version-history":[{"count":0,"href":"https:\/\/www.europesays.com\/es\/wp-json\/wp\/v2\/posts\/255824\/revisions"}],"wp:featuredmedia":[{"embeddable":true,"href":"https:\/\/www.europesays.com\/es\/wp-json\/wp\/v2\/media\/253409"}],"wp:attachment":[{"href":"https:\/\/www.europesays.com\/es\/wp-json\/wp\/v2\/media?parent=255824"}],"wp:term":[{"taxonomy":"category","embeddable":true,"href":"https:\/\/www.europesays.com\/es\/wp-json\/wp\/v2\/categories?post=255824"},{"taxonomy":"post_tag","embeddable":true,"href":"https:\/\/www.europesays.com\/es\/wp-json\/wp\/v2\/tags?post=255824"}],"curies":[{"name":"wp","href":"https:\/\/api.w.org\/{rel}","templated":true}]}}