{"id":255825,"date":"2025-11-25T23:20:13","date_gmt":"2025-11-25T23:20:13","guid":{"rendered":"https:\/\/www.europesays.com\/es\/255825\/"},"modified":"2025-11-25T23:20:13","modified_gmt":"2025-11-25T23:20:13","slug":"el-mundo-de-frozen-en-disneyland-paris-vendra-con-un-as-bajo-la-manga-un-olaf-realista-parlante","status":"publish","type":"post","link":"https:\/\/www.europesays.com\/es\/255825\/","title":{"rendered":"El mundo de Frozen en Disneyland Par\u00eds vendr\u00e1 con un as bajo la manga: un Olaf realista parlante"},"content":{"rendered":"<p>Las mascotas se mantienen uno de los pilares indispensables de la experiencia de los parques Disney, y estas se est\u00e1n volviendo cada vez m\u00e1s realistas. Este a\u00f1o Disneyland cumple 70 a\u00f1os, y supone un punto de inflexi\u00f3n en su uso de la rob\u00f3tica. En septiembre <a class=\"text-outboundlink\" href=\"https:\/\/www.espinof.com\/entretenimiento\/disneyland-quiere-hacer-realidad-mundo-star-wars-sus-droides-estan-empezando-a-utilizar-inteligencia-artificial\" data-vars-post-title=\"Disneyland quiere hacer realidad el mundo de Star Wars. Sus droides est\u00e1n empezando a utilizar inteligencia artificial\" data-vars-post-url=\"https:\/\/www.espinof.com\/entretenimiento\/disneyland-quiere-hacer-realidad-mundo-star-wars-sus-droides-estan-empezando-a-utilizar-inteligencia-artificial\" rel=\"nofollow noopener\" target=\"_blank\">presentaban<\/a> los droides BDX de Star Wars, que hac\u00edan uso de inteligencia artificial para mostrar un comportamiento m\u00e1s naturalista que cualquier animatr\u00f3nico tradicional.<\/p>\n<p>Aquello era solo el principio. La \u00faltima creaci\u00f3n, que la compa\u00f1\u00eda <a rel=\"noopener, noreferrer nofollow\" href=\"https:\/\/disneyparksblog.com\/disney-experiences\/robotic-olaf-marks-new-era-of-disney-innovation\/\" target=\"_blank\">present\u00f3 ayer<\/a> orgullosamente, se va al mundo de <a class=\"text-outboundlink\" href=\"https:\/\/www.espinof.com\/animacion\/frozen-es-la-mejor-pelicula-animada-de-2013\" data-vars-post-title=\"&#039;Frozen&#039; es la mejor pel\u00edcula animada de 2013 \" data-vars-post-url=\"https:\/\/www.espinof.com\/animacion\/frozen-es-la-mejor-pelicula-animada-de-2013\" rel=\"nofollow noopener\" target=\"_blank\">&#8216;Frozen&#8217;<\/a> y hace realidad a Olaf, el mu\u00f1eco de nieve favorito de los espectadores. El personajillo llegar\u00e1 a dos parques Disney proximamente: Disneyland Paris (donde rondar\u00e1 por la nueva \u00e1rea de Frozen) y una aparici\u00f3n limitada en el parque de Hong Kong.<\/p>\n<p>                   <img class=\"centro_sinmarco\" height=\"1435\" width=\"2552\" loading=\"lazy\" decoding=\"async\"  fetchpriority=\"high\"  src=\"https:\/\/www.europesays.com\/es\/wp-content\/uploads\/2025\/11\/1764112812_888_450_1000.jpeg\" alt=\"Olaf\"\/><\/p>\n<p>En un <a rel=\"noopener, noreferrer nofollow\" href=\"https:\/\/youtu.be\/EoPN02bmzrE?si=j28CjI9t4Vcb45FQ\" target=\"_blank\">v\u00eddeo<\/a> presentado por Walt Disney Imageneering podemos verlo en movimiento, y el resultado es bastante sorprendente. El robotillo luce exactamente como esperar\u00edas que luzca el personaje en la vida real, se mueve y gesticula igual. En cierto momento vemos como interact\u00faan con \u00e9l, haciendo gags como quitarle la nariz. Todo eso vuelve a ser posible a trav\u00e9s del uso del aprendizaje autom\u00e1tico, con el que los ingenieros no tienen que programar todas y cada una de sus acciones posibles.<\/p>\n<p><strong>Desde la compa\u00f1\u00eda lo presentan como el mayor desaf\u00edo hasta ahora<\/strong>. Lo es a nivel de la ingenier\u00eda, con un personaje que tiene un caminar de forma m\u00e1s natural que los droides anteriores. Lo es tambi\u00e9n en el espacio de la inteligencia artificial. Este es el primer personaje que tiene que hablar y tener conversaciones con sentido, as\u00ed que habr\u00e1 que esperar a que llegue al p\u00fablico para ver si realmente est\u00e1 preparado para interacciones reales y no los casos de prueba propuestos.<\/p>\n<p>    <a href=\"https:\/\/www.xataka.com\/medicina-y-salud\/poner-cuatro-gallinas-patio-parecia-buena-idea-para-tener-huevos-baratos-gripe-aviar-acaba-cambiar-reglas-juego\" class=\"pivot-outboundlink\" target=\"_blank\" data-vars-post-title=\"Poner cuatro gallinas en el patio parec\u00eda una buena idea para tener huevos baratos. La gripe aviar acaba de cambiar las reglas del juego \" rel=\"nofollow noopener\"><br \/>\n     <img loading=\"lazy\" decoding=\"async\" alt=\"Poner cuatro gallinas en el patio parec\u00eda una buena idea para tener huevos baratos. La gripe aviar acaba de cambiar las reglas del juego \" width=\"375\" height=\"142\" src=\"https:\/\/www.europesays.com\/es\/wp-content\/uploads\/2025\/11\/1764112813_339_375_142.jpeg\"\/><br \/>\n    <\/a><\/p>\n<p>El \u00e1rea de World of Frozen abre el <strong>26 de marzo de 2026. <\/strong>Olaf ser\u00e1 solo una de las propuestas para una nueva zona que incluye una exhaustiva recreaci\u00f3n del reino de Arandelle y donde la atracci\u00f3n principal ser\u00e1 Frozen Ever After, un paseo fluvial en barco tematizado. Esta ser\u00e1 tambi\u00e9n la ocasi\u00f3n para un hist\u00f3rico rebranding del parque, que pasar\u00e1 de llamarse Disneyland Par\u00eds a Disney Adventure World.<\/p>\n<p>Im\u00e1genes: Walt Disney Imageneering (Youtube)<\/p>\n<p>En Espinof | <a class=\"text-outboundlink\" href=\"https:\/\/www.espinof.com\/divulgacion\/cinco-muertes-han-ocurrido-disney-world-ultimo-mes-ninguna-esta-relacionada-seguridad-parque\" data-vars-post-title=\"Cinco muertes han ocurrido en Disney World en el \u00faltimo mes. Ninguna est\u00e1 relacionada con la seguridad del parque\" data-vars-post-url=\"https:\/\/www.espinof.com\/divulgacion\/cinco-muertes-han-ocurrido-disney-world-ultimo-mes-ninguna-esta-relacionada-seguridad-parque\" rel=\"nofollow noopener\" target=\"_blank\">Cinco muertes han ocurrido en Disney World en el \u00faltimo mes. Ninguna est\u00e1 relacionada con la seguridad del parque<\/a><\/p>\n<p>En Espinof | <a class=\"text-outboundlink\" href=\"https:\/\/www.espinof.com\/entretenimiento\/dentro-ano-podras-estar-mundo-pokemon-literalmente-este-parque-tematico-japones-quiere-recrearlo\" data-vars-post-title=\"Dentro de un a\u00f1o podr\u00e1s estar en el mundo de Pok\u00e9mon, literalmente: este parque tem\u00e1tico japon\u00e9s quiere recrearlo\" data-vars-post-url=\"https:\/\/www.espinof.com\/entretenimiento\/dentro-ano-podras-estar-mundo-pokemon-literalmente-este-parque-tematico-japones-quiere-recrearlo\" rel=\"nofollow noopener\" target=\"_blank\">Dentro de un a\u00f1o podr\u00e1s estar en el mundo de Pok\u00e9mon, literalmente: este parque tem\u00e1tico japon\u00e9s quiere recrearlo<\/a><\/p>\n","protected":false},"excerpt":{"rendered":"Las mascotas se mantienen uno de los pilares indispensables de la experiencia de los parques Disney, y estas&hellip;\n","protected":false},"author":2,"featured_media":255826,"comment_status":"","ping_status":"","sticky":false,"template":"","format":"standard","meta":{"footnotes":""},"categories":[169],"tags":[177,146,147,25,24,176,175,23],"class_list":{"0":"post-255825","1":"post","2":"type-post","3":"status-publish","4":"format-standard","5":"has-post-thumbnail","7":"category-cine","8":"tag-cine","9":"tag-entertainment","10":"tag-entretenimiento","11":"tag-es","12":"tag-espana","13":"tag-film","14":"tag-movies","15":"tag-spain"},"share_on_mastodon":{"url":"https:\/\/pubeurope.com\/@es\/115612904994654870","error":""},"_links":{"self":[{"href":"https:\/\/www.europesays.com\/es\/wp-json\/wp\/v2\/posts\/255825","targetHints":{"allow":["GET"]}}],"collection":[{"href":"https:\/\/www.europesays.com\/es\/wp-json\/wp\/v2\/posts"}],"about":[{"href":"https:\/\/www.europesays.com\/es\/wp-json\/wp\/v2\/types\/post"}],"author":[{"embeddable":true,"href":"https:\/\/www.europesays.com\/es\/wp-json\/wp\/v2\/users\/2"}],"replies":[{"embeddable":true,"href":"https:\/\/www.europesays.com\/es\/wp-json\/wp\/v2\/comments?post=255825"}],"version-history":[{"count":0,"href":"https:\/\/www.europesays.com\/es\/wp-json\/wp\/v2\/posts\/255825\/revisions"}],"wp:featuredmedia":[{"embeddable":true,"href":"https:\/\/www.europesays.com\/es\/wp-json\/wp\/v2\/media\/255826"}],"wp:attachment":[{"href":"https:\/\/www.europesays.com\/es\/wp-json\/wp\/v2\/media?parent=255825"}],"wp:term":[{"taxonomy":"category","embeddable":true,"href":"https:\/\/www.europesays.com\/es\/wp-json\/wp\/v2\/categories?post=255825"},{"taxonomy":"post_tag","embeddable":true,"href":"https:\/\/www.europesays.com\/es\/wp-json\/wp\/v2\/tags?post=255825"}],"curies":[{"name":"wp","href":"https:\/\/api.w.org\/{rel}","templated":true}]}}