{"id":255831,"date":"2025-11-25T23:24:11","date_gmt":"2025-11-25T23:24:11","guid":{"rendered":"https:\/\/www.europesays.com\/es\/255831\/"},"modified":"2025-11-25T23:24:11","modified_gmt":"2025-11-25T23:24:11","slug":"rayos-gamma-que-podrian-proceder-de-particulas-de-materia-oscura","status":"publish","type":"post","link":"https:\/\/www.europesays.com\/es\/255831\/","title":{"rendered":"Rayos gamma que podr\u00edan proceder de part\u00edculas de materia oscura"},"content":{"rendered":"<p lang=\"ES-ES\" xml:lang=\"ES-ES\">\u00abLa b\u00fasqueda de la materia oscura, cuya existencia en forma de part\u00edculas es solo una hip\u00f3tesis sin contraste experimental, es una de las b\u00fasquedas m\u00e1s dif\u00edciles a las que se ha enfrentado la F\u00edsica en los \u00faltimos 100 a\u00f1os; es uno de los \u2018santos griales\u2019 de la F\u00edsica que, hasta la fecha, ha resultado infructuosa. El sat\u00e9lite de rayos gamma\u00a0Fermi de la NASA lleva operando m\u00e1s de 15 a\u00f1os, siendo unos de sus objetivos la identificaci\u00f3n de rayos gamma hipot\u00e9ticamente producidos por la aniquilaci\u00f3n de part\u00edculas de materia oscura. La colaboraci\u00f3n internacional Fermi, formada por aproximadamente por 150 cient\u00edficos de todo el mundo (no solo de la NASA), es de las que mejor conocen el experimento, y la que m\u00e1s tiempo ha dedicado a estudiar la regi\u00f3n de la galaxia a la que se refiere el art\u00edculo. Es una regi\u00f3n especialmente complicada por la cantidad de fuentes y procesos \u2018est\u00e1ndar\u2019 que pueden dar lugar a rayos gamma que podr\u00edan imitar a aquellos provenientes de materia oscura.\u00a0\u00a0\u00a0<\/p>\n<p lang=\"ES-ES\" xml:lang=\"ES-ES\">Dicha colaboraci\u00f3n lleva todo este tiempo buscando evidencias de materia oscura en distintas regiones del cielo, incluida nuestra galaxia, realizando an\u00e1lisis muy cuidadosos, contrastados por decenas de expertos. Y no ha encontrado ninguna evidencia estad\u00edsticamente significativa de rayos gamma provenientes de materia oscura. Si lo hubiera hecho, el anuncio llegar\u00eda de forma oficial por parte de la NASA, se hubiera enviado a Nature y significar\u00eda un premio Nobel al a\u00f1o siguiente. \u00a0\u00a0\u00a0\u00a0<\/p>\n<p lang=\"ES-ES\" xml:lang=\"ES-ES\">Dicho todo esto, la colaboraci\u00f3n internacional Fermi pone a disposici\u00f3n p\u00fablica la informaci\u00f3n de todos los rayos gamma que ha observado para que investigadores externos a la colaboraci\u00f3n, como es el caso del autor de este trabajo, puedan analizarlos. En algunas ocasiones, alguno de estos investigadores ha encontrado alguna detecci\u00f3n \u2018menor\u2019 (no relacionada con la materia oscura) que se les hab\u00eda paso por alto a los investigadores de la colaboraci\u00f3n Fermi, pero trat\u00e1ndose de una b\u00fasqueda tan codiciada, me resultar\u00eda muy extra\u00f1o que esta detecci\u00f3n de rayos gamma producidos por part\u00edculas de materia oscura se les hubiera pasado por alto\u201d.\u00a0<\/p>\n<p lang=\"ES-ES\" xml:lang=\"ES-ES\">\u00bfLa investigaci\u00f3n es de buena calidad? \u00a0\u00a0\u00a0<\/p>\n<p lang=\"ES-ES\" xml:lang=\"ES-ES\">\u201cNo demasiado\u201d. \u00a0<\/p>\n<p lang=\"ES-ES\" xml:lang=\"ES-ES\">\u00bfEncaja con la evidencia existente?\u00a0\u00a0\u00a0<\/p>\n<p lang=\"ES-ES\" xml:lang=\"ES-ES\">\u201cNo. El mismo autor dice que la media que obtiene est\u00e1 fuera de los l\u00edmites de exclusi\u00f3n obtenidos por la colaboraci\u00f3n Fermi\u201d.\u00a0<\/p>\n<p lang=\"ES-ES\" xml:lang=\"ES-ES\">\u00bfQu\u00e9 implicaciones tiene este hallazgo?\u00a0\u00a0\u00a0<\/p>\n<p lang=\"ES-ES\" xml:lang=\"ES-ES\">\u201cSi lo confirmara\u00a0oficialmente la colaboraci\u00f3n Fermi, cosa que dudo mucho, y de la \u00fanica de la que yo personalmente me fiar\u00eda, ser\u00eda efectivamente encontrar uno de los santos griales de la F\u00edsica, abrir\u00eda la puerta a F\u00edsica m\u00e1s all\u00e1 del Modelo Est\u00e1ndar de f\u00edsica de part\u00edculas, etc.\u201d \u00a0\u00a0\u00a0\u00a0<\/p>\n<p lang=\"ES-ES\" xml:lang=\"ES-ES\">\u00bfEs correcto decir, como en la nota de prensa, que podr\u00eda ser la \u201cprimera vez que se ha \u201cvisto\u201d la materia oscura\u201d?\u00a0<\/p>\n<p lang=\"ES-ES\" xml:lang=\"ES-ES\">\u201cNo, en el sentido de que no se ha visto, sino que se propone como un indicio, que yo considerar\u00eda poco fiable. Y ya ha habido en los \u00faltimos 20 a\u00f1os m\u00e1s indicios de materia oscura, que finalmente han sido descartados\u201d.\u00a0 \u00a0<\/p>\n","protected":false},"excerpt":{"rendered":"\u00abLa b\u00fasqueda de la materia oscura, cuya existencia en forma de part\u00edculas es solo una hip\u00f3tesis sin contraste&hellip;\n","protected":false},"author":2,"featured_media":255832,"comment_status":"","ping_status":"","sticky":false,"template":"","format":"standard","meta":{"footnotes":""},"categories":[81],"tags":[17006,119,123,124,64352,25,24,117,121,122,23,118,120],"class_list":{"0":"post-255831","1":"post","2":"type-post","3":"status-publish","4":"format-standard","5":"has-post-thumbnail","7":"category-ciencia-y-tecnologia","8":"tag-astrofisica","9":"tag-ciencia","10":"tag-ciencia-y-tecnologia","11":"tag-cienciaytecnologia","12":"tag-cosmologia","13":"tag-es","14":"tag-espana","15":"tag-science","16":"tag-science-and-technology","17":"tag-scienceandtechnology","18":"tag-spain","19":"tag-technology","20":"tag-tecnologia"},"share_on_mastodon":{"url":"https:\/\/pubeurope.com\/@es\/115612920558389563","error":""},"_links":{"self":[{"href":"https:\/\/www.europesays.com\/es\/wp-json\/wp\/v2\/posts\/255831","targetHints":{"allow":["GET"]}}],"collection":[{"href":"https:\/\/www.europesays.com\/es\/wp-json\/wp\/v2\/posts"}],"about":[{"href":"https:\/\/www.europesays.com\/es\/wp-json\/wp\/v2\/types\/post"}],"author":[{"embeddable":true,"href":"https:\/\/www.europesays.com\/es\/wp-json\/wp\/v2\/users\/2"}],"replies":[{"embeddable":true,"href":"https:\/\/www.europesays.com\/es\/wp-json\/wp\/v2\/comments?post=255831"}],"version-history":[{"count":0,"href":"https:\/\/www.europesays.com\/es\/wp-json\/wp\/v2\/posts\/255831\/revisions"}],"wp:featuredmedia":[{"embeddable":true,"href":"https:\/\/www.europesays.com\/es\/wp-json\/wp\/v2\/media\/255832"}],"wp:attachment":[{"href":"https:\/\/www.europesays.com\/es\/wp-json\/wp\/v2\/media?parent=255831"}],"wp:term":[{"taxonomy":"category","embeddable":true,"href":"https:\/\/www.europesays.com\/es\/wp-json\/wp\/v2\/categories?post=255831"},{"taxonomy":"post_tag","embeddable":true,"href":"https:\/\/www.europesays.com\/es\/wp-json\/wp\/v2\/tags?post=255831"}],"curies":[{"name":"wp","href":"https:\/\/api.w.org\/{rel}","templated":true}]}}