{"id":255839,"date":"2025-11-25T23:28:14","date_gmt":"2025-11-25T23:28:14","guid":{"rendered":"https:\/\/www.europesays.com\/es\/255839\/"},"modified":"2025-11-25T23:28:14","modified_gmt":"2025-11-25T23:28:14","slug":"seguridad-de-los-juguetes-como-las-nuevas-normas-de-la-ue-protegen-a-la-infancia-temas","status":"publish","type":"post","link":"https:\/\/www.europesays.com\/es\/255839\/","title":{"rendered":"Seguridad de los juguetes: c\u00f3mo las nuevas normas de la UE protegen a la infancia | Temas"},"content":{"rendered":"<p>M\u00e1s sustancias qu\u00edmicas prohibidas<\/p>\n<p data-start=\"716\" data-end=\"918\">El nuevo reglamento de seguridad de los juguetes proh\u00edbe el uso de sustancias disruptoras endocrinas, sustancias da\u00f1inas para el sistema respiratorio y qu\u00edmicos t\u00f3xicos para la piel y otros \u00f3rganos.<\/p>\n<p data-start=\"920\" data-end=\"1156\">A propuesta de los eurodiputados, las normas tambi\u00e9n vetan el uso intencionado de las sustancias perfluoroalquiladas y polifluoroalquiladas (PFAS), conocidas como \u201c<a href=\"https:\/\/www.europarl.europa.eu\/topics\/es\/article\/20220930STO41917\/contaminantes-persistentes-la-ue-trabaja-para-reducir-los-quimicos-nocivos\" target=\"_blank\" rel=\"noopener nofollow\">qu\u00edmicos eternos<\/a>\u201d por su enorme persistencia en el medio ambiente.<\/p>\n<p data-start=\"1158\" data-end=\"1342\">Los juguetes destinados a menores de 3 a\u00f1os, o que los ni\u00f1os puedan llevarse a la boca, no pueden contener fragancias alerg\u00e9nicas. El uso de conservantes tambi\u00e9n queda restringido.<\/p>\n<p data-start=\"1344\" data-end=\"1449\">La Comisi\u00f3n Europea tendr\u00e1 la autoridad para retirar juguetes del mercado si aparecen nuevos riesgos.<\/p>\n","protected":false},"excerpt":{"rendered":"M\u00e1s sustancias qu\u00edmicas prohibidas El nuevo reglamento de seguridad de los juguetes proh\u00edbe el uso de sustancias disruptoras&hellip;\n","protected":false},"author":2,"featured_media":255840,"comment_status":"","ping_status":"","sticky":false,"template":"","format":"standard","meta":{"footnotes":""},"categories":[5],"tags":[17,18,25,24,13,14,11,19,20,9,10,15,16,43340,23,12,21,22],"class_list":{"0":"post-255839","1":"post","2":"type-post","3":"status-publish","4":"format-standard","5":"has-post-thumbnail","7":"category-titulares","8":"tag-breaking-news","9":"tag-breakingnews","10":"tag-es","11":"tag-espana","12":"tag-featured-news","13":"tag-featurednews","14":"tag-headlines","15":"tag-latest-news","16":"tag-latestnews","17":"tag-news","18":"tag-noticias","19":"tag-noticias-destacadas","20":"tag-noticiasdestacadas","21":"tag-producttypestory","22":"tag-spain","23":"tag-titulares","24":"tag-ultimas-noticias","25":"tag-ultimasnoticias"},"share_on_mastodon":{"url":"https:\/\/pubeurope.com\/@es\/115612935977407313","error":""},"_links":{"self":[{"href":"https:\/\/www.europesays.com\/es\/wp-json\/wp\/v2\/posts\/255839","targetHints":{"allow":["GET"]}}],"collection":[{"href":"https:\/\/www.europesays.com\/es\/wp-json\/wp\/v2\/posts"}],"about":[{"href":"https:\/\/www.europesays.com\/es\/wp-json\/wp\/v2\/types\/post"}],"author":[{"embeddable":true,"href":"https:\/\/www.europesays.com\/es\/wp-json\/wp\/v2\/users\/2"}],"replies":[{"embeddable":true,"href":"https:\/\/www.europesays.com\/es\/wp-json\/wp\/v2\/comments?post=255839"}],"version-history":[{"count":0,"href":"https:\/\/www.europesays.com\/es\/wp-json\/wp\/v2\/posts\/255839\/revisions"}],"wp:featuredmedia":[{"embeddable":true,"href":"https:\/\/www.europesays.com\/es\/wp-json\/wp\/v2\/media\/255840"}],"wp:attachment":[{"href":"https:\/\/www.europesays.com\/es\/wp-json\/wp\/v2\/media?parent=255839"}],"wp:term":[{"taxonomy":"category","embeddable":true,"href":"https:\/\/www.europesays.com\/es\/wp-json\/wp\/v2\/categories?post=255839"},{"taxonomy":"post_tag","embeddable":true,"href":"https:\/\/www.europesays.com\/es\/wp-json\/wp\/v2\/tags?post=255839"}],"curies":[{"name":"wp","href":"https:\/\/api.w.org\/{rel}","templated":true}]}}