{"id":255841,"date":"2025-11-25T23:33:17","date_gmt":"2025-11-25T23:33:17","guid":{"rendered":"https:\/\/www.europesays.com\/es\/255841\/"},"modified":"2025-11-25T23:33:17","modified_gmt":"2025-11-25T23:33:17","slug":"con-triple-presencia-latinoamericana-habra-record-en-premios-para-las-next-gen-finals-de-diciembre","status":"publish","type":"post","link":"https:\/\/www.europesays.com\/es\/255841\/","title":{"rendered":"\u00bfCon triple presencia latinoamericana? Habr\u00e1 r\u00e9cord en premios para las Next Gen Finals de diciembre"},"content":{"rendered":"<p>24  de  nov, 2025, 09:28 ET<\/p>\n<p>Las <strong>Next Gen Finals<\/strong>, evento que re\u00fane a los mejores tenistas Sub 21 del circuito ATP, tendr\u00e1 un <strong>reparto r\u00e9cord en premios,<\/strong> en Yeda, Arabia Saudita, del <strong>17 al 21 de diciembre.<\/strong><\/p>\n<p>Selecciones Editoriales<\/p>\n<ul>\n<li><a name=\"&amp;lpos=story:editorspicks:inline:1\" href=\"https:\/\/espndeportes.espn.com\/tenis\/nota\/_\/id\/15855512\/todo-lo-que-se-sabe-sobre-el-nuevo-masters-1000-en-arabia-saudita-tenis-atp\" class=\"img-link\" rel=\"nofollow noopener\" target=\"_blank\"><img loading=\"lazy\" decoding=\"async\" src=\"https:\/\/www.europesays.com\/es\/wp-content\/uploads\/2025\/11\/r1564730_1296x1296_1-1.jpg&#038;w=130&#038;h=130&#038;scale=crop&#038;location=center.jpeg\" width=\"65\" height=\"65\"\/><\/a><\/li>\n<li><a name=\"&amp;lpos=story:editorspicks:inline:2\" href=\"https:\/\/espndeportes.espn.com\/tenis\/nota\/_\/id\/15854752\/por-primera-vez-en-la-historia-habra-10-torneos-atp-masters-1000\" class=\"img-link\" rel=\"nofollow noopener\" target=\"_blank\"><img loading=\"lazy\" decoding=\"async\" src=\"https:\/\/www.europesays.com\/es\/wp-content\/uploads\/2025\/11\/r1564641_729x729_1-1.jpg&#038;w=130&#038;h=130&#038;scale=crop&#038;location=center.jpeg\" width=\"65\" height=\"65\"\/><\/a><\/li>\n<\/ul>\n<p>1 Relacionado<\/p>\n<p>Seg\u00fan un anuncio oficial de la ATP, el torneo <strong>repartir\u00e1 <\/strong>un premio r\u00e9cord de 2,1 millones de d\u00f3lares para esta edici\u00f3n. Si el <strong>campe\u00f3n <\/strong>del torneo de este a\u00f1o levanta el trofeo con un r\u00e9cord invicto, ganar\u00e1 539.750 d\u00f3lares.<\/p>\n<p><strong>Solo por participar, cada tenista tendr\u00e1 derecho a 154.000<\/strong>. Se sum\u00e1n 37.500 por cada partido ganado en fase de grupos. Una victoria en la semifinal otorgar\u00e1 US$116.000, y la final, US$157.000.<\/p>\n<p>La clasificaci\u00f3n se basa en el ranking de la temporada y solo participan jugadores menores de 21 a\u00f1os. La lista <strong>definitiva <\/strong>de participantes se publicar\u00e1 en los pr\u00f3ximos d\u00edas.<\/p>\n<p>Los ocho con prioridad son <strong>Jakub Men\u0161\u00edk, Jo\u00e3o Fonseca, Learner Tien, Alexander Blockx, Dino Pri\u017emi\u0107, Martin Landaluce, Nicolai Budkov Kjaer y Nishesh Basavareddy.<\/strong><\/p>\n<p>Cabe destacar que el <strong>\u00faltimo campe\u00f3n de las Next Gen Finals fue el brasile\u00f1o<\/strong>, que super\u00f3 al estadounidense Learner Tien por 2-4, 4-3 (8), 4-0 y 4-2 en la final.<\/p>\n<p>Est\u00e1n pendientes de algunas bajas, en este orden, <strong>Rafael J\u00f3dar, Rei Sakamoto, Justin Engel, Gilles Arnaud Bailly, Juan Carlos Prado Angelo y Rodrigo Pacheco M\u00e9ndez.<\/strong><\/p>\n<p><strong>El boliviano y el mexicano, ambos de 20 a\u00f1os, terminaron 13\u00b0 y 14\u00b0 en la Carrera, respectivamente, y est\u00e1n a la expectativa<\/strong> de viajar, incluso como alternativas.<\/p>\n<p>Cabe recordar que hab\u00eda un acuerdo inicial para que se celebraran en <strong>Jeddah <\/strong>hasta el 2027, ciudad en la que se disputan desde el a\u00f1o 2023. Finalmente, habr\u00e1 un cambio de planes y, a partir de ahora, la asociaci\u00f3n que gobierna el circuito de tenis masculino deber\u00e1 buscar otro anfitri\u00f3n para el torneo.<\/p>\n<p><strong><a href=\"https:\/\/espndeportes.espn.com\/tenis\/nota\/_\/id\/15933398\/atp-finals-2025-horario-y-como-ver-el-torneo-en-vivo-disney-plan-premium\" rel=\"nofollow noopener\" target=\"_blank\">Toda la actividad de las Next Gen Finals podr\u00e1 seguirse EN VIVO, y en exclusiva, por las pantallas de ESPN y Disney+ Plan Premium.<\/a><\/strong><\/p>\n","protected":false},"excerpt":{"rendered":"24 de nov, 2025, 09:28 ET Las Next Gen Finals, evento que re\u00fane a los mejores tenistas Sub&hellip;\n","protected":false},"author":2,"featured_media":255842,"comment_status":"","ping_status":"","sticky":false,"template":"","format":"standard","meta":{"footnotes":""},"categories":[274],"tags":[168,25,24,23,167,327,326],"class_list":{"0":"post-255841","1":"post","2":"type-post","3":"status-publish","4":"format-standard","5":"has-post-thumbnail","7":"category-tenis","8":"tag-deportes","9":"tag-es","10":"tag-espana","11":"tag-spain","12":"tag-sports","13":"tag-tenis","14":"tag-tennis"},"share_on_mastodon":{"url":"https:\/\/pubeurope.com\/@es\/115612956195662247","error":""},"_links":{"self":[{"href":"https:\/\/www.europesays.com\/es\/wp-json\/wp\/v2\/posts\/255841","targetHints":{"allow":["GET"]}}],"collection":[{"href":"https:\/\/www.europesays.com\/es\/wp-json\/wp\/v2\/posts"}],"about":[{"href":"https:\/\/www.europesays.com\/es\/wp-json\/wp\/v2\/types\/post"}],"author":[{"embeddable":true,"href":"https:\/\/www.europesays.com\/es\/wp-json\/wp\/v2\/users\/2"}],"replies":[{"embeddable":true,"href":"https:\/\/www.europesays.com\/es\/wp-json\/wp\/v2\/comments?post=255841"}],"version-history":[{"count":0,"href":"https:\/\/www.europesays.com\/es\/wp-json\/wp\/v2\/posts\/255841\/revisions"}],"wp:featuredmedia":[{"embeddable":true,"href":"https:\/\/www.europesays.com\/es\/wp-json\/wp\/v2\/media\/255842"}],"wp:attachment":[{"href":"https:\/\/www.europesays.com\/es\/wp-json\/wp\/v2\/media?parent=255841"}],"wp:term":[{"taxonomy":"category","embeddable":true,"href":"https:\/\/www.europesays.com\/es\/wp-json\/wp\/v2\/categories?post=255841"},{"taxonomy":"post_tag","embeddable":true,"href":"https:\/\/www.europesays.com\/es\/wp-json\/wp\/v2\/tags?post=255841"}],"curies":[{"name":"wp","href":"https:\/\/api.w.org\/{rel}","templated":true}]}}