{"id":255843,"date":"2025-11-25T23:34:10","date_gmt":"2025-11-25T23:34:10","guid":{"rendered":"https:\/\/www.europesays.com\/es\/255843\/"},"modified":"2025-11-25T23:34:10","modified_gmt":"2025-11-25T23:34:10","slug":"dia-de-fichajes-gaviria-refuerza-a-caja-haimar-etxeberria-se-va-a-red-bull","status":"publish","type":"post","link":"https:\/\/www.europesays.com\/es\/255843\/","title":{"rendered":"D\u00eda de fichajes: Gaviria refuerza a Caja, Haimar Etxeberria se va a Red Bull&#8230;"},"content":{"rendered":"<p>La crisis existente en el pelot\u00f3n profesional ha propiciado que un mes relativamente tranquilo como es el de noviembre est\u00e9 repleto de constantes anuncios de fichajes de \u00faltima hora. En Espa\u00f1a tambi\u00e9n se mueve el mercado y los casos de Fernando Gaviria y Haimar Exteberria son dos buenos ejemplos de dos claras tendencias.<\/p>\n<p><strong>Caja Rural-Seguros RGA<\/strong> est\u00e1 asent\u00e1ndose como un equipo de clase media en el panorama internacional. En 2026, por ejemplo, tienen derecho a disputar las pruebas ProSeries gracias a sus buenos resultados en el Ranking UCI de 2025, lo que puede obligarles (entre comillas) a incrementar la plantilla. Eso ha hecho que hayan buscado un equipo con m\u00e1s corredores, pero adem\u00e1s con ciclistas hechos f\u00edsicamente y no s\u00f3lo j\u00f3venes promesas del filial: el sprinter colombiano <strong>Fernando Gaviria<\/strong> (Movistar) y el italiano <strong>Stefano Oldani<\/strong> (Cofidis) son dos claros ejemplos de la nueva l\u00ednea de este equipo que incluso podr\u00eda so\u00f1ar en 2027 con pelear por una de las invitaciones para el Tour de Francia si consigue seguir en esta l\u00ednea ascendente.<\/p>\n<p>En el otro lado, Kern Pharma ha perdido a una de sus mejores promesas. Haimar Etxeberria sigue la nueva tradici\u00f3n de saltar al campo WorldTeam a pesar de tener contrato con un equipo ProTeam, por lo que es l\u00f3gico pensar que ha habido negociaci\u00f3n y pago de una indemnizaci\u00f3n. En su primer a\u00f1o como profesional, Etxebarria gan\u00f3 <strong>Castilla y L\u00e9on y fue octavo en Ordizia, cuarto en Getxo, octavo en Franco-Belga, quinto en Vendee<\/strong>\u2026<\/p>\n<p>Esos resultados han llamado la atenci\u00f3n de <strong>Red Bull<\/strong>, que se ha llevado a un Etxeberria que no es la \u00fanica baja de Kern Pharma. Tampoco siguen <strong>Pau Miquel, Jos\u00e9 F\u00e9lix Parra, Unai Aznar, Miguel Angel Fern\u00e1ndez y Kiko Galv\u00e1n<\/strong>, quien ha sido despedido por un pol\u00e9mico v\u00eddeo en el que mostraba un compartimiento irrespetuoso desde el punto de vista de las normas de tr\u00e1fico y del sentido com\u00fan. Con tanta baja y de tanto kilate, Kern Pharma apuesta por una v\u00eda diferente a la de Caja y <strong>lo juega todo a su filial.<\/strong><\/p>\n","protected":false},"excerpt":{"rendered":"La crisis existente en el pelot\u00f3n profesional ha propiciado que un mes relativamente tranquilo como es el de&hellip;\n","protected":false},"author":2,"featured_media":254859,"comment_status":"","ping_status":"","sticky":false,"template":"","format":"standard","meta":{"footnotes":""},"categories":[273],"tags":[313,312,168,25,24,23,167],"class_list":{"0":"post-255843","1":"post","2":"type-post","3":"status-publish","4":"format-standard","5":"has-post-thumbnail","7":"category-ciclismo","8":"tag-ciclismo","9":"tag-cycling","10":"tag-deportes","11":"tag-es","12":"tag-espana","13":"tag-spain","14":"tag-sports"},"share_on_mastodon":{"url":"https:\/\/pubeurope.com\/@es\/115612959584033542","error":""},"_links":{"self":[{"href":"https:\/\/www.europesays.com\/es\/wp-json\/wp\/v2\/posts\/255843","targetHints":{"allow":["GET"]}}],"collection":[{"href":"https:\/\/www.europesays.com\/es\/wp-json\/wp\/v2\/posts"}],"about":[{"href":"https:\/\/www.europesays.com\/es\/wp-json\/wp\/v2\/types\/post"}],"author":[{"embeddable":true,"href":"https:\/\/www.europesays.com\/es\/wp-json\/wp\/v2\/users\/2"}],"replies":[{"embeddable":true,"href":"https:\/\/www.europesays.com\/es\/wp-json\/wp\/v2\/comments?post=255843"}],"version-history":[{"count":0,"href":"https:\/\/www.europesays.com\/es\/wp-json\/wp\/v2\/posts\/255843\/revisions"}],"wp:featuredmedia":[{"embeddable":true,"href":"https:\/\/www.europesays.com\/es\/wp-json\/wp\/v2\/media\/254859"}],"wp:attachment":[{"href":"https:\/\/www.europesays.com\/es\/wp-json\/wp\/v2\/media?parent=255843"}],"wp:term":[{"taxonomy":"category","embeddable":true,"href":"https:\/\/www.europesays.com\/es\/wp-json\/wp\/v2\/categories?post=255843"},{"taxonomy":"post_tag","embeddable":true,"href":"https:\/\/www.europesays.com\/es\/wp-json\/wp\/v2\/tags?post=255843"}],"curies":[{"name":"wp","href":"https:\/\/api.w.org\/{rel}","templated":true}]}}