{"id":255854,"date":"2025-11-25T23:42:09","date_gmt":"2025-11-25T23:42:09","guid":{"rendered":"https:\/\/www.europesays.com\/es\/255854\/"},"modified":"2025-11-25T23:42:09","modified_gmt":"2025-11-25T23:42:09","slug":"dua-lipa-en-peru-carinito-es-la-cancion-elegida-para-su-concierto-en-el-estadio-san-marcos-luces","status":"publish","type":"post","link":"https:\/\/www.europesays.com\/es\/255854\/","title":{"rendered":"Dua Lipa en Per\u00fa: \u201cCari\u00f1ito\u201d es la canci\u00f3n elegida para su concierto en el Estadio San Marcos | LUCES"},"content":{"rendered":"<p itemprop=\"description\" class=\"story-contents__font-paragraph \">Se acab\u00f3 el misterio. La cantante <a itemprop=\"url\" href=\"https:\/\/elcomercio.pe\/luces\/musica\/dua-lipa-en-lima-en-vivo-sigue-el-minuto-a-minuto-de-la-cantante-britanica-en-su-primer-concierto-en-el-peru-lbposting-noticia\/\" target=\"_blank\" rel=\"noreferrer nofollow noopener\" title=\"https:\/\/elcomercio.pe\/luces\/musica\/dua-lipa-en-lima-en-vivo-sigue-el-minuto-a-minuto-de-la-cantante-britanica-en-su-primer-concierto-en-el-peru-lbposting-noticia\/\"><b>Dua Lipa<\/b><\/a><b> interpretar\u00e1 el tema \u201cCari\u00f1ito\u201d<\/b> durante su concierto de este martes 25 de noviembre en el <b>Estadio San Marcos<\/b>. Durante la prueba de sonido se confirm\u00f3 que esta ser\u00e1 la canci\u00f3n que ensay\u00f3 la artista brit\u00e1nica. <\/p>\n<p itemprop=\"description\" class=\"story-contents__font-paragraph \">Personas que se encuentran en los alrededores del <b>Estadio San Marcos <\/b>lograron escuchar la prueba de sonido de <b>Dua Lipa <\/b>y compartieron videos que confirman el ensayo de la artista brit\u00e1nica con la canci\u00f3n de <b>Los Hijos del Sol<\/b>. <\/p>\n<blockquote class=\"story-contents__blockquote\"><p><b>LEE: <\/b><a href=\"https:\/\/elcomercio.pe\/respuestas\/dua-lipa-en-peru-hora-setlist-y-recomendaciones-para-su-concierto-en-el-estadio-de-san-marcos-video-tdpe-noticia\/\" rel=\"nofollow noopener\" target=\"_blank\"><b>Dua Lipa en Lima 2025: horario, setlist, rutas de ingreso y m\u00e1s del concierto de hoy<\/b><\/a><\/p><\/blockquote>\n<p itemprop=\"description\" class=\"story-contents__font-paragraph \">Cabe se\u00f1alar que <b>Dua Lipa <\/b>viene realizando un homenaje musical a cada pa\u00eds interpretando un tema representativo del estado que visita durante su gira. Esta vez, en Per\u00fa lo har\u00e1 al ritmo de cumbia. <\/p>\n<blockquote class=\"twitter-tweet\" data-media-max-width=\"560\">\n<p lang=\"es\" dir=\"ltr\">Se revel\u00f3 el misterio. <a href=\"https:\/\/twitter.com\/DUALIPA?ref_src=twsrc%5Etfw\" rel=\"nofollow noopener\" target=\"_blank\">@DUALIPA<\/a> cantar\u00e1 \u00abCari\u00f1ito\u00bb en su concierto de este martes 25 en el Estadio San Marcos, tal y como se aprecia en un video de la prueba de sonido.<\/p>\n<p>Fuente del video: Gian Ram\u00edrez. <a href=\"https:\/\/t.co\/0nxuuJoahK\" rel=\"nofollow\">pic.twitter.com\/0nxuuJoahK<\/a><\/p>\n<p>\u2014 Luces El Comercio (@Luces_ECpe) <a href=\"https:\/\/twitter.com\/Luces_ECpe\/status\/1993412480928747954?ref_src=twsrc%5Etfw\" rel=\"nofollow noopener\" target=\"_blank\">November 25, 2025<\/a><\/p><\/blockquote>\n<p itemprop=\"description\" class=\"story-contents__font-paragraph \">En su paso por Chile, <b>Dua Lipa <\/b>cant\u00f3 como \u201cTu Falta de Querer\u201d de Mon Laferte y \u201cEl Duelo\u201d de La Ley. En Brasil, version\u00f3 \u201cMagalenha\u201d de S\u00e9rgio Mendes junto a Carlinhos Brown y \u201cMargarida Perfumada\u201d con Caetano Veloso.<\/p>\n<p><b>Dua Lipa salud\u00f3 a sus fans peruanos<\/b><\/p>\n<p itemprop=\"description\" class=\"story-contents__font-paragraph \">La cantante brit\u00e1nica, de 30 a\u00f1os, lleg\u00f3 a Per\u00fa procedente de Rio de Janeiro, Brasil, donde present\u00f3 su <b>Radical Optimism Tour<\/b>. Su llegada a Lima fue a bordo de un jet privado valorado en m\u00e1s de 25 millones de d\u00f3lares.<\/p>\n<blockquote class=\"story-contents__blockquote\"><p><b>M\u00c1S INFORMACI\u00d3N: <\/b><a href=\"https:\/\/elcomercio.pe\/tvmas\/famosos\/dua-lipa-en-peru-a-cuanto-asciende-la-fortuna-de-la-reconocida-cantante-celebs-ultimas-noticia\/\" rel=\"nofollow noopener\" target=\"_blank\"><b>Dua Lipa en Per\u00fa: \u00bfA cu\u00e1nto asciende la fortuna de la reconocida cantante?<\/b><\/a><\/p><\/blockquote>\n<p itemprop=\"description\" class=\"story-contents__font-paragraph \">Tras su arribo al pa\u00eds, <b>Dua Lipa <\/b>se traslad\u00f3 directamente <b>Belmond Miraflores Park Hotel<\/b>, donde ingres\u00f3 por una v\u00eda secundaria para evitar ser abordada por un gran n\u00famero de fans que la esperaban en la puerta principal. <\/p>\n<p itemprop=\"description\" class=\"story-contents__font-paragraph \">En un primer instante, la cantante lleg\u00f3 r\u00e1pidamente a su hotel, pero aprovech\u00f3 para saludar a lo lejos a sus seguidores, quienes le dieron la bienvenida al Per\u00fa. <\/p>\n<p><img loading=\"lazy\" src=\"https:\/\/www.europesays.com\/es\/wp-content\/uploads\/2025\/11\/WMXUSDO2KFA3RLTTUJRX7EBYFY.jpg\" alt=\"Dua Lipa se tom\u00f3 fotos y firm\u00f3 aut\u00f3grafos a fans antes de su concierto en el Estadio San Marcos. (Foto: Instagram)\" decoding=\"async\" class=\"lazy story-contents__image w-full o-cover\" style=\"--aspect-ratio:950\/507\" width=\"950\" height=\"507\"\/><\/p>\n<p>Dua Lipa se tom\u00f3 fotos y firm\u00f3 aut\u00f3grafos a fans antes de su concierto en el Estadio San Marcos. (Foto: Instagram)<\/p>\n<p itemprop=\"description\" class=\"story-contents__font-paragraph \">Horas despu\u00e9s, la cantante fue captada saliendo del hotel con un look totalmente negro. En esta oportunidad, la int\u00e9rprete de \u201cHoudini\u201d y \u201cLevitating\u201d se acerc\u00f3 a un peque\u00f1o grupo de seguidores para firmar aut\u00f3grafos y tomarse algunas fotograf\u00edas.<\/p>\n<p><script async src=\"https:\/\/platform.twitter.com\/widgets.js\" charset=\"utf-8\"><\/script><\/p>\n","protected":false},"excerpt":{"rendered":"Se acab\u00f3 el misterio. La cantante Dua Lipa interpretar\u00e1 el tema \u201cCari\u00f1ito\u201d durante su concierto de este martes&hellip;\n","protected":false},"author":2,"featured_media":255855,"comment_status":"","ping_status":"","sticky":false,"template":"","format":"standard","meta":{"footnotes":""},"categories":[170],"tags":[64354,14008,64355,64353,146,147,25,24,56216,184,185,64288,23],"class_list":{"0":"post-255854","1":"post","2":"type-post","3":"status-publish","4":"format-standard","5":"has-post-thumbnail","7":"category-musica","8":"tag-concierto-de-dua-lipa","9":"tag-dua-lipa","10":"tag-dua-lipa-cantara-carinito","11":"tag-dua-lipa-en-peru","12":"tag-entertainment","13":"tag-entretenimiento","14":"tag-es","15":"tag-espana","16":"tag-estadio-san-marcos","17":"tag-music","18":"tag-musica","19":"tag-radical-optimism-tour","20":"tag-spain"},"share_on_mastodon":{"url":"https:\/\/pubeurope.com\/@es\/115612991697929705","error":""},"_links":{"self":[{"href":"https:\/\/www.europesays.com\/es\/wp-json\/wp\/v2\/posts\/255854","targetHints":{"allow":["GET"]}}],"collection":[{"href":"https:\/\/www.europesays.com\/es\/wp-json\/wp\/v2\/posts"}],"about":[{"href":"https:\/\/www.europesays.com\/es\/wp-json\/wp\/v2\/types\/post"}],"author":[{"embeddable":true,"href":"https:\/\/www.europesays.com\/es\/wp-json\/wp\/v2\/users\/2"}],"replies":[{"embeddable":true,"href":"https:\/\/www.europesays.com\/es\/wp-json\/wp\/v2\/comments?post=255854"}],"version-history":[{"count":0,"href":"https:\/\/www.europesays.com\/es\/wp-json\/wp\/v2\/posts\/255854\/revisions"}],"wp:featuredmedia":[{"embeddable":true,"href":"https:\/\/www.europesays.com\/es\/wp-json\/wp\/v2\/media\/255855"}],"wp:attachment":[{"href":"https:\/\/www.europesays.com\/es\/wp-json\/wp\/v2\/media?parent=255854"}],"wp:term":[{"taxonomy":"category","embeddable":true,"href":"https:\/\/www.europesays.com\/es\/wp-json\/wp\/v2\/categories?post=255854"},{"taxonomy":"post_tag","embeddable":true,"href":"https:\/\/www.europesays.com\/es\/wp-json\/wp\/v2\/tags?post=255854"}],"curies":[{"name":"wp","href":"https:\/\/api.w.org\/{rel}","templated":true}]}}