{"id":255866,"date":"2025-11-25T23:48:11","date_gmt":"2025-11-25T23:48:11","guid":{"rendered":"https:\/\/www.europesays.com\/es\/255866\/"},"modified":"2025-11-25T23:48:11","modified_gmt":"2025-11-25T23:48:11","slug":"axa-im-alts-adquiere-el-40-de-fiberpass-a-vodafone-espana-y-telefonica-espana","status":"publish","type":"post","link":"https:\/\/www.europesays.com\/es\/255866\/","title":{"rendered":"AXA IM Alts adquiere el 40% de FiberPass a Vodafone Espa\u00f1a y Telef\u00f3nica Espa\u00f1a"},"content":{"rendered":"\n<p>AXA IM Alts, Vodafone Espa\u00f1a y Telef\u00f3nica Espa\u00f1a han firmado un acuerdo vinculante por el que AXA IM Alts, un l\u00edder mundial en inversiones alternativas, adquirir\u00e1, en nombre de sus clientes, una participaci\u00f3n del 40% en FiberPass.<\/p>\n<p>Una vez completada la transacci\u00f3n, sujeta a las aprobaciones reglamentarias, la propiedad se dividir\u00e1 entre Telef\u00f3nica (55%, que se reparte entre Telef\u00f3nica Espa\u00f1a con un 30% y Telef\u00f3nica Infra con un 25%), Vodafone Espa\u00f1a (5%) y AXA IM Alts (40%), y Telef\u00f3nica mantendr\u00e1 el control de Fiberpass.<\/p>\n<p>FiberPass, la empresa conjunta creada por Vodafone Espa\u00f1a (37%) y Telef\u00f3nica (63%), comenz\u00f3 a operar en marzo de 2025. La empresa cubre actualmente 3,7 millones de unidades inmobiliarias con fibra hasta el hogar (FTTH) en toda Espa\u00f1a y presta servicios FTTH a 1,4 millones de clientes de Vodafone y Telef\u00f3nica, alcanzando un nivel de penetraci\u00f3n de aproximadamente el 40%.<\/p>\n<p>El acuerdo re\u00fane a dos de los principales operadores de telecomunicaciones de Espa\u00f1a y a un importante inversor europeo en infraestructuras para proporcionar servicios FTTH en todo el pa\u00eds y satisfacer la creciente demanda de conectividad FTTH de alta velocidad. La operaci\u00f3n tambi\u00e9n mejorar\u00e1 la disponibilidad y la calidad de los servicios de banda ancha de fibra para los hogares y las empresas espa\u00f1olas.<\/p>\n<p>FiberPass opera una red FTTH de \u00faltima generaci\u00f3n que ofrece servicios de fibra de alta calidad a sus accionistas y a otros operadores.<\/p>\n<p>La transacci\u00f3n se ha completado con el asesoramiento financiero de BBVA y Barclays, que han prestado su apoyo a Vodafone Espa\u00f1a y Telef\u00f3nica Espa\u00f1a durante todo el proceso, y Rothschild&amp;Co, que ha prestado apoyo a AXA IM Alts como asesor en fusiones y adquisiciones y deuda.<\/p>\n<p>Jos\u00e9 Miguel Garc\u00eda, CEO de Vodafone Espa\u00f1a, asegura: \u201cEsta alianza entre operadores l\u00edderes y un inversor institucional a largo plazo permitir\u00e1 un crecimiento m\u00e1s r\u00e1pido, eficiente y sostenible de la banda ancha en toda Espa\u00f1a. Tambi\u00e9n representa un paso m\u00e1s en nuestra estrategia para hacer de Vodafone Espa\u00f1a una empresa m\u00e1s competitiva, garantizando que nuestros clientes tengan acceso a las mejores redes de fibra y a una experiencia de servicio excepcional\u201d.<\/p>\n<p>Borja Ochoa, presidente ejecutivo de Telef\u00f3nica Espa\u00f1a, afirma: \u201cEstamos muy satisfechos de poder anunciar esta operaci\u00f3n, que pone en valor la calidad y el atractivo de nuestras infraestructuras y nos permite dar entrada a un socio tan experimentado y prestigioso como AXA IM Alts, con el que estamos encantados de poder trabajar para seguir impulsando el crecimiento y el desarrollo futuro de FiberPass\u201d.<\/p>\n<p>Mark Gilligan, director de Infraestructuras de AXA IM Alts, comenta: \u201cHemos ido ampliando nuestra cartera de infraestructuras digitales desde que comenzamos a desarrollar centros de datos en Data4 en 2012. En 2018, realizamos nuestra primera inversi\u00f3n en fibra \u00f3ptica hasta el hogar (FTTH) para construir la red de XpFibre, que llega a 7 millones de hogares en Francia. Hoy, nos complace enormemente a\u00f1adir FiberPass a nuestra cartera digital en Espa\u00f1a, que ya incluye a Lyntia Networks. La fibra hasta el hogar es fundamental para nuestra estrategia de infraestructura digital. Con el aumento de la demanda de conectividad en los hogares, impulsado por el streaming, el teletrabajo y la adopci\u00f3n del IoT, se trata de una oportunidad \u00fanica para crecer en uno de los mercados de FTTH m\u00e1s avanzados de Europa y dentro de un sector que se estima que casi se duplicar\u00e1 hasta alcanzar los 110.000 millones de d\u00f3lares a escala mundial en 2030\u201d.<\/p>\n","protected":false},"excerpt":{"rendered":"AXA IM Alts, Vodafone Espa\u00f1a y Telef\u00f3nica Espa\u00f1a han firmado un acuerdo vinculante por el que AXA IM&hellip;\n","protected":false},"author":2,"featured_media":255867,"comment_status":"","ping_status":"","sticky":false,"template":"","format":"standard","meta":{"footnotes":""},"categories":[80],"tags":[3280,82,95,94,25,24,23,1826],"class_list":{"0":"post-255866","1":"post","2":"type-post","3":"status-publish","4":"format-standard","5":"has-post-thumbnail","7":"category-economia","8":"tag-analistas","9":"tag-business","10":"tag-economia","11":"tag-economy","12":"tag-es","13":"tag-espana","14":"tag-spain","15":"tag-telefonica"},"share_on_mastodon":{"url":"https:\/\/pubeurope.com\/@es\/115613014717924878","error":""},"_links":{"self":[{"href":"https:\/\/www.europesays.com\/es\/wp-json\/wp\/v2\/posts\/255866","targetHints":{"allow":["GET"]}}],"collection":[{"href":"https:\/\/www.europesays.com\/es\/wp-json\/wp\/v2\/posts"}],"about":[{"href":"https:\/\/www.europesays.com\/es\/wp-json\/wp\/v2\/types\/post"}],"author":[{"embeddable":true,"href":"https:\/\/www.europesays.com\/es\/wp-json\/wp\/v2\/users\/2"}],"replies":[{"embeddable":true,"href":"https:\/\/www.europesays.com\/es\/wp-json\/wp\/v2\/comments?post=255866"}],"version-history":[{"count":0,"href":"https:\/\/www.europesays.com\/es\/wp-json\/wp\/v2\/posts\/255866\/revisions"}],"wp:featuredmedia":[{"embeddable":true,"href":"https:\/\/www.europesays.com\/es\/wp-json\/wp\/v2\/media\/255867"}],"wp:attachment":[{"href":"https:\/\/www.europesays.com\/es\/wp-json\/wp\/v2\/media?parent=255866"}],"wp:term":[{"taxonomy":"category","embeddable":true,"href":"https:\/\/www.europesays.com\/es\/wp-json\/wp\/v2\/categories?post=255866"},{"taxonomy":"post_tag","embeddable":true,"href":"https:\/\/www.europesays.com\/es\/wp-json\/wp\/v2\/tags?post=255866"}],"curies":[{"name":"wp","href":"https:\/\/api.w.org\/{rel}","templated":true}]}}