{"id":255870,"date":"2025-11-25T23:50:08","date_gmt":"2025-11-25T23:50:08","guid":{"rendered":"https:\/\/www.europesays.com\/es\/255870\/"},"modified":"2025-11-25T23:50:08","modified_gmt":"2025-11-25T23:50:08","slug":"el-25n-reune-a-varias-generaciones-contra-la-violencia-machista","status":"publish","type":"post","link":"https:\/\/www.europesays.com\/es\/255870\/","title":{"rendered":"El 25N re\u00fane a varias generaciones contra la violencia machista"},"content":{"rendered":"<p><strong>Mar\u00eda<\/strong>, nombre ficticio, camina entre el gent\u00edo por la calle Atocha, en Madrid. Es una <strong>superviviente <\/strong>de la violencia machista y hoy marcha por quienes ya no pueden hacerlo. Lo hace de la mano de su hija, quien con alegr\u00eda ondea una bandera morada con un lema feminista. <strong>\u00abLa traigo para que ella no permita lo mismo que yo sufr\u00ed\u00bb,<\/strong> cuenta. <\/p>\n<p>Cuando no pudo m\u00e1s, rompi\u00f3 con todo y acudi\u00f3 al Instituto de la Mujer, donde le ofrecieron atenci\u00f3n psicol\u00f3gica y asesoramiento fiscal y judicial. <strong>Se fortaleci\u00f3<\/strong> y aprendi\u00f3 a<strong> poner l\u00edmites <\/strong>en sus relaciones futuras, aunque confiesa que es dif\u00edcil olvidar aquellos momentos. <strong>\u00abEs una herida que nunca se va a cerrar\u00bb.<\/strong><\/p>\n<blockquote>\n<p>\u201cHaber sufrido violencia de g\u00e9nero es una herida que nunca se va a cerrar\u201c<\/p>\n<\/blockquote>\n<p>Este 25N, D\u00eda Internacional para la Eliminaci\u00f3n de la Violencia contra las Mujeres, Mar\u00eda sale a la calle para dar voz a su situaci\u00f3n y tratar de erradicar la violencia contra las mujeres. Lo hace junto a cientos de mujeres, ni\u00f1as, abuelas y hombres que corean frases feministas como No estamos exagerando, nos est\u00e1n asesinando; No hay excusa para el que abusa; Por las que est\u00e1n, por las que no est\u00e1n, por las que peligran y las que vendr\u00e1n.<\/p>\n<p>\u00abSeguiremos viniendo con garrota hasta que nos muramos\u00bb<\/p>\n<p>Entre el gent\u00edo, nos encontramos a<strong> Tina,<\/strong> que lleva m\u00e1s de 40 a\u00f1os manifest\u00e1ndose, <strong>le apena la divisi\u00f3n de la marcha<\/strong> de este 25N. En Madrid, la Comisi\u00f3n 8-M se manifiesta por la calle Atocha y el Foro 25N y el Movimiento feminista de Madrid, por la Gran V\u00eda. \u00abEs horrible. En nuestra \u00e9poca el movimiento no estaba dividido;<strong> \u00edbamos todas a una\u00bb, <\/strong>recuerda. La lucha de su generaci\u00f3n trajo importantes avances que hoy pueden disfrutar las mujeres, como el derecho al divorcio o al aborto. \u00abEs lamentable que en 2025 ya haya 38 mujeres asesinadas y haya gente que diga que no hace falta una ley. \u00a1Ahora es m\u00e1s necesaria que nunca! <strong>Nos siguen matando\u00bb<\/strong>, indica. <\/p>\n<p><strong>Isabel <\/strong>marcha junto a su amiga Tina y confiesan que aunque pasen los a\u00f1os, <strong>\u00abseguiremos viniendo con garrota hasta que nos muramos\u00bb.<\/strong> \u00abEstamos hartas de que haya partidos que nieguen la violencia de g\u00e9nero. Tenemos mucho miedo, rabia y tristeza de la \u00e9poca que vivimos\u00bb, a\u00f1ade.<\/p>\n<p>Unos pocos metros m\u00e1s adelante, <strong>Pilar<\/strong> se reencuentra con sus amigas. Esta mujer acude a la marcha desde hace a\u00f1os y no piensa dejar de hacerlo. Cree que todav\u00eda hay un largo camino por recorrer, hasta que no haya asesinatos machistas. \u00abCada vez que leo una noticia de que una mujer ha sido asesinada, me estremezco y <strong>siento que retrocedemos a la casilla de inicio\u00bb, <\/strong>asegura.<\/p>\n<p>\u00abHay una ola reaccionaria que discute que existe una violencia machista\u00bb<\/p>\n<p>La reivindicaci\u00f3n est\u00e1 m\u00e1s que presente en las marchas. <strong>Anika <\/strong>pertenece a la asociaci\u00f3n<strong> Socialismo Libertario<\/strong> y entre sus brazos lleva el ejemplar m\u00e1s reciente del peri\u00f3dico que publican. \u00abNosotras buscamos construir hermandad entre mujeres para enfrentar la violencia machista que nos atenaza d\u00eda a d\u00eda\u00bb, cuenta. \u00abEn este momento nos parece m\u00e1s importante que nunca, porque <strong>hay una ola reaccionaria que pone en discusi\u00f3n que existe una violencia machista\u00bb.<\/strong> Desde su organizaci\u00f3n, Anika ha acompa\u00f1ado a mujeres v\u00edctimas de violencia de g\u00e9nero a recibir asesoramiento; para ella, este acto supone un compromiso feminista. <\/p>\n<p><strong>Jana <\/strong>tambi\u00e9n marcha por las calles de Madrid y se muestra muy cr\u00edtica con la ministra de Igualdad, Ana Redondo. Lleva una pancarta en la que pide su dimisi\u00f3n por el fallo en el sistema de las pulseras: \u00abDeber\u00eda estar sacando leyes que cubran nuestras necesidades y reivindicaciones&#8230; \u00bfPero qu\u00e9 hace por las mujeres de este pa\u00eds? Tiene poder para hacer cosas, pero no lo hace\u00bb. Jana denuncia tambi\u00e9n desigualdades que sufren las mujeres como la brecha salarial, la hipersexualizaci\u00f3n en el cine o la llamada violencia est\u00e9tica. Reconoce no sentirse segura en el espacio p\u00fablico: \u00abEl problema no es que me pase a m\u00ed, sino que nos pasa a todas\u00bb, dice. \u00abSi de noche miras atr\u00e1s y ves a otra chica, te sientes segura. Eso lo dice todo\u00bb.<\/p>\n<p>Como mujer, la sociedad no le transmite seguridad.<strong> \u00abCuando vuelvo a casa siento miedo<\/strong> porque hay hombres que me han piropeado, pero tambi\u00e9n me han mirado o me han tocado. El problema no es que me pase a m\u00ed, sino que nos pasa a todas\u00bb, denuncia. \u00abMi pregunta es: si una mujer va por la calle, de noche, y mira atr\u00e1s, pero se encuentra a otra chica, \u00bfsabes c\u00f3mo se siente? Est\u00e1 segura, y esta respuesta lo dice todo\u00bb.<\/p>\n<blockquote>\n<p>\u201cSalir el 25N es obligatorio porque le damos voz a aquellas mujeres que normalmente no participan en la vida p\u00fablica\u201c<\/p>\n<\/blockquote>\n<p>Por otro lado, <strong>Gracia<\/strong>, de la asociaci\u00f3n Rumi\u00f1ahui, llega a la marcha desde la Puerta de Alcal\u00e1 con un meg\u00e1fono y acompa\u00f1ada por amigas como Sandra. \u00abSalir el 25N es obligatorio porque le damos voz a aquellas mujeres que normalmente no participan en la vida p\u00fablica\u00bb, cuenta. Gracia no es partidaria de que los hombres participen en la marcha: \u00abCreo que este es un d\u00eda nuestro\u00bb. \u00abMe da mucha pena porque vemos c\u00f3mo los chicos cada vez m\u00e1s j\u00f3venes se van radicalizando. En mis tiempos los hombres eran mucho m\u00e1s reivindicativos; ahora, los chicos entre 18 y 20 a\u00f1os son claramente machistas\u00bb.<\/p>\n<p>Los hombres, aliados en esta marcha<\/p>\n<p>A pesar de estas opiniones, en las marchas tambi\u00e9n hay hombres que gritan contra la violencia machista. Es el caso de <strong>Gonzalo<\/strong>: \u00abCreo que como hombre es fundamental venir para estar al lado de la otra mitad de la humanidad, que son las mujeres a las que siempre se ha discriminado y opacado\u00bb. <\/p>\n<p><strong>Reconoce sentirse un privilegiado <\/strong>en la sociedad por no tener miedo al volver de noche a casa, ejemplifica. Adem\u00e1s, tiene claro que esta marcha tiene un objetivo: \u00abQueremos acabar con la ferocidad porque las mujeres no tienen por qu\u00e9 sufrir ni la violencia digital, ni el acoso, ni las violaciones o ni la violencia vicaria\u00bb.<\/p>\n<p><strong>C\u00e9sar <\/strong>es un hombre mayor que, solitario, avanza entre la multitud que apoya la marcha. \u00abSoy partidario de la igualdad y estoy en contra del abuso de poder, de la forma que sea\u00bb, reconoce. A C\u00e9sar le parece bien que se reivindiquen las mujeres porque<strong> \u00abes conveniente luchar contra la violencia\u00bb,<\/strong> aunque opina que deber\u00eda haber m\u00e1s personas apoyando la marcha.<\/p>\n<p>\u00abEstamos tratando de recuperar el significado del 25N\u00bb<\/p>\n<p>En esta marcha no solo resuenan las voces, tambi\u00e9n los tambores. <strong>Marina<\/strong> forma parte de la batucada que acompa\u00f1a a esta manifestaci\u00f3n. \u00abCon el ruido dejamos claro que estamos hartas de que nos violenten, de que nos agredan y de que cometan aberraciones contra los cuerpos de las mujeres\u00bb, expresa. <\/p>\n<p>Para ella, tocar en grupo es un acto de empoderamiento. Explica que el 25N recuerda que la lucha contin\u00faa tanto \u00aben las calles como en las casas \u00aby echa la vista atr\u00e1s hacia las huelgas feministas del pasado: \u00abAunque no sali\u00e9ramos a la calle, todos se enteraban de que hab\u00eda un problema contra la mujer y hab\u00eda que detenerlo\u00bb. \u00abAhora esta fecha moviliza a menos gente que en el pasado, pero estamos tratando de recuperar el significado del 25N\u00bb, reconoce.<\/p>\n<blockquote>\n<p>\u201cComo sociedad suspendemos, pero lo importante es empezar a tomar conciencia de que esto tiene que acabar\u201c<\/p>\n<\/blockquote>\n<p>Este martes, 25N, es un d\u00eda significativo para otra mujer, <strong>Mar\u00eda,<\/strong> que sostiene un cartel con la imagen de Gis\u00e8le Pelicot. \u00abDe ella he aprendido que la solidaridad entre hombres que alimenta la misoginia, est\u00e1 siempre a nuestro alrededor\u00bb, se\u00f1ala. Por eso tiene claro que, m\u00e1s all\u00e1 del 25N, hay que reivindicar siempre el papel femenino: \u00abTenemos que enfrentarnos y defender nuestros derechos frente a toda esta cultura de la violaci\u00f3n\u00bb. \u00abComo sociedad suspendemos, pero <strong>lo importante es empezar a tomar conciencia<\/strong> de que esto tiene que acabar. Y que no muera ni una mujer m\u00e1s\u00bb.<\/p>\n<p>De fondo suena la m\u00fasica de Bebe, las manifestantes cantan: \u00abHoy voy a ser la mujer que me d\u00e9 la gana de ser\u00bb. Y as\u00ed es: con pancartas, con pa\u00f1uelos morados, con tambores o meg\u00e1fonos, mujeres de todas las edades han decidido alzar la voz y ser reivindicativas. Hoy y siempre.<\/p>\n","protected":false},"excerpt":{"rendered":"Mar\u00eda, nombre ficticio, camina entre el gent\u00edo por la calle Atocha, en Madrid. Es una superviviente de la&hellip;\n","protected":false},"author":2,"featured_media":255871,"comment_status":"","ping_status":"","sticky":false,"template":"","format":"standard","meta":{"footnotes":""},"categories":[8],"tags":[17,18,25,24,13,14,11,19,20,9,10,15,16,23,12,21,22],"class_list":{"0":"post-255870","1":"post","2":"type-post","3":"status-publish","4":"format-standard","5":"has-post-thumbnail","7":"category-espana","8":"tag-breaking-news","9":"tag-breakingnews","10":"tag-es","11":"tag-espana","12":"tag-featured-news","13":"tag-featurednews","14":"tag-headlines","15":"tag-latest-news","16":"tag-latestnews","17":"tag-news","18":"tag-noticias","19":"tag-noticias-destacadas","20":"tag-noticiasdestacadas","21":"tag-spain","22":"tag-titulares","23":"tag-ultimas-noticias","24":"tag-ultimasnoticias"},"share_on_mastodon":{"url":"https:\/\/pubeurope.com\/@es\/115613022638681582","error":""},"_links":{"self":[{"href":"https:\/\/www.europesays.com\/es\/wp-json\/wp\/v2\/posts\/255870","targetHints":{"allow":["GET"]}}],"collection":[{"href":"https:\/\/www.europesays.com\/es\/wp-json\/wp\/v2\/posts"}],"about":[{"href":"https:\/\/www.europesays.com\/es\/wp-json\/wp\/v2\/types\/post"}],"author":[{"embeddable":true,"href":"https:\/\/www.europesays.com\/es\/wp-json\/wp\/v2\/users\/2"}],"replies":[{"embeddable":true,"href":"https:\/\/www.europesays.com\/es\/wp-json\/wp\/v2\/comments?post=255870"}],"version-history":[{"count":0,"href":"https:\/\/www.europesays.com\/es\/wp-json\/wp\/v2\/posts\/255870\/revisions"}],"wp:featuredmedia":[{"embeddable":true,"href":"https:\/\/www.europesays.com\/es\/wp-json\/wp\/v2\/media\/255871"}],"wp:attachment":[{"href":"https:\/\/www.europesays.com\/es\/wp-json\/wp\/v2\/media?parent=255870"}],"wp:term":[{"taxonomy":"category","embeddable":true,"href":"https:\/\/www.europesays.com\/es\/wp-json\/wp\/v2\/categories?post=255870"},{"taxonomy":"post_tag","embeddable":true,"href":"https:\/\/www.europesays.com\/es\/wp-json\/wp\/v2\/tags?post=255870"}],"curies":[{"name":"wp","href":"https:\/\/api.w.org\/{rel}","templated":true}]}}