{"id":255876,"date":"2025-11-25T23:57:04","date_gmt":"2025-11-25T23:57:04","guid":{"rendered":"https:\/\/www.europesays.com\/es\/255876\/"},"modified":"2025-11-25T23:57:04","modified_gmt":"2025-11-25T23:57:04","slug":"vuelta-a-chiriqui-sergio-arias-se-lleva-la-quinta-etapa-mudarra-no-cede-el-liderato-esciclismo","status":"publish","type":"post","link":"https:\/\/www.europesays.com\/es\/255876\/","title":{"rendered":"Vuelta a Chiriqu\u00ed: Sergio Arias se lleva la quinta etapa, Mudarra no cede el liderato &#8211; Esciclismo"},"content":{"rendered":"<ol>\n<li><a href=\"https:\/\/news.google.com\/rss\/articles\/CBMiakFVX3lxTE5hdkk0TG1mVktNUEE0bjh5Z3lEbVkwZjh1Q1ViRm05S0h6ZllKbVJSMFpPU1BvMWhPcmxLby1xWXd5YlNvVlZLOWk3RXpDbURPSGlndFhjSzExNi1TUlFzVmxmYjNCa1NVRnc?oc=5\" target=\"_blank\" rel=\"nofollow noopener\">Vuelta a Chiriqu\u00ed: Sergio Arias se lleva la quinta etapa, Mudarra no cede el liderato<\/a>&nbsp;&nbsp;Esciclismo<\/li>\n<li><a href=\"https:\/\/news.google.com\/rss\/articles\/CBMiakFVX3lxTE1XNVNYcVNXbVh5LXBuUkcyU09aLVgwam5ubVFKWjZYYV9JbkpkTzFVYzdodmkwaktwMTNQSTQ0bk9VVkdLQW54WlJQODV4RDlxcW1GYUZVSmRjLVlvZm1MRjJmS3RLcVdER3c?oc=5\" target=\"_blank\" rel=\"nofollow noopener\">Pablo Mudarra ampl\u00eda su dominio en la la Vuelta a Chiriqu\u00ed con un s\u00f3lido triunfo en la cuarta etapa<\/a>&nbsp;&nbsp;Esciclismo<\/li>\n<li><a href=\"https:\/\/news.google.com\/rss\/articles\/CBMiakFVX3lxTFA0TFpybm5TaHV5TDhFNUkxMWp5VU9rbEJHZWJiRWkxanNhLXJ4c0ZBZ1pWQ1VtVVBvU1ZMeGxlNllsd0QtMjQtNDBaai1qV3dwTzhxVHdsMEllR2FreU1pd1IzS1JXUEd3a2c?oc=5\" target=\"_blank\" rel=\"nofollow noopener\">Vuelta a Chiriqu\u00ed: Jason Huertas repite victoria en el circuito de David Sur y Mudarra sigue l\u00edder<\/a>&nbsp;&nbsp;Esciclismo<\/li>\n<li><a href=\"https:\/\/news.google.com\/rss\/articles\/CBMiakFVX3lxTE44RVFxWlR4djZfN05aQWlIT0FnYV9nTWljb1JaUEJWbnVNOEFJcnBWWDNPeGVHYW1uQ05IdVU2NnB1U2dQVFB6U0piSXBiZXZ0SndoWFpWczZRbWVCNndsZm1rMXhMRDhTSmc?oc=5\" target=\"_blank\" rel=\"nofollow noopener\">Josep Ram\u00edrez lanza un ataque certero y conquista la segunda etapa de la Vuelta a Chiriqu\u00ed<\/a>&nbsp;&nbsp;Esciclismo<\/li>\n<li><a href=\"https:\/\/news.google.com\/rss\/articles\/CBMiakFVX3lxTE9kU1lENFE2OVdocG55cDZmODRvOWR4V2pGVVk5a015V2F1UTVXUUtVZC04dVNfc0R5VmZSU3Q4X3lhUDRMVjh4ekRBb2ZfOHBIc0FGcjlsWG4tREV0NkkwVnprMmU4MU42TlE?oc=5\" target=\"_blank\" rel=\"nofollow noopener\">Pablo Mudarra se impone en la primera etapa de la Vuelta a Chiriqu\u00ed 2025<\/a>&nbsp;&nbsp;Esciclismo<\/li>\n<\/ol>\n","protected":false},"excerpt":{"rendered":"Vuelta a Chiriqu\u00ed: Sergio Arias se lleva la quinta etapa, Mudarra no cede el liderato&nbsp;&nbsp;Esciclismo Pablo Mudarra ampl\u00eda&hellip;\n","protected":false},"author":2,"featured_media":255877,"comment_status":"","ping_status":"","sticky":false,"template":"","format":"standard","meta":{"footnotes":""},"categories":[273],"tags":[37667,63418,313,1757,8026,63416,312,168,158,25,24,2139,23,167],"class_list":{"0":"post-255876","1":"post","2":"type-post","3":"status-publish","4":"format-standard","5":"has-post-thumbnail","7":"category-ciclismo","8":"tag-arias","9":"tag-bikestation","10":"tag-ciclismo","11":"tag-ciclista","12":"tag-colono","13":"tag-costarricense","14":"tag-cycling","15":"tag-deportes","16":"tag-el","17":"tag-es","18":"tag-espana","19":"tag-sergio","20":"tag-spain","21":"tag-sports"},"share_on_mastodon":{"url":"https:\/\/pubeurope.com\/@es\/115613049989617610","error":""},"_links":{"self":[{"href":"https:\/\/www.europesays.com\/es\/wp-json\/wp\/v2\/posts\/255876","targetHints":{"allow":["GET"]}}],"collection":[{"href":"https:\/\/www.europesays.com\/es\/wp-json\/wp\/v2\/posts"}],"about":[{"href":"https:\/\/www.europesays.com\/es\/wp-json\/wp\/v2\/types\/post"}],"author":[{"embeddable":true,"href":"https:\/\/www.europesays.com\/es\/wp-json\/wp\/v2\/users\/2"}],"replies":[{"embeddable":true,"href":"https:\/\/www.europesays.com\/es\/wp-json\/wp\/v2\/comments?post=255876"}],"version-history":[{"count":0,"href":"https:\/\/www.europesays.com\/es\/wp-json\/wp\/v2\/posts\/255876\/revisions"}],"wp:featuredmedia":[{"embeddable":true,"href":"https:\/\/www.europesays.com\/es\/wp-json\/wp\/v2\/media\/255877"}],"wp:attachment":[{"href":"https:\/\/www.europesays.com\/es\/wp-json\/wp\/v2\/media?parent=255876"}],"wp:term":[{"taxonomy":"category","embeddable":true,"href":"https:\/\/www.europesays.com\/es\/wp-json\/wp\/v2\/categories?post=255876"},{"taxonomy":"post_tag","embeddable":true,"href":"https:\/\/www.europesays.com\/es\/wp-json\/wp\/v2\/tags?post=255876"}],"curies":[{"name":"wp","href":"https:\/\/api.w.org\/{rel}","templated":true}]}}