{"id":255882,"date":"2025-11-26T00:01:10","date_gmt":"2025-11-26T00:01:10","guid":{"rendered":"https:\/\/www.europesays.com\/es\/255882\/"},"modified":"2025-11-26T00:01:10","modified_gmt":"2025-11-26T00:01:10","slug":"luis-pliego-director-de-lecturas-sobre-merchi-madre-de-anabel-pantoja-y-david-rodriguez-no-se-hablan-se-esquivan-lecturas","status":"publish","type":"post","link":"https:\/\/www.europesays.com\/es\/255882\/","title":{"rendered":"Luis Pliego, director de Lecturas, sobre Merchi, madre de Anabel Pantoja, y David Rodr\u00edguez: \u201cNo se hablan, se esquivan\u201d &#8211; Lecturas"},"content":{"rendered":"<ol>\n<li><a href=\"https:\/\/news.google.com\/rss\/articles\/CBMigwJBVV95cUxOWG9IOXk2Y05Ed19OQ25CeDhocTlHVTNSSXgyUXhkS0U3ZUwwUVJZb3lXQVhpLVg0X3NFYnlPc1Q0Z19KdFp1UmI3RWRScjlnZkdIam9pM0R4WGd2UW94dFZxQkR4Vk10WjZFbkhuUHRCc1NTSm1HSVhkV0huemhPM1V4YWpsM1Y1NHRzckJVZlUxalJJXzRQOEExdDlkcDI4NF9QNUtOUk4temxQM1ZEeTVJeW41UTdjSlo0dXMtaVQ4cFlyTG1GdWxQbjM2OEsyS3BRS2p0cERYS0ZBV2lsMm80VTdpbzNxaFluZEhUdjlmak9yaVg3VWdiRDJKY3JNcWVZ?oc=5\" target=\"_blank\" rel=\"nofollow noopener\">Luis Pliego, director de Lecturas, sobre Merchi, madre de Anabel Pantoja, y David Rodr\u00edguez: \u201cNo se hablan, se esquivan\u201d<\/a>&nbsp;&nbsp;Lecturas<\/li>\n<li><a href=\"https:\/\/news.google.com\/rss\/articles\/CBMi6gFBVV95cUxNSk81X3liRnlHWm1wbGZ6dmdOY1RYdDV4Nmc1Njh1VzcwdXp5ZExBMmJBYmFYekZoZGxEeDVzUld5OTNWTHFrQ2RBbnNrQm04SzRiS0hJTmxSelVtN01LSEZzSHNBcXpwNFNkMUxfWnlqQzhRU0N3aUg5bllZaWhrQnJ2M01UQU11OXJuNDdIeVNPTjVxRFl0a1c4bEs3VG1fanR5VlJtOWhwX0V1SE1oelBiaDBZQUFud2loZnpZN29POFE3cW9XMEZONzcxSHFJd1FOc2VfSjBZMmhMaTBGTzhEYnA0YjRlRlHSAfYBQVVfeXFMTzBkSklSWkZyNEE1alVaRW5ONzhrcU1kWGRYT0V3Y3NtSEJZR1VXZm5JSDhVQmxHMkdGT09fa050VkVJR3IxQTc4THA3UDRfMW9OamFONFk5dmxqTmUxYl9CMC1reEhzbm5yNFJoUEZVUHNVVmJwOFhnZlNUSVd1VnlUeTR5eGJvTUFld0IyOWczZXRCYVhpRkI3aWVFX3VIQXNraXo0b0dZLUNkYWpvS2VyRS1zRDJwQVFzUTRNdDFPRkhzWDNWcnhMWjZ6bHlMRVlWS1N0MGxuTmN5N0hWS043ZnltU2hYakdlRHZmSlVuVm9ZUFZ3?oc=5\" target=\"_blank\" rel=\"nofollow noopener\">M\u00e1xima tensi\u00f3n en el primer cumplea\u00f1os de la hija de Anabel Pantoja: \u201cNi se miraron\u201d<\/a>&nbsp;&nbsp;Telecinco<\/li>\n<li><a href=\"https:\/\/news.google.com\/rss\/articles\/CBMiowFBVV95cUxOX1g1MDRoLTZZenBWbWRfZThId1k5VXVjYjRPNEt4SU5HbTJSOTJYdDZvWUFpeTBPc2ZhQkdPbW43LXBzbTVLSEZrbkZoVVd1QnlxVlYwVWVheWs4THpwS09BNXYyRDR2c0stUm5oaFByZklBeTY2dkNrbkhHWUEwUW5SUlF4Z2dWUkFna05PdjhzdUNlU1dzZmNBVEs3ZV9KYUZV?oc=5\" target=\"_blank\" rel=\"nofollow noopener\">Anabel Pantoja revela la sorpresa de Isa Pantoja en el cumplea\u00f1os de su hija Alma<\/a>&nbsp;&nbsp;ABC<\/li>\n<li><a href=\"https:\/\/news.google.com\/rss\/articles\/CBMivgFBVV95cUxOUFVNNmZ3QkQzbEJpNlJkZzZRazVtSFZRVHM5bWZYZExwSXJSRXhNZHV0WDJjWlJUY2FCSWRaSnF4cEt5ak0xalVaZjNQLW1EMjlOenE3cGdJQ3dnRlo5V1ZHYVdtMXIyLUlrSHNrOHg0YjlVcFBTMFp4anltb0llVjFaWVVtVXU4UmJWNjU0akgwX0Q4LUZtRHpQa2swalAzTE5KdDBrX1pMLVhObjhaWGRzV1o4eTczWlNHRTRB?oc=5\" target=\"_blank\" rel=\"nofollow noopener\">Las im\u00e1genes in\u00e9ditas de la hija de Anabel Pantoja y una carta de amor: \u201cGracias por dejarme ser tan feliz a tu lado\u201d<\/a>&nbsp;&nbsp;HOLA<\/li>\n<li><a href=\"https:\/\/news.google.com\/rss\/articles\/CBMimgFBVV95cUxQNFk3VFZrZzBkY3U0Ql9HNHozU3JUUGFvWjRwWTliTW9Zb001QVBja01nak91aUY1OGlpVG9qVTFKdnZieExsQjNtVGlNLXQwR0wtWVBmRmV0bV9VcUpSVDF6RExYM0ZQSF9hUkt3Qjc5NWVtWjZmWEdHNWZJYU1NZ2FjVkZUUEZGY2xoRHBoVVhWX2lBcmRFYmxB0gGfAUFVX3lxTE5BN2F6elBscmZ1TTB3ZjBVdDRCOUNzWDlHdURuT3M0WGZwd0ZLcklJQ2NSc3VBbmtET1hHRDI3b1BPZjg5MGlDZnZoZ0Y4bldZRkpsU0hsa2o3WVkyR3JpYm9LMjhFTm90UFNjNGFYXzB4YXBUdzZEVjk3U1BYdS04X0ltek5TY01aZ1Jua1h1d3FtZVlrVjlsV2UwVE1DRQ?oc=5\" target=\"_blank\" rel=\"nofollow noopener\">Anabel Pantoja dispara el estado de felicidad en el primer cumplea\u00f1os de Alma<\/a>&nbsp;&nbsp;Diario de Sevilla<\/li>\n<\/ol>\n","protected":false},"excerpt":{"rendered":"Luis Pliego, director de Lecturas, sobre Merchi, madre de Anabel Pantoja, y David Rodr\u00edguez: \u201cNo se hablan, se&hellip;\n","protected":false},"author":2,"featured_media":255883,"comment_status":"","ping_status":"","sticky":false,"template":"","format":"standard","meta":{"footnotes":""},"categories":[174],"tags":[255,146,147,25,24,256,23],"class_list":{"0":"post-255882","1":"post","2":"type-post","3":"status-publish","4":"format-standard","5":"has-post-thumbnail","7":"category-famosos","8":"tag-celebrities","9":"tag-entertainment","10":"tag-entretenimiento","11":"tag-es","12":"tag-espana","13":"tag-famosos","14":"tag-spain"},"share_on_mastodon":{"url":"https:\/\/pubeurope.com\/@es\/115613065877823640","error":""},"_links":{"self":[{"href":"https:\/\/www.europesays.com\/es\/wp-json\/wp\/v2\/posts\/255882","targetHints":{"allow":["GET"]}}],"collection":[{"href":"https:\/\/www.europesays.com\/es\/wp-json\/wp\/v2\/posts"}],"about":[{"href":"https:\/\/www.europesays.com\/es\/wp-json\/wp\/v2\/types\/post"}],"author":[{"embeddable":true,"href":"https:\/\/www.europesays.com\/es\/wp-json\/wp\/v2\/users\/2"}],"replies":[{"embeddable":true,"href":"https:\/\/www.europesays.com\/es\/wp-json\/wp\/v2\/comments?post=255882"}],"version-history":[{"count":0,"href":"https:\/\/www.europesays.com\/es\/wp-json\/wp\/v2\/posts\/255882\/revisions"}],"wp:featuredmedia":[{"embeddable":true,"href":"https:\/\/www.europesays.com\/es\/wp-json\/wp\/v2\/media\/255883"}],"wp:attachment":[{"href":"https:\/\/www.europesays.com\/es\/wp-json\/wp\/v2\/media?parent=255882"}],"wp:term":[{"taxonomy":"category","embeddable":true,"href":"https:\/\/www.europesays.com\/es\/wp-json\/wp\/v2\/categories?post=255882"},{"taxonomy":"post_tag","embeddable":true,"href":"https:\/\/www.europesays.com\/es\/wp-json\/wp\/v2\/tags?post=255882"}],"curies":[{"name":"wp","href":"https:\/\/api.w.org\/{rel}","templated":true}]}}