{"id":255888,"date":"2025-11-26T00:05:22","date_gmt":"2025-11-26T00:05:22","guid":{"rendered":"https:\/\/www.europesays.com\/es\/255888\/"},"modified":"2025-11-26T00:05:22","modified_gmt":"2025-11-26T00:05:22","slug":"que-dijo-ariana-grande-sobre-su-relacion-con-cynthia-erivo-tras-la-viralizacion-de-los-videos-en-los-que-se-ve-su-llamativo-vinculo-2","status":"publish","type":"post","link":"https:\/\/www.europesays.com\/es\/255888\/","title":{"rendered":"Qu\u00e9 dijo Ariana Grande sobre su relaci\u00f3n con Cynthia Erivo, tras la viralizaci\u00f3n de los videos en los que se ve su llamativo v\u00ednculo"},"content":{"rendered":"<p class=\"mb-4 text-lg md:leading-8 break-words\">Ariana Grande abord\u00f3 el tema de <a href=\"https:\/\/es-us.vida-estilo.yahoo.com\/ariana-grande-cont%C3%B3-verdad-v%C3%ADnculo-193623832.html\" rel=\"nofollow noopener\" data-ylk=\"slk:su relaci\u00f3n con Cynthia Erivo;elm:context_link;itc:0;sec:content-canvas;outcm:mb_qualified_link;_E:mb_qualified_link;ct:story;\" class=\"link  yahoo-link\" target=\"_blank\">su relaci\u00f3n con Cynthia Erivo<\/a>, su compa\u00f1era en la adaptaci\u00f3n cinematogr\u00e1fica de Wicked, durante una entrevista en el podcast Good Hang with Amy Poehler. La consulta surgi\u00f3 a ra\u00edz de la <b>atenci\u00f3n que generaron en redes sociales<\/b> diversos videos que mostraban una <b>notable cercan\u00eda entre ambas<\/b>. Grande explic\u00f3 el origen de su afectuoso v\u00ednculo y c\u00f3mo se apoyan mutuamente.<\/p>\n<p class=\"mb-4 text-lg md:leading-8 break-words\">En su visita al podcast, la actriz y cantante estadounidense fue consultada sobre los videos virales que mostraban su contacto f\u00edsico con su compa\u00f1era de elenco, a lo que respondi\u00f3: \u201cS\u00ed, <b>canalizo mucha energ\u00eda a trav\u00e9s de mis manos<\/b>. Por eso,<b> siempre estoy agarrando una mano, siempre estoy apretando algo<\/b>. A menudo depende de con qui\u00e9n est\u00e9; me gusta transmitir apoyo, energ\u00eda y dem\u00e1s\u201d.<\/p>\n<p class=\"mb-4 text-lg md:leading-8 break-words\">La entrevistadora, <b>Amy Poehler<\/b> indag\u00f3 sobre el primer clip que desat\u00f3 la ola de comentarios, ocurrido durante una entrevista en Advocate Channel en YouTube y la cantante sostuvo: \u201c<b>Ni siquiera me hab\u00eda dado cuenta hasta qu\u00e9 pas\u00f3<\/b>. Solo quer\u00eda brindar apoyo, y fue una sensaci\u00f3n muy linda. Creo que es algo que nos esforzamos mucho por mantener\u201d, para destacar la importancia de brindarse apoyo mutuo.<\/p>\n<p><img alt=\"Cynthia Erivo y Ariana Grande asisten al Ariana Grande y Cynthia Erivo durante la promoci\u00f3n de Wicked\" loading=\"lazy\" width=\"768\" height=\"575\" decoding=\"async\" data-nimg=\"1\" class=\"rounded-lg\" style=\"color:transparent\" src=\"https:\/\/www.europesays.com\/es\/wp-content\/uploads\/2025\/11\/df86a685063c5d2120846a37b8c2c2aa.jpeg\"\/><\/p>\n<p>Cynthia Erivo y Ariana Grande asisten al Ariana Grande y Cynthia Erivo durante la promoci\u00f3n de Wicked &#8211; Cr\u00e9ditos: @Evan Agostini<\/p>\n<p class=\"mb-4 text-lg md:leading-8 break-words\">En la misma l\u00ednea, detall\u00f3 los factores que contribuyeron a fortalecer su relaci\u00f3n con Cynthia Erivo: \u201cPasa mucho tiempo entre el final del rodaje y la gira de prensa. Nos comunicamos de vez en cuando, cuando podemos; ambas estamos muy ocupadas, pero <b>hacemos todo lo posible por mantenernos conectadas y cuidarnos mutuamente<\/b>\u201d. La distancia y sus agendas demandantes no impiden que mantengan una conexi\u00f3n s\u00f3lida.<\/p>\n<p class=\"mb-4 text-lg md:leading-8 break-words\">Unos meses atr\u00e1s, <b>Cynthia Erivo<\/b> tambi\u00e9n se refiri\u00f3 al tema en el programa televisivo The Drew Barrymore Show. \u201cS\u00ed, siempre estamos conectadas. Soy de las Capricornio acogedoras, del tipo \u2018te quiero, puedes tocarme\u2019\u201d, expres\u00f3 junto a la conductora.<\/p>\n<p class=\"mb-4 text-lg md:leading-8 break-words\">La int\u00e9rprete de Elphaba en Wicked profundiz\u00f3 sobre la importancia del contacto f\u00edsico en su relaci\u00f3n con su compa\u00f1era de elenco: \u201cCreo que ya me he acostumbrado. Si no hay conexi\u00f3n, me pregunto \u2018\u00bfqu\u00e9 pasa? \u00bfQu\u00e9 ocurre? \u00bfD\u00f3nde est\u00e1s?\u2019.<b> Creo que le tenemos un poco de miedo al contacto f\u00edsico; asumimos que solo puede ser rom\u00e1ntico<\/b>. No nos damos cuenta de que a veces <b>nos comunicamos mediante el contacto f\u00edsico<\/b>\u201c. La actriz enfatiz\u00f3 que el contacto f\u00edsico es una forma de comunicaci\u00f3n y apoyo, m\u00e1s all\u00e1 de connotaciones rom\u00e1nticas.<\/p>\n<p class=\"mb-4 text-lg md:leading-8 break-words\">Tras el lanzamiento de Wicked en 2024 y el reciente estreno de Wicked: For Good, Universal Pictures manifest\u00f3 inter\u00e9s en continuar la historia, aunque no necesariamente con una trilog\u00eda. Existe la <b>posibilidad de un <\/b><b>spin-off<\/b> con la participaci\u00f3n de ambas protagonistas, o incluso una precuela.<\/p>\n<p class=\"mb-4 text-lg md:leading-8 break-words\">La decisi\u00f3n de dividir la historia de Wicked en dos partes fue una elecci\u00f3n comercial que impact\u00f3 el ritmo narrativo. La estructura del musical original, con un primer acto m\u00e1s atractivo que el segundo, gener\u00f3 un desequilibrio entre ambas pel\u00edculas.<\/p>\n<p class=\"mb-4 text-lg md:leading-8 break-words\">Este contenido fue producido por un equipo de LA NACION con la asistencia de la IA.<\/p>\n","protected":false},"excerpt":{"rendered":"Ariana Grande abord\u00f3 el tema de su relaci\u00f3n con Cynthia Erivo, su compa\u00f1era en la adaptaci\u00f3n cinematogr\u00e1fica de&hellip;\n","protected":false},"author":2,"featured_media":255889,"comment_status":"","ping_status":"","sticky":false,"template":"","format":"standard","meta":{"footnotes":""},"categories":[170],"tags":[30465,60961,146,147,25,24,47405,184,185,5977,23,48409],"class_list":{"0":"post-255888","1":"post","2":"type-post","3":"status-publish","4":"format-standard","5":"has-post-thumbnail","7":"category-musica","8":"tag-ariana-grande","9":"tag-cynthia-erivo","10":"tag-entertainment","11":"tag-entretenimiento","12":"tag-es","13":"tag-espana","14":"tag-la-cantante","15":"tag-music","16":"tag-musica","17":"tag-relacion","18":"tag-spain","19":"tag-wicked"},"share_on_mastodon":{"url":"https:\/\/pubeurope.com\/@es\/115613081878399761","error":""},"_links":{"self":[{"href":"https:\/\/www.europesays.com\/es\/wp-json\/wp\/v2\/posts\/255888","targetHints":{"allow":["GET"]}}],"collection":[{"href":"https:\/\/www.europesays.com\/es\/wp-json\/wp\/v2\/posts"}],"about":[{"href":"https:\/\/www.europesays.com\/es\/wp-json\/wp\/v2\/types\/post"}],"author":[{"embeddable":true,"href":"https:\/\/www.europesays.com\/es\/wp-json\/wp\/v2\/users\/2"}],"replies":[{"embeddable":true,"href":"https:\/\/www.europesays.com\/es\/wp-json\/wp\/v2\/comments?post=255888"}],"version-history":[{"count":0,"href":"https:\/\/www.europesays.com\/es\/wp-json\/wp\/v2\/posts\/255888\/revisions"}],"wp:featuredmedia":[{"embeddable":true,"href":"https:\/\/www.europesays.com\/es\/wp-json\/wp\/v2\/media\/255889"}],"wp:attachment":[{"href":"https:\/\/www.europesays.com\/es\/wp-json\/wp\/v2\/media?parent=255888"}],"wp:term":[{"taxonomy":"category","embeddable":true,"href":"https:\/\/www.europesays.com\/es\/wp-json\/wp\/v2\/categories?post=255888"},{"taxonomy":"post_tag","embeddable":true,"href":"https:\/\/www.europesays.com\/es\/wp-json\/wp\/v2\/tags?post=255888"}],"curies":[{"name":"wp","href":"https:\/\/api.w.org\/{rel}","templated":true}]}}