{"id":255890,"date":"2025-11-26T00:06:14","date_gmt":"2025-11-26T00:06:14","guid":{"rendered":"https:\/\/www.europesays.com\/es\/255890\/"},"modified":"2025-11-26T00:06:14","modified_gmt":"2025-11-26T00:06:14","slug":"hombres-g-anuncia-gira-por-espana-y-estrena-un-documental-sobre-su-historia-que-llegara-a-los-cines-en-2026","status":"publish","type":"post","link":"https:\/\/www.europesays.com\/es\/255890\/","title":{"rendered":"Hombres G anuncia gira por Espa\u00f1a y estrena un documental sobre su historia que llegar\u00e1 a los cines en 2026"},"content":{"rendered":"<p class=\"c-paragraph\">El grupo <a href=\"https:\/\/www.20minutos.es\/tags\/instituciones-empresas\/hombres-g.html\" title=\"Hombres G\" rel=\"nofollow noopener\" target=\"_blank\">Hombres G<\/a> ha anunciado la gira <b>Los Mejores A\u00f1os de Nuestra Vida 2026<\/b> que les llevar\u00e1 por toda Espa\u00f1a. Adem\u00e1s, estrenar\u00e1n el pr\u00f3ximo abril un documental en el que narrar\u00e1n su historia.<\/p>\n<p class=\"c-paragraph\">El ciclo de conciertos dar\u00e1 comienzo el 16 de mayo del pr\u00f3ximo a\u00f1o en Albacete, recorrer\u00e1 las<b> principales ciudades y festivales espa\u00f1oles<\/b>, y finalizar\u00e1 en el Movistar Arena de Madrid el 12 de diciembre.<\/p>\n<p class=\"c-paragraph\">Por su parte largometraje documental hom\u00f3nimo llegar\u00e1 a cines el 30 de abril de 2026 y es un original de Movistar Plus+ dirigido por Charlie Arnaiz y Alberto Ortega que propone un<b> \u00abviaje emocional y musical\u00bb<\/b> a trav\u00e9s de la historia y el presente del grupo.<\/p>\n<p class=\"c-paragraph\">\u00abQueremos que esta gira sea una fiesta. Un homenaje a todos estos a\u00f1os vividos juntos, y a todo lo que a\u00fan nos queda por disfrutar. Porque creemos, de verdad, que <b>estamos viviendo los mejores a\u00f1os de nuestra vida. <\/b>Y esto es, sencillamente acojonante\u00bb, explica la banda en un comunicado.<\/p>\n<p class=\"c-paragraph\">El grupo, que mantiene su formaci\u00f3n original con David Summers (voz y bajo), Rafa Guti\u00e9rrez (guitarra), Dani Mezquita (guitarra) y Javi Molina (bater\u00eda), tiene una <b>trayectoria de m\u00e1s de 40 a\u00f1os<\/b> y millones de discos vendidos.<\/p>\n<p class=\"c-paragraph\">En total, pasar\u00e1n por <b>21 ciudades<\/b>: Albacete, Castell\u00f3n, Sevilla, C\u00f3rdoba, Portas, Gij\u00f3n, Castro-Urdiales, Palma de Mallorca, Fuengirola, Chiclana de la Frontera, Almer\u00eda, Alicante, Guadalajara, Granada, Barcelona, Murcia, Valencia, Zaragoza, Pamplona, A Coru\u00f1a y Madrid.<\/p>\n","protected":false},"excerpt":{"rendered":"El grupo Hombres G ha anunciado la gira Los Mejores A\u00f1os de Nuestra Vida 2026 que les llevar\u00e1&hellip;\n","protected":false},"author":2,"featured_media":255891,"comment_status":"","ping_status":"","sticky":false,"template":"","format":"standard","meta":{"footnotes":""},"categories":[169],"tags":[177,208,209,146,147,25,24,176,175,64360,23],"class_list":{"0":"post-255890","1":"post","2":"type-post","3":"status-publish","4":"format-standard","5":"has-post-thumbnail","7":"category-cine","8":"tag-cine","9":"tag-conciertos","10":"tag-cultura","11":"tag-entertainment","12":"tag-entretenimiento","13":"tag-es","14":"tag-espana","15":"tag-film","16":"tag-movies","17":"tag-musica-hombres-g","18":"tag-spain"},"share_on_mastodon":{"url":"https:\/\/pubeurope.com\/@es\/115613085521090022","error":""},"_links":{"self":[{"href":"https:\/\/www.europesays.com\/es\/wp-json\/wp\/v2\/posts\/255890","targetHints":{"allow":["GET"]}}],"collection":[{"href":"https:\/\/www.europesays.com\/es\/wp-json\/wp\/v2\/posts"}],"about":[{"href":"https:\/\/www.europesays.com\/es\/wp-json\/wp\/v2\/types\/post"}],"author":[{"embeddable":true,"href":"https:\/\/www.europesays.com\/es\/wp-json\/wp\/v2\/users\/2"}],"replies":[{"embeddable":true,"href":"https:\/\/www.europesays.com\/es\/wp-json\/wp\/v2\/comments?post=255890"}],"version-history":[{"count":0,"href":"https:\/\/www.europesays.com\/es\/wp-json\/wp\/v2\/posts\/255890\/revisions"}],"wp:featuredmedia":[{"embeddable":true,"href":"https:\/\/www.europesays.com\/es\/wp-json\/wp\/v2\/media\/255891"}],"wp:attachment":[{"href":"https:\/\/www.europesays.com\/es\/wp-json\/wp\/v2\/media?parent=255890"}],"wp:term":[{"taxonomy":"category","embeddable":true,"href":"https:\/\/www.europesays.com\/es\/wp-json\/wp\/v2\/categories?post=255890"},{"taxonomy":"post_tag","embeddable":true,"href":"https:\/\/www.europesays.com\/es\/wp-json\/wp\/v2\/tags?post=255890"}],"curies":[{"name":"wp","href":"https:\/\/api.w.org\/{rel}","templated":true}]}}