{"id":255893,"date":"2025-11-26T00:08:11","date_gmt":"2025-11-26T00:08:11","guid":{"rendered":"https:\/\/www.europesays.com\/es\/255893\/"},"modified":"2025-11-26T00:08:11","modified_gmt":"2025-11-26T00:08:11","slug":"murio-el-primer-paciente-contagiado-con-h5n5-virus-que-antes-solo-se-detectaba-en-aves","status":"publish","type":"post","link":"https:\/\/www.europesays.com\/es\/255893\/","title":{"rendered":"Muri\u00f3 el primer paciente contagiado con H5N5, virus que antes solo se detectaba en aves"},"content":{"rendered":"<p>El estado de Washington, en <a class=\"Link\" href=\"https:\/\/www.noticiascaracol.com\/mundo\/estados-unidos-listo-para-una-nueva-fase-en-venezuela-lanzaria-panfletos-sobre-caracas-rg10\" title=\"Estados Unidos\" type=\"text\/html\" data-cms-ai=\"0\" rel=\"nofollow noopener\" target=\"_blank\">Estados Unidos<\/a>, se ha convertido en el epicentro de una in\u00e9dita preocupaci\u00f3n sanitaria tras registrar el <b>primer caso humano mortal de la cepa de gripe aviar H5N5 a nivel mundial<\/b>. Este suceso, calificado por las autoridades como un \u00abevento raro y aislado\u00bb, ha activado los sistemas de vigilancia epidemiol\u00f3gica para monitorear cualquier posible cambio en el comportamiento del virus, aunque el riesgo para la poblaci\u00f3n general se mantiene, por ahora, en niveles bajos.<\/p>\n<p>S\u00edganos en nuestro <a class=\"Link\" href=\"https:\/\/whatsapp.com\/channel\/0029Va4PN8hFCCoO00odQi0v\" title=\"WhatsApp Channel\" target=\"_blank\" rel=\"nofollow noreferrer noopener\" type=\"text\/html\" data-cms-ai=\"0\">WhatsApp Channel<\/a>, para recibir las noticias de mayor inter\u00e9s<\/p>\n<p>La noticia, confirmada por los Centros para el Control y la Prevenci\u00f3n de Enfermedades (CDC) de EE. UU., marca la primera infecci\u00f3n y muerte humana registrada con esta variante espec\u00edfica de influenza aviar en todo el planeta.<\/p>\n<p>\u00bfQui\u00e9n era el primer paciente con H5N5?<\/p>\n<p>El paciente fallecido era un <a class=\"Link\" href=\"https:\/\/www.noticiascaracol.com\/colombia\/adulta-mayor-fue-abusada-y-robada-en-marinilla-antioquia-autoridades-buscan-al-responsable-rg10\" title=\"adulto mayor\" type=\"text\/html\" data-cms-ai=\"0\" rel=\"nofollow noopener\" target=\"_blank\">adulto mayor<\/a> residente del condado de Grays Harbor, en Washington. Aunque las fuentes no revelaron su nombre, s\u00ed describieron que <b>el hombre presentaba<\/b> <b>condiciones de salud subyacentes<\/b>, un factor que pudo haber complicado significativamente su cuadro cl\u00ednico.<\/p>\n<p>Seg\u00fan el reporte del Departamento de Salud del Estado de Washington, el paciente fue hospitalizado a principios de noviembre en el condado de King. Sus s\u00edntomas iniciales eran graves: fue ingresado con fiebre alta, lo que deriv\u00f3 en confusi\u00f3n y serias dificultades respiratorias. Tr\u00e1gicamente, la persona muri\u00f3 tras permanecer bajo cuidado m\u00e9dico varios d\u00edas.<\/p>\n<p>La investigaci\u00f3n epidemiol\u00f3gica subsiguiente revel\u00f3 el posible v\u00ednculo que deriv\u00f3 en el contagio. <b>El paciente pose\u00eda una<\/b> <b>bandada mixta de aves dom\u00e9sticas<\/b> en el patio trasero de su hogar. Las pruebas realizadas a estas aves confirmaron que hab\u00edan estado expuestas al virus de la <a class=\"Link\" href=\"https:\/\/www.noticiascaracol.com\/colombia\/se-confirma-el-primer-brote-en-colombia-de-influenza-aviar-de-alta-patogenicidad-en-2024-ica-rg10\" title=\"influenza aviar\" type=\"text\/html\" data-cms-ai=\"0\" rel=\"nofollow noopener\" target=\"_blank\">influenza aviar<\/a>, estableciendo un claro nexo de transmisi\u00f3n zoon\u00f3tica directo (animal-humano).<\/p>\n<p>Los funcionarios del Departamento de Salud de Washington han recomendado que <b>las personas infectadas con gripe aviar deben aislarse y ser tratadas con medicamentos antivirales<\/b> como Tamiflu y Relenza, los detalles espec\u00edficos sobre el tratamiento que recibi\u00f3 este paciente en particular hasta su fallecimiento no fueron provistos en los comunicados de las autoridades m\u00e9dicas.<\/p>\n<p>\u00bfQu\u00e9 se sabe sobre la H5N5 y qu\u00e9 animales portan el virus?<\/p>\n<p><b>La cepa H5N5 es un subtipo de la gripe aviar que, hasta la fecha, solo se hab\u00eda detectado previamente en animales<\/b>. El virus es transportado t\u00edpicamente por patos, gansos y otras aves silvestres.<\/p>\n<p>La singularidad de este caso radica en que es la primera vez que se confirma que esta variante del virus ha infectado a un ser humano. El H5N5 se diferencia de la variante <a class=\"Link\" href=\"https:\/\/www.noticiascaracol.com\/mundo\/estados-unidos-california-declara-emergencia-por-contagios-de-la-gripe-aviar-h5n1-cb20\" title=\"H5N1\" type=\"text\/html\" data-cms-ai=\"0\" rel=\"nofollow noopener\" target=\"_blank\">H5N1<\/a>\u2014una cepa m\u00e1s com\u00fan de gripe aviar en EE. UU. que ha circulado en aves silvestres y dom\u00e9sticas desde 2022\u2014debido a una diferencia en la prote\u00edna de la superficie del virus. <\/p>\n<p>Hasta el momento, el pa\u00eds ha registrado 71 casos humanos de gripe aviar H5 desde el a\u00f1o pasado, con solo un fallecimiento previo atribuido a la variante H5N1, ocurrido en Luisiana en enero.<\/p>\n<p>\u00bfQu\u00e9 dicen las autoridades sobre riesgo de contagio en humanos?<\/p>\n<p>Ante la aparici\u00f3n del H5N5, las autoridades han emitido una recomendaci\u00f3n crucial. Se ha aconsejado a las personas con potencial exposici\u00f3n a aves dom\u00e9sticas, de corral o silvestres que <b>se vacunen contra la gripe estacional<\/b>. Aunque la vacuna estacional no ofrece protecci\u00f3n directa contra el H5N5, su aplicaci\u00f3n es crucial para reducir el riesgo de una coinfecci\u00f3n.<\/p>\n<p>El Departamento de Salud del Estado de Washington tambi\u00e9n recomend\u00f3 a los due\u00f1os de aves de corral dom\u00e9sticas que eviten el contacto con animales enfermos o muertos y notifiquen cualquier caso sospechoso a las autoridades agr\u00edcolas.<\/p>\n<p>Un punto clave de tranquilidad para la comunidad es que las pruebas realizadas al c\u00edrculo cercano del paciente, as\u00ed como a otras personas involucradas en el manejo del caso, han arrojado resultados negativos para <a class=\"Link\" href=\"https:\/\/www.noticiascaracol.com\/mundo\/mexico-confirma-su-primer-caso-humano-de-gripe-aviar-en-una-nina-de-tres-anos-esto-se-sabe-rg10\" title=\"influenza aviar\" type=\"text\/html\" data-cms-ai=\"0\" rel=\"nofollow noopener\" target=\"_blank\">influenza aviar<\/a>. Esto refuerza la conclusi\u00f3n de que, por ahora, el virus <b>no ha demostrado capacidad de transmisi\u00f3n sostenida de persona a persona<\/b>.<\/p>\n<p>Por otro lado, el Departamento de Salud y los CDC tambi\u00e9n han insistido en que <b>el riesgo inmediato para la salud p\u00fablica en general se mantiene en niveles bajos<\/b>, por lo que piden a las personas que mantengan la calma con respecto al virus. El epidemi\u00f3logo estatal de Washington, Scott Lindquest, se\u00f1al\u00f3 que este caso representa una <b>\u00abcurva de aprendizaje\u00bb<\/b> para la comunidad m\u00e9dica cl\u00ednica, dado que es el primer caso de H5N5 notificado en humanos en el mundo.<\/p>\n<p>*Este texto fue realizado con colaboraci\u00f3n de un asistente de IA y editado por un periodista que utiliz\u00f3 las fuentes id\u00f3neas y verific\u00f3 en su totalidad los datos. Cuenta con informaci\u00f3n y reporter\u00eda propia de Noticias Caracol.<\/p>\n","protected":false},"excerpt":{"rendered":"El estado de Washington, en Estados Unidos, se ha convertido en el epicentro de una in\u00e9dita preocupaci\u00f3n sanitaria&hellip;\n","protected":false},"author":2,"featured_media":255894,"comment_status":"","ping_status":"","sticky":false,"template":"","format":"standard","meta":{"footnotes":""},"categories":[92],"tags":[25,24,165,166,23],"class_list":{"0":"post-255893","1":"post","2":"type-post","3":"status-publish","4":"format-standard","5":"has-post-thumbnail","7":"category-salud","8":"tag-es","9":"tag-espana","10":"tag-health","11":"tag-salud","12":"tag-spain"},"share_on_mastodon":{"url":"https:\/\/pubeurope.com\/@es\/115613093297403264","error":""},"_links":{"self":[{"href":"https:\/\/www.europesays.com\/es\/wp-json\/wp\/v2\/posts\/255893","targetHints":{"allow":["GET"]}}],"collection":[{"href":"https:\/\/www.europesays.com\/es\/wp-json\/wp\/v2\/posts"}],"about":[{"href":"https:\/\/www.europesays.com\/es\/wp-json\/wp\/v2\/types\/post"}],"author":[{"embeddable":true,"href":"https:\/\/www.europesays.com\/es\/wp-json\/wp\/v2\/users\/2"}],"replies":[{"embeddable":true,"href":"https:\/\/www.europesays.com\/es\/wp-json\/wp\/v2\/comments?post=255893"}],"version-history":[{"count":0,"href":"https:\/\/www.europesays.com\/es\/wp-json\/wp\/v2\/posts\/255893\/revisions"}],"wp:featuredmedia":[{"embeddable":true,"href":"https:\/\/www.europesays.com\/es\/wp-json\/wp\/v2\/media\/255894"}],"wp:attachment":[{"href":"https:\/\/www.europesays.com\/es\/wp-json\/wp\/v2\/media?parent=255893"}],"wp:term":[{"taxonomy":"category","embeddable":true,"href":"https:\/\/www.europesays.com\/es\/wp-json\/wp\/v2\/categories?post=255893"},{"taxonomy":"post_tag","embeddable":true,"href":"https:\/\/www.europesays.com\/es\/wp-json\/wp\/v2\/tags?post=255893"}],"curies":[{"name":"wp","href":"https:\/\/api.w.org\/{rel}","templated":true}]}}