{"id":255905,"date":"2025-11-26T00:14:08","date_gmt":"2025-11-26T00:14:08","guid":{"rendered":"https:\/\/www.europesays.com\/es\/255905\/"},"modified":"2025-11-26T00:14:08","modified_gmt":"2025-11-26T00:14:08","slug":"la-expulsion-de-araujo-decisiva","status":"publish","type":"post","link":"https:\/\/www.europesays.com\/es\/255905\/","title":{"rendered":"La expulsi\u00f3n de Araujo, decisiva"},"content":{"rendered":"<p data-gtm-element-container=\"modulo-texto-link\" class=\"paragraph\">El <strong>FC Barcelona<\/strong> sufri\u00f3 un duro rev\u00e9s en <strong>Stamford Bridge<\/strong>, donde perdi\u00f3 3-0 ante el Chelsea en el quinto partido de esta <strong>Champions League<\/strong>, una derrota que qued\u00f3 marcada por la expulsi\u00f3n de Ronald Araujo antes del descanso, cuando el equipo azulgrana ya perd\u00eda 1-0 tras un gol en propia puerta de Jules Kound\u00e9.<\/p>\n<p data-gtm-element-container=\"modulo-texto-link\" class=\"paragraph\">La remontada parec\u00eda especialmente dif\u00edcil desde el inicio, y se complic\u00f3 a\u00fan m\u00e1s cuando el central uruguayo vio la segunda amarilla y qued\u00f3 expulsado en el minuto 44 de partido.<\/p>\n<p data-gtm-element-container=\"modulo-texto-link\" class=\"paragraph\">El capit\u00e1n azulgrana se pas\u00f3 de frenada en una disputa de bal\u00f3n con<strong> Marc Cucurella <\/strong>y el \u00e1rbitro esloveno<strong> Slavko Vincic<\/strong> no dud\u00f3 en echarlo. La segunda amonestaci\u00f3n era indiscutible, mientras que la primera hab\u00eda llegado por protestar al colegiado tras una falta que hab\u00eda sufrido <strong>Lamine Yamal <\/strong>cuando se hab\u00eda superado la primera media hora del encuentro.<\/p>\n<blockquote class=\"twitter-tweet\" data-lang=\"es\"><p>\n<a href=\"https:\/\/twitter.com\/MovistarFutbol\/status\/1993421677611610551?s=20\" rel=\"nofollow noopener\" target=\"_blank\">\n<\/p><\/blockquote>\n<p data-gtm-element-container=\"modulo-texto-link\" class=\"paragraph\">Pareci\u00f3 que <strong>Araujo <\/strong>fue consciente desde el primer momento de que se hab\u00eda equivocado y se march\u00f3 directo al vestuario pr\u00e1cticamente sin protestar y alcanzando la mano <strong>Flick <\/strong>cuando pas\u00f3 por el banquillo.<\/p>\n<p data-gtm-element-container=\"modulo-texto-link\" class=\"paragraph\">Con un jugador menos, el Bar\u00e7a no logr\u00f3 reaccionar y acab\u00f3 cediendo por 3-0, comprometiendo seriamente sus opciones en esta edici\u00f3n de la de la m\u00e1xima competici\u00f3n europea<\/p>\n<p>    Lee tambi\u00e9n<\/p>\n<p>Segunda roja en Champions<\/p>\n<p data-gtm-element-container=\"modulo-texto-link\" class=\"paragraph\"><strong>Ronald Araujo <\/strong>ha sido expulsado en cuatro ocasiones desde que est\u00e1 en el primer equipo del FC Barcelona, dos en Liga y otras dos en Champions League. La primera roja fue en la vuelta de cuartos de final contra el PSG en el Estadi Llu\u00eds Companys, la temporada 2023-24. Una expulsi\u00f3n dolorosa porque el <strong>Bar\u00e7a <\/strong>llegaba con ventaja de Par\u00eds y ganaba 1-0 hasta la roja a <strong>Ronald<\/strong>. El <strong>PSG <\/strong>acab\u00f3 remontando (1-4) y el Bar\u00e7a, eliminado.<\/p>\n<p><script async src=\"https:\/\/platform.twitter.com\/widgets.js\" charset=\"utf-8\"><\/script><\/p>\n","protected":false},"excerpt":{"rendered":"El FC Barcelona sufri\u00f3 un duro rev\u00e9s en Stamford Bridge, donde perdi\u00f3 3-0 ante el Chelsea en el&hellip;\n","protected":false},"author":2,"featured_media":255906,"comment_status":"","ping_status":"","sticky":false,"template":"","format":"standard","meta":{"footnotes":""},"categories":[5],"tags":[17,18,25,24,13,14,11,19,20,9,10,15,16,23,12,21,22],"class_list":{"0":"post-255905","1":"post","2":"type-post","3":"status-publish","4":"format-standard","5":"has-post-thumbnail","7":"category-titulares","8":"tag-breaking-news","9":"tag-breakingnews","10":"tag-es","11":"tag-espana","12":"tag-featured-news","13":"tag-featurednews","14":"tag-headlines","15":"tag-latest-news","16":"tag-latestnews","17":"tag-news","18":"tag-noticias","19":"tag-noticias-destacadas","20":"tag-noticiasdestacadas","21":"tag-spain","22":"tag-titulares","23":"tag-ultimas-noticias","24":"tag-ultimasnoticias"},"share_on_mastodon":{"url":"https:\/\/pubeurope.com\/@es\/115613116841528992","error":""},"_links":{"self":[{"href":"https:\/\/www.europesays.com\/es\/wp-json\/wp\/v2\/posts\/255905","targetHints":{"allow":["GET"]}}],"collection":[{"href":"https:\/\/www.europesays.com\/es\/wp-json\/wp\/v2\/posts"}],"about":[{"href":"https:\/\/www.europesays.com\/es\/wp-json\/wp\/v2\/types\/post"}],"author":[{"embeddable":true,"href":"https:\/\/www.europesays.com\/es\/wp-json\/wp\/v2\/users\/2"}],"replies":[{"embeddable":true,"href":"https:\/\/www.europesays.com\/es\/wp-json\/wp\/v2\/comments?post=255905"}],"version-history":[{"count":0,"href":"https:\/\/www.europesays.com\/es\/wp-json\/wp\/v2\/posts\/255905\/revisions"}],"wp:featuredmedia":[{"embeddable":true,"href":"https:\/\/www.europesays.com\/es\/wp-json\/wp\/v2\/media\/255906"}],"wp:attachment":[{"href":"https:\/\/www.europesays.com\/es\/wp-json\/wp\/v2\/media?parent=255905"}],"wp:term":[{"taxonomy":"category","embeddable":true,"href":"https:\/\/www.europesays.com\/es\/wp-json\/wp\/v2\/categories?post=255905"},{"taxonomy":"post_tag","embeddable":true,"href":"https:\/\/www.europesays.com\/es\/wp-json\/wp\/v2\/tags?post=255905"}],"curies":[{"name":"wp","href":"https:\/\/api.w.org\/{rel}","templated":true}]}}