{"id":255911,"date":"2025-11-26T00:23:09","date_gmt":"2025-11-26T00:23:09","guid":{"rendered":"https:\/\/www.europesays.com\/es\/255911\/"},"modified":"2025-11-26T00:23:09","modified_gmt":"2025-11-26T00:23:09","slug":"slavia-prague-athletic-club-resumen-y-resultado","status":"publish","type":"post","link":"https:\/\/www.europesays.com\/es\/255911\/","title":{"rendered":"Slavia Prague &#8211; Athletic Club: resumen y resultado"},"content":{"rendered":"<p>\n    LiveBlog: 5354\n<\/p>\n<p>                                    Formaci\u00f3n: 4231<br \/>\n                                Campo de juego Champions League<\/p>\n<p>                                                                        36<br \/>\n                                            16<br \/>\n                                            12<br \/>\n                                            10<br \/>\n                                            4<br \/>\n                                            2<br \/>\n                                            21<br \/>\n                                            23<br \/>\n                                            25<br \/>\n                                            17<br \/>\n                                            11<br \/>\n                                                                                                            1<br \/>\n                                            12<br \/>\n                                            19<br \/>\n                                            30<br \/>\n                                            3<br \/>\n                                            4<br \/>\n                                            7<br \/>\n                                            16<br \/>\n                                            11<br \/>\n                                            8<br \/>\n                                            23<\/p>\n<p>                                        <img decoding=\"async\" class=\"shield-img\" src=\"https:\/\/www.europesays.com\/es\/wp-content\/uploads\/2025\/11\/60f53a554a732.png\" alt=\"Local Slavia Prague\"\/><\/p>\n<p>\n                    Fortuna Arena\n                <\/p>\n<p>                                        <img decoding=\"async\" class=\"shield-img dc-img-right\" src=\"https:\/\/www.europesays.com\/es\/wp-content\/uploads\/2025\/11\/60f53a57a2e95.png\" alt=\"Visitante Athletic Club\"\/><\/p>\n<p>\n                        36Jindrich Stanek\n                                            <\/p>\n<p>\n                        Unai Sim\u00f3n1\n                                            <\/p>\n<p>\n                        16David Moses\n                                            <\/p>\n<p>\n                        Adama Boiro19\n                                            <\/p>\n<p>\n                        Alejandro Rego30\n                                            <\/p>\n<p>\n                        4David Zima\n                                            <\/p>\n<p>\n                        Dani Vivian3\n                                            <\/p>\n<p>\n                        2Step\u00e1n Chaloupek\n                                            <\/p>\n<p>\n                        Aitor Paredes4<\/p>\n<p>                                                                84&#8242;<\/p>\n<p>\n                        23Michal Sad\u00edlek\n                                            <\/p>\n<p>                        \u00cd\u00f1igo Ru\u00edz de Galarreta16<\/p>\n<p>                                                                47&#8242;<\/p>\n<p>                                                                63&#8242;<\/p>\n<p>\n                        25Tom\u00e1s Chory<\/p>\n<p>                                                                39&#8242;<\/p>\n<p>\n                        17Luk\u00e1s Provod<\/p>\n<p>                                                                14&#8242;<\/p>\n<p>\n                        Robert Navarro23\n                                            <\/p>\n<p>                                        <img decoding=\"async\" class=\"shield-img\" src=\"https:\/\/www.europesays.com\/es\/wp-content\/uploads\/2025\/11\/60f53a554a732.png\" alt=\"Local Slavia Prague\"\/><\/p>\n<p>\n                    Suplentes\n                <\/p>\n<p>                                        <img decoding=\"async\" class=\"shield-img dc-img-right\" src=\"https:\/\/www.europesays.com\/es\/wp-content\/uploads\/2025\/11\/60f53a57a2e95.png\" alt=\"Visitante Athletic Club\"\/><\/p>\n<p>\n                            35Jakub Markovic\n                                                    <\/p>\n<p>\n                            Mikel Santos26\n                                                    <\/p>\n<p>\n                            \u00c1lex Padilla27\n                                                    <\/p>\n<p>\n                            5Igoh Ogbu\n                                                    <\/p>\n<p>\n                            Andoni Gorosabel2\n                                                    <\/p>\n<p>\n                            8Daiki Hashioka\n                                                    <\/p>\n<p>\n                            Aymeric Laporte14\n                                                    <\/p>\n<p>\n                            27Tom\u00e1s Vlcek\n                                                    <\/p>\n<p>\n                            Yuri Berchiche17\n                                                    <\/p>\n<p>\n                            7Muhammed Cham\n                                                    <\/p>\n<p>\n                            Mikel Vesga6\n                                                    <\/p>\n<p>\n                            43Tom\u00e1s Jel\u00ednek\n                                                    <\/p>\n<p>\n                            30Daniel Toula\n                                                    <\/p>\n<p>\n                            31Erik Prekop\n                                                    <\/p>\n<p>\n                            Asier Hierro31\n                                                    <\/p>\n<p>                                        <img decoding=\"async\" class=\"shield-img\" src=\"https:\/\/www.europesays.com\/es\/wp-content\/uploads\/2025\/11\/60f53a554a732.png\" alt=\"Local Slavia Prague\"\/><\/p>\n<p>\n                    Entrenador\n                <\/p>\n<p>                                        <img decoding=\"async\" class=\"shield-img dc-img-right\" src=\"https:\/\/www.europesays.com\/es\/wp-content\/uploads\/2025\/11\/60f53a57a2e95.png\" alt=\"Visitante Athletic Club\"\/><\/p>\n<p>\n                    Jindrich Trpisovsky\n                <\/p>\n<p>\n                    Ernesto Valverde\n                <\/p>\n<p data-gtm-element-container=\"modulo-texto-link\" class=\"paragraph\"><strong>Slavia Prague &#8211; Athletic Club | Champions League<\/strong><\/p>\n<p data-gtm-element-container=\"modulo-texto-link\" class=\"paragraph\">Buenas tardes y bienvenidos a la narraci\u00f3n, en directo, del partido de f\u00fatbol de la <strong>Champions League<\/strong> que enfrenta al <strong>Slavia Prague<\/strong> contra el <strong>Athletic Club <\/strong>correspondiente a <strong>Fase Grupos J-5<\/strong>. Desde <strong>Mundo Deportivo<\/strong>, te ofrecemos toda la cobertura minuto a minuto, la previa, las alineaciones, las mejores jugadas y goles del encuentro y el resultado con todas las reacciones al post match.<\/p>\n","protected":false},"excerpt":{"rendered":"LiveBlog: 5354 Formaci\u00f3n: 4231 Campo de juego Champions League 36 16 12 10 4 2 21 23 25&hellip;\n","protected":false},"author":2,"featured_media":255912,"comment_status":"","ping_status":"","sticky":false,"template":"","format":"standard","meta":{"footnotes":""},"categories":[268],"tags":[168,25,24,280,282,281,23,167],"class_list":{"0":"post-255911","1":"post","2":"type-post","3":"status-publish","4":"format-standard","5":"has-post-thumbnail","7":"category-futbol","8":"tag-deportes","9":"tag-es","10":"tag-espana","11":"tag-football","12":"tag-futbol","13":"tag-soccer","14":"tag-spain","15":"tag-sports"},"share_on_mastodon":{"url":"https:\/\/pubeurope.com\/@es\/115613152628607359","error":""},"_links":{"self":[{"href":"https:\/\/www.europesays.com\/es\/wp-json\/wp\/v2\/posts\/255911","targetHints":{"allow":["GET"]}}],"collection":[{"href":"https:\/\/www.europesays.com\/es\/wp-json\/wp\/v2\/posts"}],"about":[{"href":"https:\/\/www.europesays.com\/es\/wp-json\/wp\/v2\/types\/post"}],"author":[{"embeddable":true,"href":"https:\/\/www.europesays.com\/es\/wp-json\/wp\/v2\/users\/2"}],"replies":[{"embeddable":true,"href":"https:\/\/www.europesays.com\/es\/wp-json\/wp\/v2\/comments?post=255911"}],"version-history":[{"count":0,"href":"https:\/\/www.europesays.com\/es\/wp-json\/wp\/v2\/posts\/255911\/revisions"}],"wp:featuredmedia":[{"embeddable":true,"href":"https:\/\/www.europesays.com\/es\/wp-json\/wp\/v2\/media\/255912"}],"wp:attachment":[{"href":"https:\/\/www.europesays.com\/es\/wp-json\/wp\/v2\/media?parent=255911"}],"wp:term":[{"taxonomy":"category","embeddable":true,"href":"https:\/\/www.europesays.com\/es\/wp-json\/wp\/v2\/categories?post=255911"},{"taxonomy":"post_tag","embeddable":true,"href":"https:\/\/www.europesays.com\/es\/wp-json\/wp\/v2\/tags?post=255911"}],"curies":[{"name":"wp","href":"https:\/\/api.w.org\/{rel}","templated":true}]}}