{"id":255913,"date":"2025-11-26T00:24:13","date_gmt":"2025-11-26T00:24:13","guid":{"rendered":"https:\/\/www.europesays.com\/es\/255913\/"},"modified":"2025-11-26T00:24:13","modified_gmt":"2025-11-26T00:24:13","slug":"me-encantaria-que-me-diesen-diez-minutos-para-volver-a-ver-a-patricia-mi-mujer","status":"publish","type":"post","link":"https:\/\/www.europesays.com\/es\/255913\/","title":{"rendered":"Me encantar\u00eda que me diesen diez minutos para volver a ver a Patricia, mi mujer"},"content":{"rendered":"<p class=\"c-paragraph\">Luis Canut, guionista y director de programas televisivos, <b>sufri\u00f3 una seria infecci\u00f3n cerebral en 2023 que lo mantuvo en el borde de la muerte.<\/b> Logr\u00f3 salir de ella, aunque con importantes secuelas, entre ellas, la falta de visi\u00f3n.<\/p>\n<p class=\"c-paragraph\">Casado con la expresentadora y nutricionista gallega Patricia P\u00e9rez, Canut ha asumido su ceguera con plena naturalidad, gracias en gran parte por el apoyo que ha tenido con su mujer, su bast\u00f3n.<b> Ambos acudieron a una entrevista en el programa\u00a0\u00a0Land Rober\u00a0de la televisi\u00f3n gallega.<\/b><\/p>\n<p class=\"c-paragraph\">En el plat\u00f3, Luis Canut dijo: \u00abCuando me preguntan qu\u00e9 es lo que m\u00e1s echo de menos de no ver&#8230; \u00a0Yo no echo de menos nada, sinceramente.\u00a0<b>Lo \u00fanico que realmente me duele un poco y que me encantar\u00eda es volver a ver a Patricia<\/b>, es la verdad. Yo la recuerdo, pero me encantar\u00eda. Nunca me voy a olvidar de su cara, es la verdad, su cara la tengo grabada, pero me encantar\u00eda\u00a0<b>que me diesen 10 minutos<\/b>\u00a0para volverla a ver\u00bb, dijo emocionado.<\/p>\n<p class=\"c-paragraph\">Entre l\u00e1grimas, la colaboradora de televisi\u00f3n tom\u00f3 la mano de su marido y la llev\u00f3 a su rostro para que pudiera \u00abverla\u00bb a trav\u00e9s del tacto. \u00ab<b>Da igual, nos tocamos<\/b>\u00ab, le respondi\u00f3 con ternura.<\/p>\n<p class=\"c-paragraph\">\u00a0\u00ab<b>Cuando conoc\u00ed a Luis (2005) mi mundo cambi\u00f3<\/b>. Sab\u00eda que quer\u00eda estar a su lado, como fuera, como amiga, como pareja&#8230; es una persona que a m\u00ed me hace muy feliz. Me encanta, Luis\u00bb, asegur\u00f3 emocionada.\u00a0<\/p>\n<p class=\"c-paragraph\">\u00abEl secreto es querer estar. La vida a veces es bonita, menos bonita, dura, menos dura, pero cuando t\u00fa quieres estar con esa persona&#8230;\u00bb, a\u00f1adi\u00f3. Luis, al escuchar esta declaraci\u00f3n, no dud\u00f3 en besarla y exclam\u00f3: \u00ab<b>C\u00f3mo no voy a ser feliz si tengo a Patricia a mi lado<\/b>\u00ab.\u00a0<\/p>\n<p class=\"c-paragraph\">Luis, hermano de Nacho Canut, del grupo Fangoria, explic\u00f3\u00a0c\u00f3mo le ha cambiado la vida para bien. \u00abYo, en mi otra vida, era muy exigente conmigo mismo, con mi \u00e9xito profesional, con mi \u00e9xito personal&#8230; y ahora estoy totalmente libre\u00bb, continu\u00f3. \u00ab<b>El no ver tiene muy pocas cosas buenas<\/b>, pero tiene algunas; una de ellas es que yo no puedo prejuzgar. Yo te tengo que escuchar, te tengo que tocar, no puedo saber ni por tu cara ni por c\u00f3mo vas vestido&#8230;\u00bb, explic\u00f3.<\/p>\n","protected":false},"excerpt":{"rendered":"Luis Canut, guionista y director de programas televisivos, sufri\u00f3 una seria infecci\u00f3n cerebral en 2023 que lo mantuvo&hellip;\n","protected":false},"author":2,"featured_media":255914,"comment_status":"","ping_status":"","sticky":false,"template":"","format":"standard","meta":{"footnotes":""},"categories":[174],"tags":[64365,255,59979,146,147,25,24,256,7820,5043,23,20877],"class_list":{"0":"post-255913","1":"post","2":"type-post","3":"status-publish","4":"format-standard","5":"has-post-thumbnail","7":"category-famosos","8":"tag-canut","9":"tag-celebrities","10":"tag-ciego","11":"tag-entertainment","12":"tag-entretenimiento","13":"tag-es","14":"tag-espana","15":"tag-famosos","16":"tag-luis","17":"tag-por","18":"tag-spain","19":"tag-una"},"share_on_mastodon":{"url":"https:\/\/pubeurope.com\/@es\/115613156437211011","error":""},"_links":{"self":[{"href":"https:\/\/www.europesays.com\/es\/wp-json\/wp\/v2\/posts\/255913","targetHints":{"allow":["GET"]}}],"collection":[{"href":"https:\/\/www.europesays.com\/es\/wp-json\/wp\/v2\/posts"}],"about":[{"href":"https:\/\/www.europesays.com\/es\/wp-json\/wp\/v2\/types\/post"}],"author":[{"embeddable":true,"href":"https:\/\/www.europesays.com\/es\/wp-json\/wp\/v2\/users\/2"}],"replies":[{"embeddable":true,"href":"https:\/\/www.europesays.com\/es\/wp-json\/wp\/v2\/comments?post=255913"}],"version-history":[{"count":0,"href":"https:\/\/www.europesays.com\/es\/wp-json\/wp\/v2\/posts\/255913\/revisions"}],"wp:featuredmedia":[{"embeddable":true,"href":"https:\/\/www.europesays.com\/es\/wp-json\/wp\/v2\/media\/255914"}],"wp:attachment":[{"href":"https:\/\/www.europesays.com\/es\/wp-json\/wp\/v2\/media?parent=255913"}],"wp:term":[{"taxonomy":"category","embeddable":true,"href":"https:\/\/www.europesays.com\/es\/wp-json\/wp\/v2\/categories?post=255913"},{"taxonomy":"post_tag","embeddable":true,"href":"https:\/\/www.europesays.com\/es\/wp-json\/wp\/v2\/tags?post=255913"}],"curies":[{"name":"wp","href":"https:\/\/api.w.org\/{rel}","templated":true}]}}