{"id":255917,"date":"2025-11-26T00:27:14","date_gmt":"2025-11-26T00:27:14","guid":{"rendered":"https:\/\/www.europesays.com\/es\/255917\/"},"modified":"2025-11-26T00:27:14","modified_gmt":"2025-11-26T00:27:14","slug":"la-cadena-planea-tres-cancelaciones-y-el-regreso-de-un-mitico-formato","status":"publish","type":"post","link":"https:\/\/www.europesays.com\/es\/255917\/","title":{"rendered":"La cadena planea tres cancelaciones y el regreso de un m\u00edtico formato"},"content":{"rendered":"<p><a href=\"https:\/\/eltelevisero.huffingtonpost.es\/2025\/11\/mediaset-toma-una-insolita-decision-con-el-diario-de-jorge-ante-el-critico-estado-de-telecinco-en-las-tardes\/\" rel=\"nofollow noopener\" target=\"_blank\">Mediaset<\/a> contin\u00faa explorando opciones para superar la crisis de audiencia que est\u00e1 golpeando con m\u00e1s fuerza que nunca a Telecinco durante este curso televisivo. Y parece que el grupo de comunicaci\u00f3n podr\u00eda optar por la carta de la nostalgia. Seg\u00fan adelanta Poco Pasa TV, la empresa audiovisual est\u00e1 planeando recuperar &#8216;El precio justo&#8217; para su renovada oferta de daytime. Se estar\u00eda trabajando en el reemplazo de hasta tres de sus espacios actuales seg\u00fan la citada fuente.<\/p>\n<p>A pocos d\u00edas de concluir el mes de noviembre con nuevo m\u00ednimo hist\u00f3rico de un 9% de share, en Mediaset se habr\u00edan puesto manos a la obra para dar un lavado de cara a la cadena. Eso s\u00ed, dentro de este supuesto plan de renovaci\u00f3n, Jorge Javier V\u00e1zquez se encuentra en zona segura, pues este mismo martes se ha anunciado la continuidad de &#8216;El Diario de Jorge&#8217; hasta el pr\u00f3ximo julio como m\u00ednimo.<\/p>\n<blockquote class=\"twitter-tweet\" data-width=\"550\" data-dnt=\"true\">\n<p lang=\"es\" dir=\"ltr\">Mediaset busca reemplazo para hasta tres de sus formatos del daytime | El grupo trabaja en uno de sus pr\u00f3ximos rescates del pasado: <a href=\"https:\/\/twitter.com\/hashtag\/ElPrecioJusto?src=hash&amp;ref_src=twsrc%5Etfw\" rel=\"noopener nofollow\" target=\"_blank\">#ElPrecioJusto<\/a><\/p>\n<p>\ud83d\udca3 Se emiti\u00f3 por \u00faltima vez en 2021, es uno de los formatos que baraja Mediaset para la nueva parrilla diaria de su canal principal. <a href=\"https:\/\/t.co\/2rO7ft3xM8\" rel=\"nofollow\">pic.twitter.com\/2rO7ft3xM8<\/a><\/p>\n<p>\u2014 Poco Pasa TV (@Pocopasatv) <a href=\"https:\/\/twitter.com\/Pocopasatv\/status\/1993423631259451552?ref_src=twsrc%5Etfw\" rel=\"noopener nofollow\" target=\"_blank\">November 25, 2025<\/a><\/p><\/blockquote>\n<p>Mediaset estudia recuperar &#8216;El Precio Justo&#8217; y busca reemplazo para hasta 3 formatos de su oferta diaria<\/p>\n<p>Sin embargo, tal y como adelanta Poco Pasa TV, otros formatos de Telecinco s\u00ed corren peligro ante la grave crisis de audiencia que no parece tocar fin pese a sus constantes reformulaciones. As\u00ed, &#8216;El Precio Justo&#8217; podr\u00eda regresar a la cadena cuatro a\u00f1os despu\u00e9s de su \u00faltima emisi\u00f3n (2021), cuando el concurso se emit\u00eda de forma diaria en Telecinco y Cuatro con Carlos Sobera a los mandos.<\/p>\n<p>El revival del m\u00edtico concurso, originalmente presentado por Joaqu\u00edn Prat padre desde 1988 hasta 1993 en TVE, consigui\u00f3 firmar 44 entregas en 2021 y de cara al pr\u00f3ximo a\u00f1o podr\u00eda retornar para convertirse en uno de los reclamos, presumiblemente para las tardes del canal principal de Mediaset.<\/p>\n<p>Tras la corta vida de &#8216;GH: La vida en directo&#8217;, la fulminaci\u00f3n de &#8216;Ag\u00e1rrate al sill\u00f3n&#8217; de los fines de semana y la t\u00edmida acogida de &#8216;El tiempo justo&#8217; en la tarde y &#8216;Vamos a ver&#8217; en la sobremesa, son muchos los formatos de Telecinco candidatos a ver comprometido su futuro tras esta contundente reestructuraci\u00f3n que el grupo de Fuencarral prepara para levantar cabeza de una vez por todas.<\/p>\n<p>Tampoco hay que pasar por alto la situaci\u00f3n del fin de semana con el gran fiasco de &#8216;Vaya fama&#8217; y la debilidad de &#8216;Fiesta&#8217; con Emma Garc\u00eda. Dos ofertas que tambi\u00e9n se podr\u00edan encontrar en la cuerda floja ante esos aires de cambio que se pretender\u00edan. <\/p>\n<p>\t\t\t\t\t\t                    <script async src=\"https:\/\/platform.twitter.com\/widgets.js\" charset=\"utf-8\"><\/script><\/p>\n","protected":false},"excerpt":{"rendered":"Mediaset contin\u00faa explorando opciones para superar la crisis de audiencia que est\u00e1 golpeando con m\u00e1s fuerza que nunca&hellip;\n","protected":false},"author":2,"featured_media":255918,"comment_status":"","ping_status":"","sticky":false,"template":"","format":"standard","meta":{"footnotes":""},"categories":[171],"tags":[146,147,25,24,23,214],"class_list":{"0":"post-255917","1":"post","2":"type-post","3":"status-publish","4":"format-standard","5":"has-post-thumbnail","7":"category-tv","8":"tag-entertainment","9":"tag-entretenimiento","10":"tag-es","11":"tag-espana","12":"tag-spain","13":"tag-tv"},"share_on_mastodon":{"url":"https:\/\/pubeurope.com\/@es\/115613168221350401","error":""},"_links":{"self":[{"href":"https:\/\/www.europesays.com\/es\/wp-json\/wp\/v2\/posts\/255917","targetHints":{"allow":["GET"]}}],"collection":[{"href":"https:\/\/www.europesays.com\/es\/wp-json\/wp\/v2\/posts"}],"about":[{"href":"https:\/\/www.europesays.com\/es\/wp-json\/wp\/v2\/types\/post"}],"author":[{"embeddable":true,"href":"https:\/\/www.europesays.com\/es\/wp-json\/wp\/v2\/users\/2"}],"replies":[{"embeddable":true,"href":"https:\/\/www.europesays.com\/es\/wp-json\/wp\/v2\/comments?post=255917"}],"version-history":[{"count":0,"href":"https:\/\/www.europesays.com\/es\/wp-json\/wp\/v2\/posts\/255917\/revisions"}],"wp:featuredmedia":[{"embeddable":true,"href":"https:\/\/www.europesays.com\/es\/wp-json\/wp\/v2\/media\/255918"}],"wp:attachment":[{"href":"https:\/\/www.europesays.com\/es\/wp-json\/wp\/v2\/media?parent=255917"}],"wp:term":[{"taxonomy":"category","embeddable":true,"href":"https:\/\/www.europesays.com\/es\/wp-json\/wp\/v2\/categories?post=255917"},{"taxonomy":"post_tag","embeddable":true,"href":"https:\/\/www.europesays.com\/es\/wp-json\/wp\/v2\/tags?post=255917"}],"curies":[{"name":"wp","href":"https:\/\/api.w.org\/{rel}","templated":true}]}}