{"id":255921,"date":"2025-11-26T00:29:12","date_gmt":"2025-11-26T00:29:12","guid":{"rendered":"https:\/\/www.europesays.com\/es\/255921\/"},"modified":"2025-11-26T00:29:12","modified_gmt":"2025-11-26T00:29:12","slug":"scarlett-johansson-protagonizara-una-nueva-version-de-el-exorcista-que-dirigira-mike-flanagan","status":"publish","type":"post","link":"https:\/\/www.europesays.com\/es\/255921\/","title":{"rendered":"Scarlett Johansson protagonizar\u00e1 una nueva versi\u00f3n de &#8216;El exorcista&#8217; que dirigir\u00e1 Mike Flanagan"},"content":{"rendered":"<p data-gtm-element-container=\"modulo-texto-link\" class=\"paragraph\">Scarlett Johansson ya tiene nuevo proyecto en marcha: protagonizar\u00e1 la nueva versi\u00f3n de El Exorcista, m\u00edtico filme\u00a0 de terror que dirigi\u00f3 William Friedkin en 1973. En esta ocasi\u00f3n ser\u00e1 Mike Flanagan el que se ponga a los mandos tanto como director, guionista y productor de una pel\u00edcula que ser\u00e1\u00a0un \u201cacercamiento radical\u201d a la cinta original, seg\u00fan apunta Variety.\u00a0<\/p>\n<p data-gtm-element-container=\"modulo-texto-link\" class=\"paragraph\">El exorcista, protagoniza por una jovenc\u00edsima Linda Blair en el papel de la ni\u00f1a pose\u00edda Regan, adem\u00e1s de Max von Sydow y Ellen Burstyn, fue todo un \u00e9xito comercial con 441 millones de d\u00f3lares recaudados en todo el mundo y obtuvo dos premios Oscar de los diez a los que estaba nominada.<\/p>\n<p>                <img loading=\"lazy\" decoding=\"async\" data-full-src=\"https:\/\/www.lavanguardia.com\/uploads\/2025\/11\/25\/6925d1d0560dc.jpeg\" alt=\"Imagen de 'El exorcista', de Friedkin\" width=\"449\" height=\"253\" src=\"https:\/\/www.europesays.com\/es\/wp-content\/uploads\/2025\/11\/6925d1d0560dc.jpeg\" class=\"lazy\"\/><\/p>\n<p class=\"caption-title \">Imagen de &#8216;El exorcista&#8217;, de Friedkin<\/p>\n<p data-gtm-element-container=\"modulo-texto-link\" class=\"paragraph\">\u201cScarlett es una actriz brillante. Sus actuaciones siempre se sienten realistas, desde pel\u00edculas de g\u00e9nero hasta \u00e9xitos de taquilla del verano, y no podr\u00eda estar m\u00e1s feliz de tenerla en esta pel\u00edcula, asegura Flanagan, que este a\u00f1o ha estrenado la maravillosa La vida de Chuck, basada en un relato de Stephen King, y ha realizado t\u00edtulos como Doctor sue\u00f1o o la serie La maldici\u00f3n de Hill House, entre otros.<\/p>\n<p data-gtm-element-container=\"modulo-texto-link\" class=\"paragraph\">Universal compr\u00f3 los derechos de la pel\u00edcula original por 400 millones d\u00f3lares en 2021 pero su primer intento para relanzar una saga en 2023 con El exorcista: Creyente, de\u00a0David Gordon Green,\u00a0no tuvo demasiado \u00e9xito. Hasta el momento, se desconocen otros datos del rodaje y qui\u00e9n acompa\u00f1ar\u00e1 a Johansson en el reparto, salvo que se grabar\u00e1 en la ciudad de Nueva York.<\/p>\n<p>                <img loading=\"lazy\" decoding=\"async\" data-full-src=\"https:\/\/www.lavanguardia.com\/uploads\/2025\/11\/25\/6925d15f3f431.jpeg\" alt=\"Fotograma de 'El exorcista: Creyente'\" width=\"449\" height=\"253\" src=\"https:\/\/www.europesays.com\/es\/wp-content\/uploads\/2025\/11\/6925d15f3f431.jpeg\" class=\"lazy\"\/><\/p>\n<p class=\"caption-title \">Fotograma de &#8216;El exorcista: Creyente&#8217;<\/p>\n<p data-gtm-element-container=\"modulo-texto-link\" class=\"paragraph\">Johansson, que acaba de cumplir 41 a\u00f1os, ha participado este 2025 en Jurassic World: El renacer, la \u00faltima pel\u00edcula de la franquicia jur\u00e1sica, que ha recaudado desde su aterrizaje en las salas este verano 868 millones de d\u00f3lares a nivel mundial. La actriz estadounidense tambi\u00e9n ha aparecido en La trama fenicia, de Wes Anderson, y ha debutado como directora con\u00a0Eleanor the Great, proyectada en el festival de Cannes.<\/p>\n","protected":false},"excerpt":{"rendered":"Scarlett Johansson ya tiene nuevo proyecto en marcha: protagonizar\u00e1 la nueva versi\u00f3n de El Exorcista, m\u00edtico filme\u00a0 de&hellip;\n","protected":false},"author":2,"featured_media":255922,"comment_status":"","ping_status":"","sticky":false,"template":"","format":"standard","meta":{"footnotes":""},"categories":[169],"tags":[177,146,147,25,24,176,175,23],"class_list":{"0":"post-255921","1":"post","2":"type-post","3":"status-publish","4":"format-standard","5":"has-post-thumbnail","7":"category-cine","8":"tag-cine","9":"tag-entertainment","10":"tag-entretenimiento","11":"tag-es","12":"tag-espana","13":"tag-film","14":"tag-movies","15":"tag-spain"},"share_on_mastodon":{"url":"https:\/\/pubeurope.com\/@es\/115613176505729437","error":""},"_links":{"self":[{"href":"https:\/\/www.europesays.com\/es\/wp-json\/wp\/v2\/posts\/255921","targetHints":{"allow":["GET"]}}],"collection":[{"href":"https:\/\/www.europesays.com\/es\/wp-json\/wp\/v2\/posts"}],"about":[{"href":"https:\/\/www.europesays.com\/es\/wp-json\/wp\/v2\/types\/post"}],"author":[{"embeddable":true,"href":"https:\/\/www.europesays.com\/es\/wp-json\/wp\/v2\/users\/2"}],"replies":[{"embeddable":true,"href":"https:\/\/www.europesays.com\/es\/wp-json\/wp\/v2\/comments?post=255921"}],"version-history":[{"count":0,"href":"https:\/\/www.europesays.com\/es\/wp-json\/wp\/v2\/posts\/255921\/revisions"}],"wp:featuredmedia":[{"embeddable":true,"href":"https:\/\/www.europesays.com\/es\/wp-json\/wp\/v2\/media\/255922"}],"wp:attachment":[{"href":"https:\/\/www.europesays.com\/es\/wp-json\/wp\/v2\/media?parent=255921"}],"wp:term":[{"taxonomy":"category","embeddable":true,"href":"https:\/\/www.europesays.com\/es\/wp-json\/wp\/v2\/categories?post=255921"},{"taxonomy":"post_tag","embeddable":true,"href":"https:\/\/www.europesays.com\/es\/wp-json\/wp\/v2\/tags?post=255921"}],"curies":[{"name":"wp","href":"https:\/\/api.w.org\/{rel}","templated":true}]}}