{"id":255923,"date":"2025-11-26T00:30:09","date_gmt":"2025-11-26T00:30:09","guid":{"rendered":"https:\/\/www.europesays.com\/es\/255923\/"},"modified":"2025-11-26T00:30:09","modified_gmt":"2025-11-26T00:30:09","slug":"cucurella-silencia-a-lamine-yamal-en-stamford-bridge-futbol-deportes","status":"publish","type":"post","link":"https:\/\/www.europesays.com\/es\/255923\/","title":{"rendered":"Cucurella silencia a Lamine Yamal en Stamford Bridge | F\u00fatbol | Deportes"},"content":{"rendered":"<p class=\"\"><a href=\"https:\/\/elpais.com\/diario\/2006\/02\/23\/deportes\/1140649203_850215.html\" target=\"_blank\" rel=\"noreferrer nofollow noopener\" title=\"https:\/\/elpais.com\/diario\/2006\/02\/23\/deportes\/1140649203_850215.html\">Lamine Yamal pisaba por primera vez Stamford Bridge<\/a>. El escenario no era cualquiera: a su misma edad, el espejo en el que el barcelonismo lo ha colocado desde que hered\u00f3 el 10, Messi, se hab\u00eda asomado al escaparate de Europa. Nada menos que contra el Chelsea de Jos\u00e9 Mourinho, en un partido marcado por la agresiva defensa del espa\u00f1ol Del Horno en los octavos de final de la Champions League 2004-2005. La comparaci\u00f3n, inevitable para el barcelonismo, sobrevolaba Londres. Y Lamine tambi\u00e9n tendr\u00eda un marcaje especial: no por duro, sino por conocido. Lo esperaba Cucurella.<\/p>\n<p>M\u00e1s informaci\u00f3n<\/p>\n<p class=\"\"><a href=\"https:\/\/elpais.com\/deportes\/futbol\/2025-11-01\/como-ser-lamine-yamal.html\" target=\"_blank\" rel=\"noreferrer nofollow noopener\" title=\"https:\/\/elpais.com\/deportes\/futbol\/2025-11-01\/como-ser-lamine-yamal.html\">\u201c\u00bfMarcar a Lamine Yamal?\u201d, brome\u00f3 el lateral espa\u00f1ol<\/a>. \u201cLe dije a Estev\u00e3o que usara espinilleras en el entrenamiento porque ya hab\u00eda empezado a practicar con \u00e9l\u201d. Y, como si hubiera previsto el guion en Stamford Bridge, Cucurella silenci\u00f3 a Lamine, mientras que Estev\u00e3o brillaba ante Balde.<\/p>\n<p class=\"\">La afici\u00f3n del Chelsea detect\u00f3 pronto la frustraci\u00f3n del joven barcelonista y aprovech\u00f3 para alimentar la comparaci\u00f3n entre dos de los talentos de 18 a\u00f1os m\u00e1s se\u00f1alados del f\u00fatbol actual, los mismos que Cucurella hab\u00eda mencionado. \u201cYou are a shit, Estev\u00e3o\u201d, core\u00f3 la grada londinense al 10 del Bar\u00e7a. Ni la provocaci\u00f3n alter\u00f3 a Lamine ni sac\u00f3 del letargo a Hansi Flick, incapaz de encontrar el partido en Londres\u2026 ni durante la semana.<\/p>\n<p class=\"\">\u201cHemos luchado y he visto cosas positivas pero hemos perdido demasiados balones. Es todo lo que puedo decir. Hemos perdido balones f\u00e1ciles y pases f\u00e1ciles. Hay que analizar todo esto\u201d, expuso Hansi Flick. El duelo ante el Athletic hab\u00eda servido para que el t\u00e9cnico alem\u00e1n encontrara un modelo: Flick prob\u00f3 un once con Eric Garc\u00eda de titular. No era un experimento: el defensa ya hab\u00eda actuado como pivote la temporada pasada. Pero Flick no preparaba ese partido, sino el de Stamford Bridge. Quer\u00eda m\u00fasculo. Por eso tambi\u00e9n reserv\u00f3 a Araujo para que llegara fresco tras su viaje con Uruguay.<\/p>\n<p class=\"\">Pero la b\u00fasqueda de m\u00fasculo termin\u00f3 en un efecto bumer\u00e1n. Primero, porque a Eric Garc\u00eda y De Jong les cost\u00f3 descifrar el partido. Segundo, porque un Bar\u00e7a descoordinado y ansioso entreg\u00f3 su plan antes del descanso: Araujo vio la segunda amarilla antes de entrar a vestuarios. En menos de 45 minutos se desmoronaba el dise\u00f1o t\u00e1ctico del entrenador: ni m\u00fasculo, tampoco control y pausa.<\/p>\n<p class=\"\">La falta de astucia qued\u00f3 retratada en el 1-0. Kound\u00e9 y Ferran Torres se hicieron un l\u00edo al intentar rechazar un centro de Cucurella al coraz\u00f3n del \u00e1rea. Celebr\u00f3 Maresca. Mientras tanto, Flick volvi\u00f3 a tropezar con los mismos desajustes defensivos que lo persiguen toda la temporada, esta vez sin que Joan Garc\u00eda pudiera disimularlos. \u201cQueremos dejar porter\u00eda a cero las m\u00e1ximas veces posibles. Es verdad que estos \u00faltimos partidos no han salido como quer\u00edamos pero no queda otra que seguir luchando\u201d, sostuvo Joan Garc\u00eda. Y Eric Garc\u00eda intervino: \u201cNo supimos ajustarnos bien. Intent\u00e1bamos saltar con los laterales y era imposible. Hemos tenido que correr todo el rato detr\u00e1s del bal\u00f3n\u201d.<\/p>\n<p class=\"\">Flick tampoco cambi\u00f3 de plan tras el paso tras el entretiempo. Su primer cambio fue Rashford por Ferran Torres. \u201cA nadie le gusta dejar a su equipo con uno menos. El mensaje del vestuario al descanso era meter muchas ganas y seguir jugando. Su segundo gol pronto nos ha cortado ese ritmo\u201d, coment\u00f3 Joan Garc\u00eda. La estrategia tampoco funcionaba: el bal\u00f3n segu\u00eda sin llegar a Lamine, mientras que el Chelsea se segu\u00eda adue\u00f1ando del marcador, esta vez gracias a Estev\u00e3o. Le rob\u00f3 el brasile\u00f1o el foco a Lamine en Londres, justamente cuando el espa\u00f1ol buscaba destacar en una cita grande tras el fiasco en el Santiago Bernab\u00e9u.<\/p>\n<p class=\"\">\u201cHa sido complicado. Ha sido duro. Lo era once contra once y, cuando nos hemos quedado con uno menos, hemos intentado sacar lo que ten\u00edamos dentro, pero ellos tienen calidad y han sabido encontrar los espacios\u201d, insisti\u00f3 el portero azulgrana. Joan Garc\u00eda no tuvo nada que decir frente a los delanteros del Chelsea, tampoco Lamine Yamal ante Cucurella. Lo entendi\u00f3 Flick, que lo cambi\u00f3 en el minuto 80.<\/p>\n<p class=\"\">\u201cVeremos un Bar\u00e7a mejor en el futuro. Eso es lo que puedo prometer ahora. Veo c\u00f3mo entrenamos. El equipo es diferente al de hace seis semanas. Los jugadores est\u00e1n regresando y aumentando la calidad del entrenamiento. Tengo esa sensaci\u00f3n y pienso de manera positiva\u201d, sentenci\u00f3 Flick. Lo espera el t\u00e9cnico, tambi\u00e9n Lamine. <\/p>\n","protected":false},"excerpt":{"rendered":"Lamine Yamal pisaba por primera vez Stamford Bridge. El escenario no era cualquiera: a su misma edad, el&hellip;\n","protected":false},"author":2,"featured_media":255924,"comment_status":"","ping_status":"","sticky":false,"template":"","format":"standard","meta":{"footnotes":""},"categories":[93],"tags":[2015,1540,168,1539,25,24,881,4970,282,1538,8138,33838,23,167,17500],"class_list":{"0":"post-255923","1":"post","2":"type-post","3":"status-publish","4":"format-standard","5":"has-post-thumbnail","7":"category-deportes","8":"tag-chelsea-fc","9":"tag-competiciones","10":"tag-deportes","11":"tag-entrenadores","12":"tag-es","13":"tag-espana","14":"tag-fc-barcelona","15":"tag-flick","16":"tag-futbol","17":"tag-futbolistas","18":"tag-lamine-yamal","19":"tag-ronald-araujo","20":"tag-spain","21":"tag-sports","22":"tag-uefa-champions-league"},"share_on_mastodon":{"url":"https:\/\/pubeurope.com\/@es\/115613179791191015","error":""},"_links":{"self":[{"href":"https:\/\/www.europesays.com\/es\/wp-json\/wp\/v2\/posts\/255923","targetHints":{"allow":["GET"]}}],"collection":[{"href":"https:\/\/www.europesays.com\/es\/wp-json\/wp\/v2\/posts"}],"about":[{"href":"https:\/\/www.europesays.com\/es\/wp-json\/wp\/v2\/types\/post"}],"author":[{"embeddable":true,"href":"https:\/\/www.europesays.com\/es\/wp-json\/wp\/v2\/users\/2"}],"replies":[{"embeddable":true,"href":"https:\/\/www.europesays.com\/es\/wp-json\/wp\/v2\/comments?post=255923"}],"version-history":[{"count":0,"href":"https:\/\/www.europesays.com\/es\/wp-json\/wp\/v2\/posts\/255923\/revisions"}],"wp:featuredmedia":[{"embeddable":true,"href":"https:\/\/www.europesays.com\/es\/wp-json\/wp\/v2\/media\/255924"}],"wp:attachment":[{"href":"https:\/\/www.europesays.com\/es\/wp-json\/wp\/v2\/media?parent=255923"}],"wp:term":[{"taxonomy":"category","embeddable":true,"href":"https:\/\/www.europesays.com\/es\/wp-json\/wp\/v2\/categories?post=255923"},{"taxonomy":"post_tag","embeddable":true,"href":"https:\/\/www.europesays.com\/es\/wp-json\/wp\/v2\/tags?post=255923"}],"curies":[{"name":"wp","href":"https:\/\/api.w.org\/{rel}","templated":true}]}}