{"id":255925,"date":"2025-11-26T00:32:09","date_gmt":"2025-11-26T00:32:09","guid":{"rendered":"https:\/\/www.europesays.com\/es\/255925\/"},"modified":"2025-11-26T00:32:09","modified_gmt":"2025-11-26T00:32:09","slug":"la-hermetica-vida-privada-y-la-alergia-a-las-redes-de-oriol-pla-primer-actor-espanol-en-ganar-el-emmy-internacional-el-mundo","status":"publish","type":"post","link":"https:\/\/www.europesays.com\/es\/255925\/","title":{"rendered":"La herm\u00e9tica vida privada y la alergia a las redes de Oriol Pla, primer actor espa\u00f1ol en ganar el Emmy Internacional &#8211; El Mundo"},"content":{"rendered":"<ol>\n<li><a href=\"https:\/\/news.google.com\/rss\/articles\/CBMigAFBVV95cUxNTkFzak1SZjJDcjRIX2JTVUJOZWFjMjRhWnlBeUgtMVJyOUlWWW9aSWJya2J2QVR3S21UTk1XR3l5VlNyS0xMSG1tcGFCMXNtcm92Q0ZRcmk0U2F3dXBJcDFyUFQ4YmNRMHJnTENEeElCTlZuSnk1M0lJM1cxSXBrbNIBgAFBVV95cUxQREhteXpWS2FpYUlrVWd6OVphcmtmUnBUU1RJUFpYUUNQZWYyV2wydnphdGtJRXpmbEF3WE5DYnVKbm95TC1mUFBMZmtIZEdmbS14aGR0OWtVV1RldjZUT1F6YjF6WDVzeXE1dVFtekp4M3RmYVR5UV93bWFqRGphRw?oc=5\" target=\"_blank\" rel=\"nofollow noopener\">La herm\u00e9tica vida privada y la alergia a las redes de Oriol Pla, primer actor espa\u00f1ol en ganar el Emmy Internacional<\/a>&nbsp;&nbsp;El Mundo<\/li>\n<li><a href=\"https:\/\/news.google.com\/rss\/articles\/CBMivAFBVV95cUxPaWJ2SV82TXRXQzJpZExXaTBleGFVdDJEMktLNWVqTHF5Zm5GaHZOQzVVWDhjbVpmMHlyY045RTZib2Q0aHlIeHZ6aHE2SWRwYURjWHM1U2dfM2c3cGl3RlBIbUVkMFRJelRpTjhKNHR4YlE4MUF4ZENBX3ZvbXJ2QzhxVm83ekVKbVkzMXhBT1pnOE1VX2VacFN2aGUzWlRyUTlPUWpIX1Fvbi1jMUc2djVuQmZvam5Jdzc4VtIBwgFBVV95cUxPYVJzR1cydHFOc1JQMTJtSU9qY1g3UWcxMV84VmVlU0VhSXB3MDg0cmNWalNvclFWWFZuTG9pVWlFSWF1UVg1VDg1VkhuYmhEcV9SeXBuRG1PXzhQVFJEY0Z0ODRYdnQxeWhnd1RGZWVuazdvUDI0V1lueEplV3dtSm5tOVpnUWxMazhxMThXVkljN0U4S2pPeGp1ek4wWjlmMmZ3TUJMQWNpN0FtOV9DSXlrQmprRTNRZ2lmdXhMWnYxZw?oc=5\" target=\"_blank\" rel=\"nofollow noopener\">D\u00f3nde ver &#8216;#SeAcab\u00f3&#8217;, el documental ganador del Emmy Internacional, sobre el pol\u00e9mico caso de Luis Rubiales y Jenni Hermoso<\/a>&nbsp;&nbsp;El Confidencial<\/li>\n<li><a href=\"https:\/\/news.google.com\/rss\/articles\/CBMinAFBVV95cUxPeXNmVDJFVUI1cU50Q3M4TW1PWE9HQjVQb0hYOG1BVmxWTVJaNV9wRk5XUHVYTVVjNDBsWWpmbkR0WlljUkx0NjRuMW5CazRfalduYzBkLWo5X19ER1NPcUtwWTlORG5WQlV5ZXBYZjdkc05HMnpsTFRIak9ZQVFqb3U1Y21SRFhsajlwUWJibmRtaE0wcW5MRHFzT0Y?oc=5\" target=\"_blank\" rel=\"nofollow noopener\">&#8216;Yo, adicto&#8217; y &#8216;#SeAcab\u00f3: Diario de las campeonas&#8217; se alzan con dos Emmy Internacionales<\/a>&nbsp;&nbsp;ABC<\/li>\n<li><a href=\"https:\/\/news.google.com\/rss\/articles\/CBMi-gFBVV95cUxOUC1qWV9tUzJZVFZWdGI4LVA1QmxrR0tpWjRHdjhnYW44T3BfQ3UtcTBwdGx1Q3RicUo0UWdwTnlZRjVQOHhlb3B4UkYtdTVhTm1BUFRaUEZwN1lCRnY2U1c5TXVrb240TmRHaEh5R3QycWZiVEVJSGhlZ3FBXzJrM2RURFQtbWx5OEhTQmZ0OUI4SkdQZkxRMmNVTFI2UE16Zk1vbnN6MExhUW9Rd0dVZ2djMWNuQzN5NU9xck5iLTZCWkNtR2RGdjktTXRKRkRQQTg2TGFCS1lBaFFObDVfbHBBaWJVR0QzOTJsX2dEeFFzcWhZSGl6Ynln0gH6AUFVX3lxTE0wdzU4dDFLMFlOY3pkUlY1QUg2T0ZYTUNRZ2c2QlRQSjkyQ3ZGclFNQlR1clpsdTY4RDVCN1RGSTdhUHFsNi1Gamx5SnBvdmlxWG8wc3BQR0c4RDNubG01VkJKWDZCVW9TSW9JTWUtc01Fa004YmhjeWgtaTJNYXhxZEpkVi1zWm43TEZBOUJTNFZheHhXejZtU3ZDeHdoUUxTVFpvVUZxMGpseS1zSUhyTllQT2NzdU5YRjlsUlUydnNWSl8yZ1VqbnlfNXdmY2h2dnIyZVc3b2pDMjJCVVVKUmk2UWNkLW1IVk9FcTdHV0hLYXRNQzRMQXc?oc=5\" target=\"_blank\" rel=\"nofollow noopener\">Oriol Pla gana el premio Emmy internacional a mejor actor y #SeAcab\u00f3 al mejor documental deportivo<\/a>&nbsp;&nbsp;LaSexta<\/li>\n<li><a href=\"https:\/\/news.google.com\/rss\/articles\/CBMikgFBVV95cUxPS2o1eU5PVG5YNkhaWTNCTXRCb2M0S1RZdndrUG5DcC1rSWtwS1dSX0tSQ3cxbnlRMGdFSWxsZU9xTnI5UVFPZjdabHV2WVlhdDZtTTg3Q2xBUmk4bElSb0ZTV2xFc0pFazBpd0dsQlRQWkx6VzlpVlo2aXF0TUdqMFRNOHpPcU44N1dSSUIyRUh3UdIBpgFBVV95cUxQOWUzLWdFeERmSkVJa3BSQ05DMm1RZ0R1MjYxNldWQnFQVHJ2ZlZLVlFOcDZCVmxmeDdYM1hiQm0zMVg3ckpaSXJXT2o2Y25QbDVnT0tScTRfdXRNV1VsVVRGM2wyVEVEb2FDWGh1dFQ0V21YUzJpdDZHZTIzVnJuZnRmd3FyNlhfZ1V2aHRhblZEUWl2TlAzWm92RnBSaHZZVVA3N2t3?oc=5\" target=\"_blank\" rel=\"nofollow noopener\">El \u2018#SeAcab\u00f3: diario de las campeonas\u2019, premio Emmy<\/a>&nbsp;&nbsp;Diario AS<\/li>\n<\/ol>\n","protected":false},"excerpt":{"rendered":"La herm\u00e9tica vida privada y la alergia a las redes de Oriol Pla, primer actor espa\u00f1ol en ganar&hellip;\n","protected":false},"author":2,"featured_media":255926,"comment_status":"","ping_status":"","sticky":false,"template":"","format":"standard","meta":{"footnotes":""},"categories":[91],"tags":[146,147,25,24,720,23],"class_list":{"0":"post-255925","1":"post","2":"type-post","3":"status-publish","4":"format-standard","5":"has-post-thumbnail","7":"category-entretenimiento","8":"tag-entertainment","9":"tag-entretenimiento","10":"tag-es","11":"tag-espana","12":"tag-loc-famosos","13":"tag-spain"},"share_on_mastodon":{"url":"https:\/\/pubeurope.com\/@es\/115613188199864811","error":""},"_links":{"self":[{"href":"https:\/\/www.europesays.com\/es\/wp-json\/wp\/v2\/posts\/255925","targetHints":{"allow":["GET"]}}],"collection":[{"href":"https:\/\/www.europesays.com\/es\/wp-json\/wp\/v2\/posts"}],"about":[{"href":"https:\/\/www.europesays.com\/es\/wp-json\/wp\/v2\/types\/post"}],"author":[{"embeddable":true,"href":"https:\/\/www.europesays.com\/es\/wp-json\/wp\/v2\/users\/2"}],"replies":[{"embeddable":true,"href":"https:\/\/www.europesays.com\/es\/wp-json\/wp\/v2\/comments?post=255925"}],"version-history":[{"count":0,"href":"https:\/\/www.europesays.com\/es\/wp-json\/wp\/v2\/posts\/255925\/revisions"}],"wp:featuredmedia":[{"embeddable":true,"href":"https:\/\/www.europesays.com\/es\/wp-json\/wp\/v2\/media\/255926"}],"wp:attachment":[{"href":"https:\/\/www.europesays.com\/es\/wp-json\/wp\/v2\/media?parent=255925"}],"wp:term":[{"taxonomy":"category","embeddable":true,"href":"https:\/\/www.europesays.com\/es\/wp-json\/wp\/v2\/categories?post=255925"},{"taxonomy":"post_tag","embeddable":true,"href":"https:\/\/www.europesays.com\/es\/wp-json\/wp\/v2\/tags?post=255925"}],"curies":[{"name":"wp","href":"https:\/\/api.w.org\/{rel}","templated":true}]}}