{"id":255931,"date":"2025-11-26T00:35:11","date_gmt":"2025-11-26T00:35:11","guid":{"rendered":"https:\/\/www.europesays.com\/es\/255931\/"},"modified":"2025-11-26T00:35:11","modified_gmt":"2025-11-26T00:35:11","slug":"estados-unidos-realizo-un-entrenamiento-nocturno-de-desembarco-con-el-apoyo-del-uss-gerald-r-ford-en-el-mar-caribe","status":"publish","type":"post","link":"https:\/\/www.europesays.com\/es\/255931\/","title":{"rendered":"Estados Unidos realiz\u00f3 un entrenamiento nocturno de desembarco con el apoyo del USS Gerald R. Ford en el Mar Caribe"},"content":{"rendered":"<p><img alt=\"El USS Gerald R. Ford,\" class=\"global-image\" decoding=\"async\" fetchpriority=\"high\" height=\"1080\" loading=\"eager\" src=\"https:\/\/www.europesays.com\/es\/wp-content\/uploads\/2025\/11\/4TRDPDUOWJAYVNQUHZ35OHWUYE.jpg\" width=\"1920\"\/>El USS Gerald R. Ford, el portaaviones m\u00e1s grande del mundo realiz\u00f3 operaciones de vuelo nocturno en el Mar Caribe<\/p>\n<p class=\"paragraph\">En medio de la escalada de tensiones con el r\u00e9gimen de <b>Nicol\u00e1s Maduro<\/b> en <b>Venezuela<\/b>, la <b>Marina de Estados Unidos<\/b> difundi\u00f3 nuevas im\u00e1genes de las operaciones nocturnas que realiza el <b>USS Gerald R. Ford<\/b> en el mar Caribe. El material, publicado en <b>X<\/b>, muestra maniobras a\u00e9reas sobre la cubierta del portaaviones, donde el personal gu\u00eda despegues y aterrizajes con barras luminosas en un entorno de baja visibilidad. Las secuencias registran el movimiento continuo de aeronaves y la coordinaci\u00f3n de tripulaciones cerca de helic\u00f3pteros y puntos de apoyo t\u00e9cnico.<\/p>\n<p class=\"paragraph\"><b>\u201cLa cubierta de vuelo nunca duerme\u201d<\/b>, y las operaciones responden al despliegue de fuerzas estadounidenses en apoyo al Comando Sur para interrumpir el tr\u00e1fico il\u00edcito de drogas y reforzar la seguridad regional.<\/p>\n<p><img alt=\"La Marina de Estados Unidos\" class=\"global-image\" decoding=\"async\" fetchpriority=\"low\" height=\"1080\" loading=\"lazy\" src=\"https:\/\/www.europesays.com\/es\/wp-content\/uploads\/2025\/11\/Y2K42CGRSVAT7HBFC3LBS5VP5E.jpg\" width=\"1920\"\/>La Marina de Estados Unidos difunde im\u00e1genes de maniobras a\u00e9reas y coordinaci\u00f3n de tripulaciones sobre la cubierta del Gerald R. Ford<\/p>\n<p class=\"paragraph\">El buque, considerado el m\u00e1s grande del mundo, mantiene actividades desde su llegada al <b>Caribe<\/b>. A comienzos de mes, la <b>Marina estadounidense<\/b> inform\u00f3 que el portaaviones hab\u00eda cruzado el estrecho de <b>Gibraltar<\/b> antes de avanzar hacia aguas caribe\u00f1as, donde se sumar\u00e1 al operativo estadounidense contra el narcotr\u00e1fico. De acuerdo con la comunicaci\u00f3n oficial, las maniobras buscan asegurar la preparaci\u00f3n de la flota en el \u00e1rea de operaciones de la <b>Sexta Flota<\/b> y sostener la capacidad de respuesta.<\/p>\n<p class=\"paragraph\"><b>El desplazamiento del Gerald R. Ford y su grupo de ataque constituye el mayor movimiento naval de Estados Unidos en el Caribe desde la Guerra del Golfo.<\/b><\/p>\n<p><img alt=\"El despliegue del Gerald R.\" class=\"global-image\" decoding=\"async\" fetchpriority=\"low\" height=\"1080\" loading=\"lazy\" src=\"https:\/\/www.europesays.com\/es\/wp-content\/uploads\/2025\/11\/3WKLDMCOGVDJRPSPYOFL3C5PUA.jpg\" width=\"1920\"\/>El despliegue del Gerald R. Ford constituye el mayor movimiento naval estadounidense en el Caribe desde la Guerra del Golfo<\/p>\n<p class=\"paragraph\">El avance del portaaviones ocurre en un contexto de mayor presi\u00f3n militar sobre el gobierno de Nicol\u00e1s Maduro. Autoridades estadounidenses sostienen que estructuras vinculadas al llamado \u201cC\u00e1rtel de los Soles\u201d operan desde territorio venezolano y env\u00edan cargamentos de coca\u00edna hacia Estados Unidos. <b>Washington<\/b> considera estas redes una amenaza directa para su seguridad y mantiene operaciones ampliadas en la regi\u00f3n.<\/p>\n<p class=\"paragraph\">El <b>Pent\u00e1gono<\/b> report\u00f3 el s\u00e1bado reciente ejercicios de desembarco anfibio del <b>Cuerpo de Marines<\/b> en <b>Puerto Rico<\/b>, como parte del entrenamiento asociado al despliegue en el Caribe. El <b>Comando Sur<\/b> public\u00f3 im\u00e1genes en X de un aerodeslizador <b>LCAC<\/b> transportando tropas y veh\u00edculos, acompa\u00f1ado por helic\u00f3pteros <b>UH-1Y<\/b> y <b>Apache<\/b>. Tambi\u00e9n se observaron unidades en veh\u00edculos <b>Polaris MRZR<\/b> realizando movimientos de aseguramiento e infiltraci\u00f3n.<\/p>\n<p><img alt=\"El portaaviones apoya al Comando\" class=\"global-image\" decoding=\"async\" fetchpriority=\"low\" height=\"1080\" loading=\"lazy\" src=\"https:\/\/www.europesays.com\/es\/wp-content\/uploads\/2025\/11\/SOUWLXVHJ5EBDOCMV4LBYVPSEU.jpg\" width=\"1920\"\/>El portaaviones apoya al Comando Sur en la lucha contra el narcotr\u00e1fico y refuerza la seguridad regional en aguas caribe\u00f1as<\/p>\n<p class=\"paragraph\"><b>Estas actividades se suman a ejercicios con fuego real difundidos en semanas anteriores y forman parte de la estrategia estadounidense de interdicci\u00f3n mar\u00edtima.<\/b><\/p>\n<p class=\"paragraph\">El <b>Gerald R. Ford<\/b>, con capacidad para cerca de 4.500 tripulantes y unas 70 aeronaves, opera con energ\u00eda nuclear y cuenta con un sistema electromagn\u00e9tico de lanzamiento de aviones, radares avanzados y misiles de autodefensa. La <b>Marina estadounidense<\/b> lo describe como la plataforma de combate m\u00e1s capaz de su flota.<\/p>\n<p class=\"paragraph\">El portaaviones, botado en 2013 y puesto en servicio en 2017, encabeza la nueva clase que reemplaza progresivamente a los buques <b>Nimitz<\/b>. La fuerza naval de <b>Estados Unidos<\/b> opera once portaaviones: diez de la clase Nimitz y el Gerald R. Ford.<\/p>\n<p><img alt=\"Washington considera al C\u00e1rtel de\" class=\"global-image\" decoding=\"async\" fetchpriority=\"low\" height=\"4000\" loading=\"lazy\" src=\"https:\/\/www.europesays.com\/es\/wp-content\/uploads\/2025\/11\/B533LMQA3VHFHCTUW6OZ6O6JUQ.jpg\" width=\"6000\"\/>Washington considera al C\u00e1rtel de los Soles una amenaza directa para los Estados Unidos y se\u00f1ala a Nicol\u00e1s Maduro como el l\u00edder de un grupo narcoterrorista (AP\/ARCHIVO)<\/p>\n<p class=\"paragraph\">El traslado del buque al Caribe se produjo luego de que el secretario de Defensa, <b>Pete Hegseth<\/b>, ordenara su salida del <b>Mediterr\u00e1neo oriental<\/b> para reforzar la presencia militar en el hemisferio occidental. Un militar citado por <b>Infobae<\/b> inform\u00f3 que el grupo de ataque ya se encuentra en la regi\u00f3n.<\/p>\n<p class=\"paragraph\"><b>Seg\u00fan un comunicado del Pent\u00e1gono, la misi\u00f3n busca incrementar la capacidad estadounidense para detectar, vigilar e interrumpir actividades il\u00edcitas en el \u00e1rea.<\/b><\/p>\n","protected":false},"excerpt":{"rendered":"El USS Gerald R. Ford, el portaaviones m\u00e1s grande del mundo realiz\u00f3 operaciones de vuelo nocturno en el&hellip;\n","protected":false},"author":2,"featured_media":255932,"comment_status":"","ping_status":"","sticky":false,"template":"","format":"standard","meta":{"footnotes":""},"categories":[42],"tags":[17,18,13,14,11,61,62,63,64,19,20,9,10,15,16,12,21,22,65,66,67],"class_list":{"0":"post-255931","1":"post","2":"type-post","3":"status-publish","4":"format-standard","5":"has-post-thumbnail","7":"category-internacional","8":"tag-breaking-news","9":"tag-breakingnews","10":"tag-featured-news","11":"tag-featurednews","12":"tag-headlines","13":"tag-internacional","14":"tag-international","15":"tag-international-news","16":"tag-internationalnews","17":"tag-latest-news","18":"tag-latestnews","19":"tag-news","20":"tag-noticias","21":"tag-noticias-destacadas","22":"tag-noticiasdestacadas","23":"tag-titulares","24":"tag-ultimas-noticias","25":"tag-ultimasnoticias","26":"tag-world","27":"tag-world-news","28":"tag-worldnews"},"share_on_mastodon":{"url":"https:\/\/pubeurope.com\/@es\/115613199934892503","error":""},"_links":{"self":[{"href":"https:\/\/www.europesays.com\/es\/wp-json\/wp\/v2\/posts\/255931","targetHints":{"allow":["GET"]}}],"collection":[{"href":"https:\/\/www.europesays.com\/es\/wp-json\/wp\/v2\/posts"}],"about":[{"href":"https:\/\/www.europesays.com\/es\/wp-json\/wp\/v2\/types\/post"}],"author":[{"embeddable":true,"href":"https:\/\/www.europesays.com\/es\/wp-json\/wp\/v2\/users\/2"}],"replies":[{"embeddable":true,"href":"https:\/\/www.europesays.com\/es\/wp-json\/wp\/v2\/comments?post=255931"}],"version-history":[{"count":0,"href":"https:\/\/www.europesays.com\/es\/wp-json\/wp\/v2\/posts\/255931\/revisions"}],"wp:featuredmedia":[{"embeddable":true,"href":"https:\/\/www.europesays.com\/es\/wp-json\/wp\/v2\/media\/255932"}],"wp:attachment":[{"href":"https:\/\/www.europesays.com\/es\/wp-json\/wp\/v2\/media?parent=255931"}],"wp:term":[{"taxonomy":"category","embeddable":true,"href":"https:\/\/www.europesays.com\/es\/wp-json\/wp\/v2\/categories?post=255931"},{"taxonomy":"post_tag","embeddable":true,"href":"https:\/\/www.europesays.com\/es\/wp-json\/wp\/v2\/tags?post=255931"}],"curies":[{"name":"wp","href":"https:\/\/api.w.org\/{rel}","templated":true}]}}