{"id":255937,"date":"2025-11-26T00:43:10","date_gmt":"2025-11-26T00:43:10","guid":{"rendered":"https:\/\/www.europesays.com\/es\/255937\/"},"modified":"2025-11-26T00:43:10","modified_gmt":"2025-11-26T00:43:10","slug":"pogacar-deleita-en-maspalomas-y-gran-canaria-impulsa-su-proyeccion-como-destino-ciclista","status":"publish","type":"post","link":"https:\/\/www.europesays.com\/es\/255937\/","title":{"rendered":"Pogacar deleita en Maspalomas y Gran Canaria impulsa su proyecci\u00f3n como destino ciclista"},"content":{"rendered":"<p><a class=\"v-mdl-ath__fig-a\" href=\"https:\/\/www.canarias7.es\/autor\/canarias7-6545.html\" title=\"CANARIAS7\" rel=\"nofollow noopener\" target=\"_blank\"><br \/>\n<img decoding=\"async\" class=\"v-mdl-ath__img\" src=\"https:\/\/s2.ppllstatics.com\/comun\/img\/2014\/autor\/autor-6545-foto-1.png\" alt=\"CANARIAS7\"\/><br \/>\n<\/a><\/p>\n<p class=\"v-mdl-ath__p v-mdl-ath__p--6\">\nMartes, 25 de noviembre 2025, 13:48<\/p>\n<p class=\"v-p\">El Faro de Maspalomas fue este martes el escenario del simb\u00f3lico inicio de la iniciativa <strong>Gran Canaria 365<\/strong>, una acci\u00f3n estrat\u00e9gica destinada a reforzar la proyecci\u00f3n de la isla como destino ciclista de referencia durante todo el a\u00f1o.<\/p>\n<p class=\"v-p\">En la imagen, una veintena de ciclistas del pelot\u00f3n internacional, liderado por <strong>el campe\u00f3n del mundo, Tadej Poga\u010dar<\/strong>, junto a representantes institucionales y promotores del proyecto, escenificaron el pistoletazo de salida de esta iniciativa, en un acto en el que el presidente del Cabildo de Gran Canaria, Antonio Morales, y el consejero de Turismo, Carlos \u00c1lamo, dieron la bienvenida a los deportistas que estar\u00e1n rodando por la isla durante los pr\u00f3ximos d\u00edas.<\/p>\n<p class=\"v-p\">\u00abLa presencia de Poga\u010dar y de ciclistas del m\u00e1s alto nivel en la isla abre una gran ventana para que el mundo vuelva a comprobar que Gran Canaria re\u00fane las condiciones id\u00f3neas para la pr\u00e1ctica deportiva a lo largo de todo el a\u00f1o por su clima, sus infraestructuras y su conectividad, todo ello en el contexto de un modelo insular de desarrollo sostenible, la apuesta por la diversificaci\u00f3n y la convicci\u00f3n de la capacidad de transformaci\u00f3n social de los valores deportivos\u00bb, se\u00f1al\u00f3 Antonio Morales.<\/p>\n<p class=\"v-p\">El consejero de Turismo de Gran Canaria, Carlos \u00c1lamo, manifest\u00f3: \u00abGran Canaria es un destino multiproducto, que ha sumado a su oferta el atractivo de practicar deporte los 365 d\u00edas del a\u00f1o, algo especialmente valorado por los ciclistas. Por lo tanto, contar con la presencia de una leyenda como Poga\u010dar, junto a otros dos actuales campeones del mundo nos brinda una oportunidad de oro para situar nuestra isla y todo su potencial antes millones de aficionados a este deporte en el mundo\u00bb.<\/p>\n<p class=\"v-p\">Junto a Morales y \u00c1lamo estuvieron presentes Nicol\u00e1s Villalobos, presidente de Tri Bike &amp; Run; Ram\u00f3n Su\u00e1rez, concejal de Deportes de San Bartolom\u00e9 de Tirajana; y Daniel Gonz\u00e1lez, gerente de DG Eventos.<\/p>\n<p class=\"v-p\">Del 24 al 30 de noviembre, los ciclistas realizar\u00e1n sesiones de entrenamiento en distintos puntos de la geograf\u00eda insular y participar\u00e1n en la TotalEnergies Gran Fondo Pico de las Nieves, que se celebrar\u00e1 el pr\u00f3ximo 30 de noviembre. De forma paralela, se desarrollar\u00e1 un press trip con medios internacionales, que contribuir\u00e1 a reforzar la promoci\u00f3n de Gran Canaria como enclave privilegiado para el entrenamiento profesional y el turismo deportivo.<\/p>\n<p class=\"v-p\">El principal foco medi\u00e1tico de la jornada lo protagoniz\u00f3 Tadej Poga\u010dar, campe\u00f3n del mundo y cuatro veces ganador del Tour de Francia, quien ha elegido Gran Canaria, junto a m\u00e1s de una veintena de figuras de primer nivel, atra\u00eddo por el clima, la orograf\u00eda y la calidad de las infraestructuras que ofrece la isla para la pr\u00e1ctica del ciclismo de alto rendimiento.<\/p>\n<p class=\"v-p\">Gran Canaria 365 es una iniciativa creada por DG Eventos e impulsada por Turismo de Gran Canaria a trav\u00e9s de Gran Canaria Tri Bike &amp; Run, con el objetivo de consolidar un modelo de desarrollo sostenible en torno al deporte, la naturaleza y el clima privilegiado de la isla.<\/p>\n<p>Reporta un error<\/p>\n","protected":false},"excerpt":{"rendered":"Martes, 25 de noviembre 2025, 13:48 El Faro de Maspalomas fue este martes el escenario del simb\u00f3lico inicio&hellip;\n","protected":false},"author":2,"featured_media":255938,"comment_status":"","ping_status":"","sticky":false,"template":"","format":"standard","meta":{"footnotes":""},"categories":[273],"tags":[7221,313,1757,312,64366,168,4578,25,24,3956,5022,2202,549,44741,23,167],"class_list":{"0":"post-255937","1":"post","2":"type-post","3":"status-publish","4":"format-standard","5":"has-post-thumbnail","7":"category-ciclismo","8":"tag-canaria","9":"tag-ciclismo","10":"tag-ciclista","11":"tag-cycling","12":"tag-deleita","13":"tag-deportes","14":"tag-destino","15":"tag-es","16":"tag-espana","17":"tag-gran","18":"tag-impulsa","19":"tag-maspalomas","20":"tag-pogacar","21":"tag-proyeccion","22":"tag-spain","23":"tag-sports"},"share_on_mastodon":{"url":"https:\/\/pubeurope.com\/@es\/115613231520298318","error":""},"_links":{"self":[{"href":"https:\/\/www.europesays.com\/es\/wp-json\/wp\/v2\/posts\/255937","targetHints":{"allow":["GET"]}}],"collection":[{"href":"https:\/\/www.europesays.com\/es\/wp-json\/wp\/v2\/posts"}],"about":[{"href":"https:\/\/www.europesays.com\/es\/wp-json\/wp\/v2\/types\/post"}],"author":[{"embeddable":true,"href":"https:\/\/www.europesays.com\/es\/wp-json\/wp\/v2\/users\/2"}],"replies":[{"embeddable":true,"href":"https:\/\/www.europesays.com\/es\/wp-json\/wp\/v2\/comments?post=255937"}],"version-history":[{"count":0,"href":"https:\/\/www.europesays.com\/es\/wp-json\/wp\/v2\/posts\/255937\/revisions"}],"wp:featuredmedia":[{"embeddable":true,"href":"https:\/\/www.europesays.com\/es\/wp-json\/wp\/v2\/media\/255938"}],"wp:attachment":[{"href":"https:\/\/www.europesays.com\/es\/wp-json\/wp\/v2\/media?parent=255937"}],"wp:term":[{"taxonomy":"category","embeddable":true,"href":"https:\/\/www.europesays.com\/es\/wp-json\/wp\/v2\/categories?post=255937"},{"taxonomy":"post_tag","embeddable":true,"href":"https:\/\/www.europesays.com\/es\/wp-json\/wp\/v2\/tags?post=255937"}],"curies":[{"name":"wp","href":"https:\/\/api.w.org\/{rel}","templated":true}]}}