{"id":255943,"date":"2025-11-26T00:47:12","date_gmt":"2025-11-26T00:47:12","guid":{"rendered":"https:\/\/www.europesays.com\/es\/255943\/"},"modified":"2025-11-26T00:47:12","modified_gmt":"2025-11-26T00:47:12","slug":"david-guetta-y-su-hijo-elvis-presumen-de-abdominales-y-conquistan-las-redes-con-su-complicidad-familiar","status":"publish","type":"post","link":"https:\/\/www.europesays.com\/es\/255943\/","title":{"rendered":"David Guetta y su hijo Elvis presumen de abdominales y conquistan las redes con su complicidad familiar"},"content":{"rendered":"<p><img alt=\"La complicidad entre David y\" class=\"global-image\" decoding=\"async\" fetchpriority=\"high\" height=\"1080\" loading=\"eager\" src=\"https:\/\/www.europesays.com\/es\/wp-content\/uploads\/2025\/11\/JW3MICG2R5FRPKKWDUG44BLGH4.jpg\" width=\"1920\"\/>La complicidad entre David y Elvis Guetta se refleja en sus publicaciones, donde el humor y la admiraci\u00f3n mutua son protagonistas (IG Elvis Guetta)<\/p>\n<p class=\"paragraph\"><a rel=\"noopener noreferrer nofollow\" href=\"https:\/\/www.infobae.com\/tag\/david-guetta\/\" target=\"_blank\" title=\"https:\/\/www.infobae.com\/tag\/david-guetta\/\">David Guetta<\/a> y su hijo Elvis han acaparado la atenci\u00f3n de los medios y las <a rel=\"noopener noreferrer nofollow\" href=\"https:\/\/www.infobae.com\/tag\/redes-sociales\/\" target=\"_blank\" title=\"https:\/\/www.infobae.com\/tag\/redes-sociales\/\">redes sociales<\/a> tras compartir im\u00e1genes juntos en la playa, ambos luciendo un f\u00edsico que ha sorprendido incluso a sus seguidores m\u00e1s fieles. Lejos de ser una simple an\u00e9cdota veraniega, el contenido publicado refleja el fruto de una vida marcada por la disciplina, el autocuidado y la transmisi\u00f3n generacional de <b>h\u00e1bitos saludables<\/b>, tanto dentro como fuera del mundo de la m\u00fasica electr\u00f3nica.<\/p>\n<p class=\"paragraph\">A punto de cumplir 60 a\u00f1os, <b>David Guetta ostenta una figura envidiable que desaf\u00eda las expectativas y rompe con los estereotipos habituales sobre la vida de los DJs<\/b>. Reconocido por su trayectoria internacional, el franc\u00e9s ha sido muy claro en que las sesiones nocturnas y las giras no le apartan de su rutina saludable. Mientras otros colegas han sucumbido a las demandas y excesos de un entorno plagado de tentaciones, \u00e9l apuesta por el equilibrio: prioriza una dieta nutritiva y mantiene la pr\u00e1ctica deportiva como parte esencial de su vida. El resultado es visible y ha quedado evidenciado en las im\u00e1genes que han causado sensaci\u00f3n entre sus fan\u00e1ticos y seguidores en las \u00faltimas semanas.<\/p>\n<p><img alt=\"David Guetta y su hijo\" class=\"global-image\" decoding=\"async\" fetchpriority=\"low\" height=\"1080\" loading=\"lazy\" src=\"https:\/\/www.europesays.com\/es\/wp-content\/uploads\/2025\/11\/FGRAH4JCHZEZRFSEHZRWEKOMLM.jpg\" width=\"1920\"\/>David Guetta y su hijo Elvis sorprenden en redes sociales al mostrar sus abdominales y destacar su gen\u00e9tica familiar (IG Elvis Guetta)<\/p>\n<p class=\"paragraph\">El cuidado f\u00edsico que ambos muestran no es \u00fanicamente producto de la gen\u00e9tica, aunque numerosos comentarios en las publicaciones lo hayan destacado con frases como \u201c<b>qu\u00e9 buenos genes<\/b>\u201d. Lo que diferencia especialmente la imagen de Guetta es su capacidad para demostrar, con hechos, los beneficios de la constancia y la disciplina personal. <b>Elvis, su hijo de 21 a\u00f1os, es la mejor prueba de esa influencia familiar<\/b>. La complicidad entre ambos se evidenci\u00f3 no solo en las fotograf\u00edas, sino tambi\u00e9n en los comentarios que circularon despu\u00e9s. David, con su caracter\u00edstico sentido del humor, ironiz\u00f3 sobre los inicios de su hijo en el mundo del entrenamiento f\u00edsico: \u201c<b>Y \u00e9l antes se quejaba<\/b>\u201d, escribi\u00f3 en alusi\u00f3n a la reticencia inicial de Elvis a seguir sus rutinas.<\/p>\n<p class=\"paragraph\">La <b>comparaci\u00f3n entre David y Elvis<\/b> va m\u00e1s all\u00e1 de una simple rivalidad f\u00edsica de padre e hijo. Es tambi\u00e9n la representaci\u00f3n de una herencia de valores y costumbres. Los fans alimentaron el debate sobre qui\u00e9n presentaba el mejor estado f\u00edsico y, de paso, reforzaron la idea de que el empe\u00f1o personal es tan importante como la gen\u00e9tica. La juventud de Elvis y la madurez de David conviven en una din\u00e1mica donde el ejemplo y la admiraci\u00f3n mutua funcionan como motor de motivaci\u00f3n permanente.<\/p>\n<p><img alt=\"Elvis Guetta, de 21 a\u00f1os,\" class=\"global-image\" decoding=\"async\" fetchpriority=\"low\" height=\"1080\" loading=\"lazy\" src=\"https:\/\/www.europesays.com\/es\/wp-content\/uploads\/2025\/11\/GYCJPHFYJNH7JIQRMAX4XQ3GZ4.jpg\" width=\"1920\"\/>Elvis Guetta, de 21 a\u00f1os, sigue los pasos de su padre en la m\u00fasica electr\u00f3nica y en h\u00e1bitos saludables (IG Elvis Guetta)<\/p>\n<p class=\"paragraph\">Pero <b>Elvis Guetta<\/b> no solo comparte con su padre la disciplina f\u00edsica y la afici\u00f3n por una vida saludable. Su trayectoria demuestra que tambi\u00e9n ha heredado la pasi\u00f3n por la m\u00fasica electr\u00f3nica. A los 21 a\u00f1os, Elvis ha empezado a construir su propio nombre en la escena internacional. Prueba de ello es su presencia detr\u00e1s de los platos en UNVRS Ibiza, un club donde ha compartido cabina con su padre y ha mostrado el mismo compromiso por el trabajo y el bienestar que ha caracterizado la carrera de David Guetta. <\/p>\n<p class=\"paragraph\">Elvis se ha desmarcado de algunos de los placeres asociados tradicionalmente al universo nocturno, afirmando con claridad: \u201c<b>Mucha gente cuando sale de fiesta bebe y toma drogas, y a m\u00ed no me va nada de eso. Mi droga es la m\u00fasica<\/b>.\u201d Con esta declaraci\u00f3n, recogida en la revista \u2018GQ\u2019, el joven marca distancia de los excesos y ratifica la influencia \u00e9tica y profesional de su entorno familiar.<\/p>\n<p class=\"paragraph\">Las publicaciones de padre e hijo en redes sociales no pasaron por alto. Los seguidores de Guetta no tardaron en reaccionar: cientos de comentarios inundaron la publicaci\u00f3n, destacando la espectacular forma f\u00edsica de ambos, el buen ambiente familiar y la sorna con la que ambos enfrentan la atenci\u00f3n medi\u00e1tica. <\/p>\n<p class=\"paragraph\">Los adjetivos \u201c\u00e9picos\u201d, \u201cqu\u00e9 locura\u201d y la recurrente alusi\u00f3n a la fortaleza heredada dibujan el retrato de una dupla admirada por mucho m\u00e1s que sus sesiones musicales. En medio de la viralidad, David supo tambi\u00e9n re\u00edrse de s\u00ed mismo, otorg\u00e1ndole a la relaci\u00f3n con su hijo un car\u00e1cter entra\u00f1able y natural que humaniza la figura p\u00fablica.<\/p>\n<p><img alt=\"Elvis Guetta rechaza los excesos\" class=\"global-image\" decoding=\"async\" fetchpriority=\"low\" height=\"1080\" loading=\"lazy\" src=\"https:\/\/www.europesays.com\/es\/wp-content\/uploads\/2025\/11\/2PUT6UXE75H27EANKTJFJFP7JY.jpg\" width=\"1920\"\/>Elvis Guetta rechaza los excesos nocturnos y afirma que su verdadera pasi\u00f3n es la m\u00fasica, alej\u00e1ndose de drogas y alcohol (IG Elvis Guetta)<\/p>\n<p class=\"paragraph\">En este contexto, la visi\u00f3n de la vida de David Guetta cobra especial relevancia. En declaraciones a \u2018Vanity Fair\u2019, resumi\u00f3 su filosof\u00eda con estas palabras: \u201c<b>Si fuese el \u00faltimo d\u00eda de mi vida, pasar\u00eda la tarde con mis hijos, luego subir\u00eda al escenario para hacer una buena sesi\u00f3n<\/b> y acabar\u00eda teniendo una noche de buen sexo&#8230; Lo que, por cierto, me hace pensar que muchos d\u00edas de mi vida son as\u00ed, por lo que, entonces, los vivo con la misma intensidad y emoci\u00f3n que ese supuesto \u00faltimo d\u00eda\u201d. <\/p>\n<p class=\"paragraph\">Esta declaraci\u00f3n revela una concepci\u00f3n de la existencia donde placer, trabajo y familia no son compartimentos estancos, sino ingredientes que se disfrutan y valoran a diario, con la intensidad propia de quien sabe aprovechar cada momento.<\/p>\n<p class=\"paragraph\">Elvis no se queda atr\u00e1s en cuanto a sabidur\u00eda vital. Describi\u00f3 con claridad su adaptaci\u00f3n al ritmo que impone la noche: \u201c<b>Un d\u00eda normal para m\u00ed consiste en irme a dormir alrededor de las 4 o 5 de la ma\u00f1ana y levantarme al mediod\u00eda<\/b>\u201d, explic\u00f3 en \u2018GQ\u2019. La frase sintetiza la peculiaridad de un estilo de vida alejado de los horarios convencionales, pero compensado por la entrega total a su vocaci\u00f3n y el equilibrio personal.<\/p>\n<p class=\"paragraph\">La rutina saludable, la complicidad familiar, el compromiso profesional y la filosof\u00eda de vivir cada jornada como \u00fanica conforman la esencia del legado Guetta. Una imagen viral en la playa no hace m\u00e1s que recordar lo que ambos sostienen con hechos y palabras: la buena vida est\u00e1 en el equilibrio, la pasi\u00f3n aut\u00e9ntica y la complicidad generacional.<\/p>\n","protected":false},"excerpt":{"rendered":"La complicidad entre David y Elvis Guetta se refleja en sus publicaciones, donde el humor y la admiraci\u00f3n&hellip;\n","protected":false},"author":2,"featured_media":255944,"comment_status":"","ping_status":"","sticky":false,"template":"","format":"standard","meta":{"footnotes":""},"categories":[174],"tags":[255,146,147,25,24,256,23],"class_list":{"0":"post-255943","1":"post","2":"type-post","3":"status-publish","4":"format-standard","5":"has-post-thumbnail","7":"category-famosos","8":"tag-celebrities","9":"tag-entertainment","10":"tag-entretenimiento","11":"tag-es","12":"tag-espana","13":"tag-famosos","14":"tag-spain"},"share_on_mastodon":{"url":"https:\/\/pubeurope.com\/@es\/115613247484399221","error":""},"_links":{"self":[{"href":"https:\/\/www.europesays.com\/es\/wp-json\/wp\/v2\/posts\/255943","targetHints":{"allow":["GET"]}}],"collection":[{"href":"https:\/\/www.europesays.com\/es\/wp-json\/wp\/v2\/posts"}],"about":[{"href":"https:\/\/www.europesays.com\/es\/wp-json\/wp\/v2\/types\/post"}],"author":[{"embeddable":true,"href":"https:\/\/www.europesays.com\/es\/wp-json\/wp\/v2\/users\/2"}],"replies":[{"embeddable":true,"href":"https:\/\/www.europesays.com\/es\/wp-json\/wp\/v2\/comments?post=255943"}],"version-history":[{"count":0,"href":"https:\/\/www.europesays.com\/es\/wp-json\/wp\/v2\/posts\/255943\/revisions"}],"wp:featuredmedia":[{"embeddable":true,"href":"https:\/\/www.europesays.com\/es\/wp-json\/wp\/v2\/media\/255944"}],"wp:attachment":[{"href":"https:\/\/www.europesays.com\/es\/wp-json\/wp\/v2\/media?parent=255943"}],"wp:term":[{"taxonomy":"category","embeddable":true,"href":"https:\/\/www.europesays.com\/es\/wp-json\/wp\/v2\/categories?post=255943"},{"taxonomy":"post_tag","embeddable":true,"href":"https:\/\/www.europesays.com\/es\/wp-json\/wp\/v2\/tags?post=255943"}],"curies":[{"name":"wp","href":"https:\/\/api.w.org\/{rel}","templated":true}]}}