{"id":255947,"date":"2025-11-26T00:50:14","date_gmt":"2025-11-26T00:50:14","guid":{"rendered":"https:\/\/www.europesays.com\/es\/255947\/"},"modified":"2025-11-26T00:50:14","modified_gmt":"2025-11-26T00:50:14","slug":"soy-abuela-a-la-fuga-no-tengo-mas-que-una-vida-y-lo-que-me-queda-de-ella-es-mia","status":"publish","type":"post","link":"https:\/\/www.europesays.com\/es\/255947\/","title":{"rendered":"\u00bbSoy abuela a la fuga, no tengo m\u00e1s que una vida y lo que me queda de ella es m\u00eda\u00bb"},"content":{"rendered":"<p data-gtm-element-container=\"modulo-texto-link\" class=\"paragraph\"><a href=\"https:\/\/www.lavanguardia.com\/television\/20251125\/11302024\/contundente-reaccion-soltera-first-dates-inesperada-confesion-sexual-cita-me-provoca-mmn.html\" target=\"_blank\" rel=\"nofollow noopener\">First Dates<\/a> no es solo un programa de televisi\u00f3n. El espacio presentado por Carlos Sobera y Lidia Santos se ha consolidado como el escenario perfecto para encontrar el amor. Y eso es justamente lo que intent\u00f3 Elena en la noche del martes. La enfermera jubilada de Badalona (Barcelona) sorprendi\u00f3 al equipo a su llegada: \u00bbSoy abuela a la fuga, no tengo m\u00e1s que una vida y lo que me queda de ella es m\u00eda. Puedo ayuda a mis hijos, pero no como una obligaci\u00f3n\u00bb.<\/p>\n<p data-gtm-element-container=\"modulo-texto-link\" class=\"paragraph\">Una de sus aficiones era bailar y subir v\u00eddeos a Tiktok. \u00bbCanto, baile e interact\u00fao con la gente\u00bb, confes\u00f3. \u00bb\u00bfY has ligado con alguien en las redes?\u00bb, quiso saber Lidia Santos. \u00bbMe faltan dedos para tanto anillo\u00bb, asegur\u00f3. De hecho, la catalana confes\u00f3 que de camino al programa tambi\u00e9n hab\u00eda ligado.\u00a0<\/p>\n<p>                <img loading=\"lazy\" decoding=\"async\" data-full-src=\"https:\/\/www.lavanguardia.com\/uploads\/2025\/11\/25\/692622753659f.png\" alt=\"Elena y Jos\u00e9 Luis en 'First Dates'\" width=\"449\" height=\"242\" src=\"https:\/\/www.europesays.com\/es\/wp-content\/uploads\/2025\/11\/692622753659f.png\" class=\"lazy\"\/><\/p>\n<p class=\"caption-title \">Elena y Jos\u00e9 Luis en &#8216;First Dates&#8217;<\/p>\n<p>                    Mediaset<\/p>\n<p data-gtm-element-container=\"modulo-texto-link\" class=\"paragraph\">Su cita fue Jos\u00e9 Luis, un conductor jubilado de Badalona que lleg\u00f3 con mucha ilusi\u00f3n al programa de <a href=\"https:\/\/www.lavanguardia.com\/television\/programacion-tv\/cuatro\" target=\"_blank\" rel=\"noopener noreferrer nofollow\">Cuatro<\/a>. \u00bbMe ha gustado f\u00edsicamente\u00bb, confes\u00f3 el soltero al ver a su cita. Elena, en cambio, se llev\u00f3 una peque\u00f1a decepci\u00f3n: \u00bbMe hubiera gustado con otra ropa. Parece una persona que viste m\u00e1s sport y a m\u00ed me gustan m\u00e1s trajeadas\u00bb.\u00a0<\/p>\n<p>        Lee tambi\u00e9n<\/p>\n<p>    Nerea Parraga Frutos<\/p>\n<p>             <img loading=\"lazy\" decoding=\"async\" data-full-src=\"https:\/\/www.lavanguardia.com\/uploads\/2025\/11\/24\/6924d1066e7ad.png\" alt=\"Janet en 'First Dates'\" width=\"104\" height=\"108\" src=\"https:\/\/www.europesays.com\/es\/wp-content\/uploads\/2025\/11\/6924d1066e7ad.png\" class=\"lazy\"\/><\/p>\n<p data-gtm-element-container=\"modulo-texto-link\" class=\"paragraph\">Tras intercambiar sus primeras palabras, la presentadora acompa\u00f1\u00f3 a la pareja hasta su mesa, donde comenzaron la velada descubriendo un curioso punto en com\u00fan: ambos viv\u00edan en la misma ciudad. \u00bbEso favorece la comunicaci\u00f3n\u00bb, recalc\u00f3 el catal\u00e1n. Por si fuera poco, Elena descubri\u00f3 r\u00e1pidamente que Jos\u00e9 Luis era una persona muy divertida. \u00bbMe encanta re\u00edrme y a \u00e9l por lo visto tambi\u00e9n\u00bb, afirm\u00f3.\u00a0<\/p>\n<p>                <img loading=\"lazy\" decoding=\"async\" data-full-src=\"https:\/\/www.lavanguardia.com\/uploads\/2025\/11\/25\/692623093c5ee.png\" alt=\"Jos\u00e9 Luis en 'First Dates'\" width=\"449\" height=\"245\" src=\"https:\/\/www.europesays.com\/es\/wp-content\/uploads\/2025\/11\/692623093c5ee.png\" class=\"lazy\"\/><\/p>\n<p class=\"caption-title \">Jos\u00e9 Luis en &#8216;First Dates&#8217;<\/p>\n<p>                    Mediaset<\/p>\n<p data-gtm-element-container=\"modulo-texto-link\" class=\"paragraph\">La complicidad entre ambos fue tan intensa que ni siquiera sintieron la necesidad de preguntarse la edad. \u00bbYo no tengo edad, tengo vida\u00bb, replic\u00f3 la soltera. \u00bbMe ha encantado esa respuesta\u00bb, se\u00f1al\u00f3 el soltero. Acto seguido, Elena dej\u00f3 claro que no buscaba una relaci\u00f3n de pareja convencional. \u00bbT\u00fa con tu espacio, yo con el m\u00edo y uno en com\u00fan\u00bb, explic\u00f3 ella. \u00bbNo s\u00e9 si estamos en la misma sinton\u00eda, pero m\u00e1s o menos queremos las mismas cosas\u00bb, declar\u00f3 Jos\u00e9 Luis.\u00a0<\/p>\n<p data-gtm-element-container=\"modulo-texto-link\" class=\"paragraph\">Esa peque\u00f1a diferencia no supuso ning\u00fan problema para el catal\u00e1n, quien fue incapaz de ocultar lo c\u00f3modo que se sent\u00eda a su lado. Por ello, no dud\u00f3 en ser sincero: \u00bbNo voy a volver m\u00e1s a First Dates porque ya he encontrado lo que quer\u00eda\u00bb. \u00bbEres muy amable. Debe ser que me he levantado con el guapo subido hoy\u00bb, brome\u00f3 la soltera.\u00a0<\/p>\n<p>                <img loading=\"lazy\" decoding=\"async\" data-full-src=\"https:\/\/www.lavanguardia.com\/uploads\/2025\/11\/25\/6926254fa15d5.png\" alt=\"Elena y Jos\u00e9 Luis en 'First Dates'\" width=\"449\" height=\"246\" src=\"https:\/\/www.europesays.com\/es\/wp-content\/uploads\/2025\/11\/6926254fa15d5.png\" class=\"lazy\"\/><\/p>\n<p class=\"caption-title \">Elena y Jos\u00e9 Luis en &#8216;First Dates&#8217;<\/p>\n<p>                    Mediaset<\/p>\n<p data-gtm-element-container=\"modulo-texto-link\" class=\"paragraph\">En la recta final, los solteros se desplazaron hasta el reservado del programa, donde Jos\u00e9 Luis sorprendi\u00f3 a la soltera con un beso dulce en la mejilla. \u00bbNo estamos para picos\u00bb, avis\u00f3 Elena. \u00bbSi la hubiera visto receptiva, s\u00ed que la hubiera dado un morreo\u00bb, confes\u00f3 \u00e9l. En la decisi\u00f3n final no hubo sorpresas: ambos quisieron repetir cita para seguir conoci\u00e9ndose fuera de las cuatro paredes del famoso restaurante.\u00a0<\/p>\n","protected":false},"excerpt":{"rendered":"First Dates no es solo un programa de televisi\u00f3n. El espacio presentado por Carlos Sobera y Lidia Santos&hellip;\n","protected":false},"author":2,"featured_media":255948,"comment_status":"","ping_status":"","sticky":false,"template":"","format":"standard","meta":{"footnotes":""},"categories":[171],"tags":[146,147,25,24,23,214],"class_list":{"0":"post-255947","1":"post","2":"type-post","3":"status-publish","4":"format-standard","5":"has-post-thumbnail","7":"category-tv","8":"tag-entertainment","9":"tag-entretenimiento","10":"tag-es","11":"tag-espana","12":"tag-spain","13":"tag-tv"},"share_on_mastodon":{"url":"https:\/\/pubeurope.com\/@es\/115613259034853977","error":""},"_links":{"self":[{"href":"https:\/\/www.europesays.com\/es\/wp-json\/wp\/v2\/posts\/255947","targetHints":{"allow":["GET"]}}],"collection":[{"href":"https:\/\/www.europesays.com\/es\/wp-json\/wp\/v2\/posts"}],"about":[{"href":"https:\/\/www.europesays.com\/es\/wp-json\/wp\/v2\/types\/post"}],"author":[{"embeddable":true,"href":"https:\/\/www.europesays.com\/es\/wp-json\/wp\/v2\/users\/2"}],"replies":[{"embeddable":true,"href":"https:\/\/www.europesays.com\/es\/wp-json\/wp\/v2\/comments?post=255947"}],"version-history":[{"count":0,"href":"https:\/\/www.europesays.com\/es\/wp-json\/wp\/v2\/posts\/255947\/revisions"}],"wp:featuredmedia":[{"embeddable":true,"href":"https:\/\/www.europesays.com\/es\/wp-json\/wp\/v2\/media\/255948"}],"wp:attachment":[{"href":"https:\/\/www.europesays.com\/es\/wp-json\/wp\/v2\/media?parent=255947"}],"wp:term":[{"taxonomy":"category","embeddable":true,"href":"https:\/\/www.europesays.com\/es\/wp-json\/wp\/v2\/categories?post=255947"},{"taxonomy":"post_tag","embeddable":true,"href":"https:\/\/www.europesays.com\/es\/wp-json\/wp\/v2\/tags?post=255947"}],"curies":[{"name":"wp","href":"https:\/\/api.w.org\/{rel}","templated":true}]}}