{"id":255959,"date":"2025-11-26T00:57:08","date_gmt":"2025-11-26T00:57:08","guid":{"rendered":"https:\/\/www.europesays.com\/es\/255959\/"},"modified":"2025-11-26T00:57:08","modified_gmt":"2025-11-26T00:57:08","slug":"las-mejoras-que-los-sindicatos-pelearan-para-los-empleados-de-telefonica-que-seguiran-tras-el-ere","status":"publish","type":"post","link":"https:\/\/www.europesays.com\/es\/255959\/","title":{"rendered":"Las mejoras que los sindicatos pelear\u00e1n para los empleados de Telef\u00f3nica que seguir\u00e1n tras el ERE"},"content":{"rendered":"<p><strong>Telef\u00f3nica <\/strong>ya ha trasladado a los sindicatos su intenci\u00f3n de ejecutar un <strong>ERE <\/strong>para <a href=\"https:\/\/www.elindependiente.com\/economia\/2025\/11\/25\/telefonica-contempla-realizar-6-355-despidos-en-total-en-su-nuevo-ere\/\" rel=\"nofollow noopener\" target=\"_blank\">dar salida a 6.088 empleados<\/a> procedentes de siete filiales distintas. Pero ahora las dos partes iniciar\u00e1n una marat\u00f3n de reuniones para llegar a un acuerdo definitivo sobre este nuevo plan de despidos, que deber\u00eda cerrarse en los pr\u00f3ximos 28 d\u00edas.<\/p>\n<p>En el \u00faltimo\u00a0<strong>ERE<\/strong>\u00a0de la operadora, firmado en enero de 2024, <strong>Telef\u00f3nica <\/strong>propuso inicialmente un recorte de plantilla de 5.124 personas, que acab\u00f3 rebaj\u00e1ndose tras una ronda de negociaciones hasta la cifra definitiva de 3.420 salidas. En esta ocasi\u00f3n, los sindicatos tienen visiones distintas sobre qu\u00e9 margen tienen para disminuir el n\u00famero.<\/p>\n<p>            <a class=\"articulo-relacionado__media\" href=\"https:\/\/www.elindependiente.com\/economia\/2025\/11\/17\/telefonica-comunica-a-los-sindicatos-que-ejecutara-un-nuevo-ere-pero-no-confirma-la-cifra-de-salidas\/\" title=\"Telef\u00f3nica comunica a los sindicatos un ERE que afectar\u00e1 a siete de sus filiales\" rel=\"nofollow noopener\" target=\"_blank\"><\/p>\n<p>                <img loading=\"lazy\" decoding=\"async\" src=\"data:image\/svg+xml,%3Csvg%20xmlns=\" http:=\"\" width=\"390\" height=\"220\" alt=\"Telef\u00f3nica comunica a los sindicatos un ERE que afectar\u00e1 a siete de sus filiales\" data-lazy-src=\"https:\/\/www.europesays.com\/es\/wp-content\/uploads\/2025\/11\/europapress-5422411-exterior-sede-telefonica-ensanche-tablas-distrito-fuencarral-el-pardo-e176339520.webp\"\/><\/p>\n<p>\t\t\t            <\/a><\/p>\n<p>\u00abNuestra intenci\u00f3n es que las salidas sean prioritariamente voluntarias\u00bb, explican desde <strong>CCOO<\/strong>, \u00abpero todo depender\u00e1 de c\u00f3mo reaccionen los trabajadores para ver si se rebaja la cifra final de despidos o no. No depende tanto de nosotros, sino de c\u00f3mo lo acoja la propia plantilla\u00bb, rematan.<\/p>\n<p>Desde <strong>UGT<\/strong>, sin embargo, tienen una visi\u00f3n completamente diferente. \u00abHay que hacer precisamente el trabajo contrario\u00bb, arrancan diciendo. \u00abLa empresa ha movido ficha ahora, pero nuestra posici\u00f3n es que el n\u00famero de salidas sea lo m\u00e1s bajo posible\u00bb, relatan. En esa l\u00ednea, aseguran que est\u00e1n dispuestos a \u00abforzar la maquinaria\u00bb al m\u00e1ximo, independientemente del n\u00famero de voluntarios que quieran presentarse.<\/p>\n<p>\u00abEstamos haciendo todos los an\u00e1lisis de las pir\u00e1mides poblacionales de cada filial para hacer el esfuerzo de reducir la cifra de los 6.088 planteados por <strong>Telef\u00f3nica<\/strong>\u00ab, inciden en <strong>UGT<\/strong>. La postura es parecida a la de <strong>Fetico-Sumados<\/strong>, que defiende que \u00abdesde luego el n\u00famero tendr\u00e1 que bajar de forma sustancial para asegurar que no existan despidos forzados\u00bb. <\/p>\n<p>M\u00e1s all\u00e1 de cu\u00e1l sea la cifra definitiva de despidos, los sindicatos tienen intenci\u00f3n de pelear para mejorar las condiciones de la plantilla que se quede en la compa\u00f1\u00eda. Seg\u00fan las \u00faltimas memorias de <strong>Telef\u00f3nica<\/strong>, en 2024 contaban con 25.000 empleados en <strong>Espa\u00f1a<\/strong>, y los representantes de los trabajadores quieren aprovechar la situaci\u00f3n para conseguir algunas mejoras.<\/p>\n<p>\u00abEstamos analiz\u00e1ndolo todo. Pero este tema es precisamente el que vamos a empezar a negociar este mi\u00e9rcoles para ver la predisposici\u00f3n que tiene la empresa\u00bb, deslizan desde <strong>UGT, <\/strong>donde consideran que revisar las condiciones del teletrabajo y la jornada laboral ser\u00edan las dos medidas \u00abque m\u00e1s podr\u00edan beneficiar a la plantilla y que no tendr\u00edan impacto econ\u00f3mico\u00bb. \u00abPediremos extender los convenios colectivos en todas las filiales, y no solo en las afectadas. Pero luego estudiaremos c\u00f3mo amoldarnos a cada empresa para ver posibles mejoras concretas, por ejemplo en los salarios\u00bb, afirman.<\/p>\n<p>            <a class=\"articulo-relacionado__media\" href=\"https:\/\/www.elindependiente.com\/economia\/2025\/11\/10\/postura-sindicatos-posibles-vetos-trabajadores-ere-telefonica\/\" title=\"La postura de los sindicatos ante posibles vetos a los trabajadores en caso de ERE en Telef\u00f3nica\" rel=\"nofollow noopener\" target=\"_blank\"><\/p>\n<p>                <img loading=\"lazy\" decoding=\"async\" src=\"data:image\/svg+xml,%3Csvg%20xmlns=\" http:=\"\" width=\"390\" height=\"220\" alt=\"La postura de los sindicatos ante posibles vetos a los trabajadores en caso de ERE en Telef\u00f3nica\" data-lazy-src=\"https:\/\/www.europesays.com\/es\/wp-content\/uploads\/2025\/11\/ax-0981-390x220.jpg\"\/><\/p>\n<p>\t\t\t            <\/a><\/p>\n<p>En <strong>CCOO <\/strong>la primera reclamaci\u00f3n ser\u00e1 la \u00abestabilidad y garant\u00eda de trabajo\u00bb para los pr\u00f3ximos cinco a\u00f1os, el periodo que contempla el nuevo plan estrat\u00e9gico de <strong>Telef\u00f3nica<\/strong>. \u00abNecesitamos que la gente est\u00e9 tranquila, porque ha habido mucho varapalo con estos <strong>ERE<\/strong> y no queremos que un cambio pol\u00edtico o en el accionariado de la empresa provoque otro. Y luego tendremos que revisar cosas como los salarios o el teletrabajo, que interesan mucho a la plantilla\u00bb, destacan. <\/p>\n<p>En <strong>Fetico-Sumados<\/strong> explican que sus reivindicaciones pasar\u00e1n por vigencia hasta el 2030 del convenio y revisiones salariales en el 2026 y 2029. Y luego pretenden entrar en otros tres ejes concretos: clasificaci\u00f3n profesional, modelo de remuneraci\u00f3n salarial y conciliaci\u00f3n.  <\/p>\n<p>Las filiales que podr\u00edan tener problemas para encontrar voluntarios<\/p>\n<p>Desde <strong>CCOO<\/strong> apuntan que no est\u00e1n preocupados por los despidos de las tres principales filiales afectadas (<strong>Telef\u00f3nica Espa\u00f1a<\/strong>,\u00a0<strong>Telef\u00f3nica Soluciones<\/strong>\u00a0y\u00a0<strong>Telef\u00f3nica M\u00f3viles<\/strong>), que forman parte del\u00a0<strong>CEV (Convenio Colectivo de Empresas Vinculadas<\/strong>). \u00abEn el \u00faltimo <strong>ERE<\/strong>, que afect\u00f3 a estas empresas, hubo m\u00e1s peticiones para apuntarse al proceso que plazas disponibles. Y esperamos que en este caso sea parecido, por eso no nos preocupa tanto\u00bb, sostienen. <\/p>\n<p>En otras tres jur\u00eddicas, como son <strong>Telef\u00f3nica Global Solutions<\/strong>, <strong>Telef\u00f3nica S.A.<\/strong>\u00a0y <strong>Telef\u00f3nica Innovaci\u00f3n Digital<\/strong>, <strong>CCOO<\/strong> muestra m\u00e1s dudas sobre la posibilidad de que los cupos se cubran de manera voluntaria. \u00abLas pir\u00e1mides poblacionales, la antig\u00fcedad y la edad de esas plantillas son bastante distintas a las de las empresas del <strong>CEV<\/strong>\u00ab, comentan.<\/p>\n<p>Por \u00faltimo, <strong>Movistar+<\/strong> puede considerarse que va por libre, porque no pertenece al <strong>CEV<\/strong> pero s\u00ed hay m\u00e1s optimismo para intentar evitar los despidos forzosos. \u00abNo han tenido un <strong>ERE <\/strong>en a\u00f1os, as\u00ed pensamos que podr\u00eda haber muchos voluntarios\u00bb, recalcan en <strong>CCOO<\/strong>.<\/p>\n<p>La ronda de negociaciones se organizar\u00e1 a partir de ahora en dos tandas. Los lunes y los mi\u00e9rcoles de cada semana se negociar\u00e1n los <strong>ERE <\/strong>de las tres filiales que componen el <strong>CEV<\/strong>. Y los martes y los jueves las dos partes se sentar\u00e1n a hablar sobre las otras cuatro jur\u00eddicas. De nuevo, <strong>Movistar+<\/strong> va por libre, porque durante esta primera semana las negociaciones de su plan de despidos tendr\u00e1n lugar el lunes y el mi\u00e9rcoles, pero a partir de la semana cambiar\u00e1n a martes y jueves. <\/p>\n<p>PUBLICIDAD<\/p>\n","protected":false},"excerpt":{"rendered":"Telef\u00f3nica ya ha trasladado a los sindicatos su intenci\u00f3n de ejecutar un ERE para dar salida a 6.088&hellip;\n","protected":false},"author":2,"featured_media":255960,"comment_status":"","ping_status":"","sticky":false,"template":"","format":"standard","meta":{"footnotes":""},"categories":[80],"tags":[82,95,94,2308,25,24,23,6538,1826],"class_list":{"0":"post-255959","1":"post","2":"type-post","3":"status-publish","4":"format-standard","5":"has-post-thumbnail","7":"category-economia","8":"tag-business","9":"tag-economia","10":"tag-economy","11":"tag-empresas","12":"tag-es","13":"tag-espana","14":"tag-spain","15":"tag-telecomunicaciones","16":"tag-telefonica"},"share_on_mastodon":{"url":"https:\/\/pubeurope.com\/@es\/115613286023811995","error":""},"_links":{"self":[{"href":"https:\/\/www.europesays.com\/es\/wp-json\/wp\/v2\/posts\/255959","targetHints":{"allow":["GET"]}}],"collection":[{"href":"https:\/\/www.europesays.com\/es\/wp-json\/wp\/v2\/posts"}],"about":[{"href":"https:\/\/www.europesays.com\/es\/wp-json\/wp\/v2\/types\/post"}],"author":[{"embeddable":true,"href":"https:\/\/www.europesays.com\/es\/wp-json\/wp\/v2\/users\/2"}],"replies":[{"embeddable":true,"href":"https:\/\/www.europesays.com\/es\/wp-json\/wp\/v2\/comments?post=255959"}],"version-history":[{"count":0,"href":"https:\/\/www.europesays.com\/es\/wp-json\/wp\/v2\/posts\/255959\/revisions"}],"wp:featuredmedia":[{"embeddable":true,"href":"https:\/\/www.europesays.com\/es\/wp-json\/wp\/v2\/media\/255960"}],"wp:attachment":[{"href":"https:\/\/www.europesays.com\/es\/wp-json\/wp\/v2\/media?parent=255959"}],"wp:term":[{"taxonomy":"category","embeddable":true,"href":"https:\/\/www.europesays.com\/es\/wp-json\/wp\/v2\/categories?post=255959"},{"taxonomy":"post_tag","embeddable":true,"href":"https:\/\/www.europesays.com\/es\/wp-json\/wp\/v2\/tags?post=255959"}],"curies":[{"name":"wp","href":"https:\/\/api.w.org\/{rel}","templated":true}]}}