{"id":255961,"date":"2025-11-26T00:58:10","date_gmt":"2025-11-26T00:58:10","guid":{"rendered":"https:\/\/www.europesays.com\/es\/255961\/"},"modified":"2025-11-26T00:58:10","modified_gmt":"2025-11-26T00:58:10","slug":"lineas-que-suspendieron-vuelos-a-venezuela-son-las-que-perderian-derecho-de-trafico","status":"publish","type":"post","link":"https:\/\/www.europesays.com\/es\/255961\/","title":{"rendered":"l\u00edneas que suspendieron vuelos a Venezuela son las que perder\u00edan derecho de tr\u00e1fico"},"content":{"rendered":"<p>Ginebra, (EFE).- La Asociaci\u00f3n Internacional del Transporte A\u00e9reo (IATA), que engloba a 300 l\u00edneas a\u00e9reas de todo el mundo, aclar\u00f3 que las compa\u00f1\u00edas que podr\u00edan perder sus derechos de tr\u00e1fico en Venezuela, tras recibir una advertencia del Instituto Nacional de Aeron\u00e1utica Civil (INAC), son las que han suspendido sus vuelos.<\/p>\n<p>La orden de retomar los vuelos en un plazo m\u00e1ximo de 48 horas, de la que la propia IATA inform\u00f3 el lunes, \u00abafecta principalmente a las compa\u00f1\u00edas que ya hab\u00edan anunciado la suspensi\u00f3n temporal\u00bb, subray\u00f3 la asociaci\u00f3n de aerol\u00edneas consultada por EFE.<\/p>\n<p>Varias l\u00edneas espa\u00f1olas<\/p>\n<p>Entre las l\u00edneas que han suspendido sus vuelos, despu\u00e9s de que la Administraci\u00f3n Federal de Aviaci\u00f3n estadounidense instara a \u00abextremar la precauci\u00f3n\u00bb al sobrevolar el territorio venezolano y el sur del Caribe, figuran las espa\u00f1olas Iberia, Air Europa y Plus Ultra, as\u00ed como las compa\u00f1\u00edas TAP, Avianca, Latam, Turkish Airlines y GOL, todas ellas miembros de IATA.<\/p>\n<p>\u00abSubrayamos que las aerol\u00edneas miembros mantienen el compromiso de restablecer operaciones tan pronto como las condiciones lo permitan\u00bb, afirm\u00f3 un responsable de prensa de la asociaci\u00f3n.<\/p>\n<p>\u00abMedidas temporales\u00bb<\/p>\n<p>En la v\u00edspera, IATA advirti\u00f3 a las autoridades venezolanas de que la orden dada a las aerol\u00edneas podr\u00eda reducir a\u00fan m\u00e1s la conectividad hacia el pa\u00eds, que ya es baja en comparaci\u00f3n con otros de la regi\u00f3n.<\/p>\n<p>Enfatiz\u00f3 que las suspensiones de vuelos son \u00abmedidas temporales, adoptadas tras rigurosos an\u00e1lisis de riesgo para garantizar la seguridad de pasajeros, tripulaciones y aeronaves\u00bb.<\/p>\n","protected":false},"excerpt":{"rendered":"Ginebra, (EFE).- La Asociaci\u00f3n Internacional del Transporte A\u00e9reo (IATA), que engloba a 300 l\u00edneas a\u00e9reas de todo el&hellip;\n","protected":false},"author":2,"featured_media":255962,"comment_status":"","ping_status":"","sticky":false,"template":"","format":"standard","meta":{"footnotes":""},"categories":[42],"tags":[17,18,13,14,11,61,62,63,64,19,20,9,10,15,16,12,9569,21,22,1192,65,66,67],"class_list":{"0":"post-255961","1":"post","2":"type-post","3":"status-publish","4":"format-standard","5":"has-post-thumbnail","7":"category-internacional","8":"tag-breaking-news","9":"tag-breakingnews","10":"tag-featured-news","11":"tag-featurednews","12":"tag-headlines","13":"tag-internacional","14":"tag-international","15":"tag-international-news","16":"tag-internationalnews","17":"tag-latest-news","18":"tag-latestnews","19":"tag-news","20":"tag-noticias","21":"tag-noticias-destacadas","22":"tag-noticiasdestacadas","23":"tag-titulares","24":"tag-transporte-aereo","25":"tag-ultimas-noticias","26":"tag-ultimasnoticias","27":"tag-venezuela","28":"tag-world","29":"tag-world-news","30":"tag-worldnews"},"share_on_mastodon":{"url":"https:\/\/pubeurope.com\/@es\/115613289982900177","error":""},"_links":{"self":[{"href":"https:\/\/www.europesays.com\/es\/wp-json\/wp\/v2\/posts\/255961","targetHints":{"allow":["GET"]}}],"collection":[{"href":"https:\/\/www.europesays.com\/es\/wp-json\/wp\/v2\/posts"}],"about":[{"href":"https:\/\/www.europesays.com\/es\/wp-json\/wp\/v2\/types\/post"}],"author":[{"embeddable":true,"href":"https:\/\/www.europesays.com\/es\/wp-json\/wp\/v2\/users\/2"}],"replies":[{"embeddable":true,"href":"https:\/\/www.europesays.com\/es\/wp-json\/wp\/v2\/comments?post=255961"}],"version-history":[{"count":0,"href":"https:\/\/www.europesays.com\/es\/wp-json\/wp\/v2\/posts\/255961\/revisions"}],"wp:featuredmedia":[{"embeddable":true,"href":"https:\/\/www.europesays.com\/es\/wp-json\/wp\/v2\/media\/255962"}],"wp:attachment":[{"href":"https:\/\/www.europesays.com\/es\/wp-json\/wp\/v2\/media?parent=255961"}],"wp:term":[{"taxonomy":"category","embeddable":true,"href":"https:\/\/www.europesays.com\/es\/wp-json\/wp\/v2\/categories?post=255961"},{"taxonomy":"post_tag","embeddable":true,"href":"https:\/\/www.europesays.com\/es\/wp-json\/wp\/v2\/tags?post=255961"}],"curies":[{"name":"wp","href":"https:\/\/api.w.org\/{rel}","templated":true}]}}