{"id":255971,"date":"2025-11-26T01:10:08","date_gmt":"2025-11-26T01:10:08","guid":{"rendered":"https:\/\/www.europesays.com\/es\/255971\/"},"modified":"2025-11-26T01:10:08","modified_gmt":"2025-11-26T01:10:08","slug":"carolina-durante-cierran-etapa-con-una-gira-por-arenas","status":"publish","type":"post","link":"https:\/\/www.europesays.com\/es\/255971\/","title":{"rendered":"Carolina Durante cierran etapa con una gira por arenas"},"content":{"rendered":"<p>Con su tercer \u00e1lbum \u2018<a href=\"https:\/\/jenesaispop.com\/2024\/11\/03\/485813\/carolina-durante-elige-aventura\/\" rel=\"nofollow noopener\" target=\"_blank\">Elige tu propia aventura<\/a>\u2018, Carolina Durante han conseguido un gran hito en su carrera. El \u00e1lbum sali\u00f3 hace m\u00e1s de un a\u00f1o y contin\u00faa merodeando el top 50 espa\u00f1ol, certificado como disco de oro. Presente tambi\u00e9n en todas las listas de lo mejor de 2024, supondr\u00e1 un antes y un despu\u00e9s en la carrera de los \u00abcuatro chavales\u00bb. Al margen de \u2018Joderse la vida\u2019, \u2018Normal\u2019 y \u2018Hamburguesas\u2019, llama la atenci\u00f3n el alcance del tema final del \u00e1lbum, \u2018Probablemente tengas raz\u00f3n\u2019, que tanto se ha crecido en la gira. Sin haber sido single, suma 5 millones de streams solo en Spotify.<\/p>\n<p>Para celebrarlo, el grupo anuncia \u00abFin de la aventura\u00bb. Ser\u00e1n primero una serie de conciertos en salas de Latinoam\u00e9rica, y finalmente, 6 fechas en Espa\u00f1a en arenas a finales de 2026 y principios de 2027. JENESAISPOP ser\u00e1 medio oficial de este tour. Las entradas ya est\u00e1n disponibles<a href=\"https:\/\/carolinadurante.com\/conciertos\/\" rel=\"nofollow noopener\" target=\"_blank\"> en su web<\/a>.<\/p>\n<p>Esta gira arranca pasando por algunas de las ciudades m\u00e1s ic\u00f3nicas de LATAM: Buenos Aires, Bogot\u00e1 y CDMX. <\/p>\n<p>Despu\u00e9s, continuar\u00e1 en Espa\u00f1a el 19 de septiembre en el Pop CAAC de Sevilla, el 26 de noviembre de 2026 en el Roig Arena de Valencia, el 28 de noviembre de 2026 en el Palau Sant Jordi de Barcelona, seguir\u00e1 el 12 de diciembre de 2026 en el Coliseum de A Coru\u00f1a y llegar\u00e1 el 26 de diciembre al Bizkaia Arena \u2013 BEC! de Bilbao, finalizando el 8 de enero de 2027 en el Movistar Arena de Madrid.<\/p>\n<p>Seg\u00fan la nota de prensa, este \u201cFin de la aventura\u201d supondr\u00e1 \u00abuna puesta en escena adaptada a grandes aforos pero manteniendo la intensidad, la cercan\u00eda y la identidad que han convertido a la banda en uno de los directos m\u00e1s celebrados del pa\u00eds. La gira promete ser un punto de inflexi\u00f3n en su evoluci\u00f3n art\u00edstica y un acontecimiento clave dentro del calendario musical del pr\u00f3ximo a\u00f1o\u00bb.<\/p>\n<p>21\/03\/2026\u2002\u2002Niceto, Buenos Aires<br \/>25\/03\/2026\u2002\u2002Lourdes Music Hall, Bogot\u00e1<br \/>28\/03\/2026\u2002\u2002Foro Puebla, CDMX<br \/>19\/09\/2026\u2002\u2002Pop CAAC, Sevilla<br \/>26\/11\/2026\u2002\u2002Roig Arena, Valencia<br \/>28\/11\/2026\u2002\u2002Palau Sant Jordi, Barcelona<br \/>12\/12\/2026\u2002\u2002Coliseum, A Coru\u00f1a<br \/>26\/12\/2026\u2002\u2002Bizkaia Arena \u2013 BEC! ,Bilbao<br \/>08\/01\/2027\u2002\u2002Movistar Arena, Madrid<\/p>\n","protected":false},"excerpt":{"rendered":"Con su tercer \u00e1lbum \u2018Elige tu propia aventura\u2018, Carolina Durante han conseguido un gran hito en su carrera.&hellip;\n","protected":false},"author":2,"featured_media":255972,"comment_status":"","ping_status":"","sticky":false,"template":"","format":"standard","meta":{"footnotes":""},"categories":[174],"tags":[55774,255,146,147,25,24,256,23],"class_list":{"0":"post-255971","1":"post","2":"type-post","3":"status-publish","4":"format-standard","5":"has-post-thumbnail","7":"category-famosos","8":"tag-carolina-durante","9":"tag-celebrities","10":"tag-entertainment","11":"tag-entretenimiento","12":"tag-es","13":"tag-espana","14":"tag-famosos","15":"tag-spain"},"share_on_mastodon":{"url":"https:\/\/pubeurope.com\/@es\/115613337199678641","error":""},"_links":{"self":[{"href":"https:\/\/www.europesays.com\/es\/wp-json\/wp\/v2\/posts\/255971","targetHints":{"allow":["GET"]}}],"collection":[{"href":"https:\/\/www.europesays.com\/es\/wp-json\/wp\/v2\/posts"}],"about":[{"href":"https:\/\/www.europesays.com\/es\/wp-json\/wp\/v2\/types\/post"}],"author":[{"embeddable":true,"href":"https:\/\/www.europesays.com\/es\/wp-json\/wp\/v2\/users\/2"}],"replies":[{"embeddable":true,"href":"https:\/\/www.europesays.com\/es\/wp-json\/wp\/v2\/comments?post=255971"}],"version-history":[{"count":0,"href":"https:\/\/www.europesays.com\/es\/wp-json\/wp\/v2\/posts\/255971\/revisions"}],"wp:featuredmedia":[{"embeddable":true,"href":"https:\/\/www.europesays.com\/es\/wp-json\/wp\/v2\/media\/255972"}],"wp:attachment":[{"href":"https:\/\/www.europesays.com\/es\/wp-json\/wp\/v2\/media?parent=255971"}],"wp:term":[{"taxonomy":"category","embeddable":true,"href":"https:\/\/www.europesays.com\/es\/wp-json\/wp\/v2\/categories?post=255971"},{"taxonomy":"post_tag","embeddable":true,"href":"https:\/\/www.europesays.com\/es\/wp-json\/wp\/v2\/tags?post=255971"}],"curies":[{"name":"wp","href":"https:\/\/api.w.org\/{rel}","templated":true}]}}