{"id":255999,"date":"2025-11-26T01:32:08","date_gmt":"2025-11-26T01:32:08","guid":{"rendered":"https:\/\/www.europesays.com\/es\/255999\/"},"modified":"2025-11-26T01:32:08","modified_gmt":"2025-11-26T01:32:08","slug":"parece-muy-facil-pitarle-al-villarreal-en-europa","status":"publish","type":"post","link":"https:\/\/www.europesays.com\/es\/255999\/","title":{"rendered":"Parece muy f\u00e1cil pitarle al Villarreal en Europa"},"content":{"rendered":"<p data-mrf-recirculation=\"Links P\u00e1rrafos\" class=\"ue-c-article__paragraph paragraph ue-c-article--first-letter-highlighted\">Resultado al margen, que cay\u00f3 como una losa tras una serie de desgracias, el Villarreal se march\u00f3 de Westfalenstadium muy enfadado. <strong>El primer gol no debi\u00f3 subir al marcado<\/strong>r. Al menos seg\u00fan el conjunto amaillo. La mano de Anton, que era clara, condicionaba la jugada. De hecho, tras la misma, el bal\u00f3n le cay\u00f3 a Anselmino que elev\u00f3 la pelota para que Guirassy marcara solo de cabeza. <strong>El equipo de Marcelino portest\u00f3 sobre el campo, pero el colegido italiano dio gol y pit\u00f3 el final de la priemra parte.\u00a0<\/strong><\/p>\n<p data-mrf-recirculation=\"Links P\u00e1rrafos\" class=\"ue-c-article__paragraph paragraph\">El enfado era grande y as\u00ed lo demostr\u00f3<strong> Sergi Cardona<\/strong> al acabar el choque. M\u00e1s dolido si cabe por la abultada derrota se quej\u00f3 de que el colegiado concediera el primer go. <strong>\u00abEn el campo la mano del primer gol se ha visto clar\u00edsima. Hay veces que al Villarreal es muy sencillo pitarle este tipo de acciones en Europa.<\/strong> Al final no sabemos lo que son manos\u00bb.<\/p>\n<p>Gol de Guirassy (1-0) en el Borussia Dortmund 4-0 Villarreal<\/p>\n<p data-mrf-recirculation=\"Links P\u00e1rrafos\" class=\"ue-c-article__paragraph paragraph\">El que tambi\u00e9n se quej\u00f3 de la acci\u00f3n fue <strong>Marcelino<\/strong>. Aunque el t\u00e9cnico fue m\u00e1s autocr\u00edtico. \u00abSi hubi\u00e9ramos defendido bien no habr\u00eda llegado la jugada\u00bb, comentaba. Luego iba m\u00e1s al detalle. \u00abCreo que la mano en el primer gol existe. No entiendo porque no van a a verla al VAR. V<strong>imos mano y si esa mano no est\u00e1 ah\u00ed el bal\u00f3n no le va al compa\u00f1ero que puede centrar para que el otro remate.<\/strong> No obstante, repito, Igual pudimos defender mejor\u00bb.<\/p>\n","protected":false},"excerpt":{"rendered":"Resultado al margen, que cay\u00f3 como una losa tras una serie de desgracias, el Villarreal se march\u00f3 de&hellip;\n","protected":false},"author":2,"featured_media":256000,"comment_status":"","ping_status":"","sticky":false,"template":"","format":"standard","meta":{"footnotes":""},"categories":[268],"tags":[168,25,24,280,282,281,23,167],"class_list":{"0":"post-255999","1":"post","2":"type-post","3":"status-publish","4":"format-standard","5":"has-post-thumbnail","7":"category-futbol","8":"tag-deportes","9":"tag-es","10":"tag-espana","11":"tag-football","12":"tag-futbol","13":"tag-soccer","14":"tag-spain","15":"tag-sports"},"share_on_mastodon":{"url":"https:\/\/pubeurope.com\/@es\/115613423700512643","error":""},"_links":{"self":[{"href":"https:\/\/www.europesays.com\/es\/wp-json\/wp\/v2\/posts\/255999","targetHints":{"allow":["GET"]}}],"collection":[{"href":"https:\/\/www.europesays.com\/es\/wp-json\/wp\/v2\/posts"}],"about":[{"href":"https:\/\/www.europesays.com\/es\/wp-json\/wp\/v2\/types\/post"}],"author":[{"embeddable":true,"href":"https:\/\/www.europesays.com\/es\/wp-json\/wp\/v2\/users\/2"}],"replies":[{"embeddable":true,"href":"https:\/\/www.europesays.com\/es\/wp-json\/wp\/v2\/comments?post=255999"}],"version-history":[{"count":0,"href":"https:\/\/www.europesays.com\/es\/wp-json\/wp\/v2\/posts\/255999\/revisions"}],"wp:featuredmedia":[{"embeddable":true,"href":"https:\/\/www.europesays.com\/es\/wp-json\/wp\/v2\/media\/256000"}],"wp:attachment":[{"href":"https:\/\/www.europesays.com\/es\/wp-json\/wp\/v2\/media?parent=255999"}],"wp:term":[{"taxonomy":"category","embeddable":true,"href":"https:\/\/www.europesays.com\/es\/wp-json\/wp\/v2\/categories?post=255999"},{"taxonomy":"post_tag","embeddable":true,"href":"https:\/\/www.europesays.com\/es\/wp-json\/wp\/v2\/tags?post=255999"}],"curies":[{"name":"wp","href":"https:\/\/api.w.org\/{rel}","templated":true}]}}