{"id":256001,"date":"2025-11-26T01:33:14","date_gmt":"2025-11-26T01:33:14","guid":{"rendered":"https:\/\/www.europesays.com\/es\/256001\/"},"modified":"2025-11-26T01:33:14","modified_gmt":"2025-11-26T01:33:14","slug":"queria-un-cambio-de-sexo","status":"publish","type":"post","link":"https:\/\/www.europesays.com\/es\/256001\/","title":{"rendered":"Quer\u00eda un cambio de sexo"},"content":{"rendered":"<p><strong>Paco Lobat\u00f3n<\/strong> es uno de los presentadores m\u00e1s queridos y recordados de la televisi\u00f3n. As\u00ed, durante muchos a\u00f1os fue un habitual de la cadena p\u00fablica, y muchos espa\u00f1oles acud\u00edan a \u00e9l desesperados para encontrar a sus seres queridos desaparecidos en el programa Qui\u00e9n sabe donde.<\/p>\n<p>Sin embargo, hubo <strong>un caso en espec\u00edfico que pasaba a la historia de la televisi\u00f3n<\/strong> y que Lobat\u00f3n ha recordado durante el encuentro Hoy Presentamos\u2026; del FesTVal de Burgos, junto a Roberto Brasero, Ana Garc\u00eda Lozano, Luis Larrodera y Juan Manuel L\u00f3pez.<\/p>\n<p>\n<img decoding=\"async\" loading=\"lazy\" class=\"size-medium wp-image-2434983\" alt=\"Captura del programa 'Qui\u00e9n sabe donde'. (Foto: Youtube)\" width=\"620\" height=\"349\"  src=\"https:\/\/www.europesays.com\/es\/wp-content\/uploads\/2025\/10\/placeholder.jpg\"  bad-src=\"https:\/\/www.europesays.com\/es\/wp-content\/uploads\/2025\/10\/placeholder.jpg\"\/><\/p>\n<p><img decoding=\"async\" loading=\"lazy\" class=\"size-medium wp-image-2434983\" src=\"https:\/\/www.europesays.com\/es\/wp-content\/uploads\/2025\/11\/captura-del-programa-quien-sabe-donde-620x349.jpg\" alt=\"Captura del programa 'Qui\u00e9n sabe donde'. (Foto: Youtube)\" width=\"620\" height=\"349\"  \/><\/p>\n<p> Captura del programa \u2018Qui\u00e9n sabe donde\u2019. (Foto: Youtube)\n<\/p>\n<p>La peculiar llamada de Gregorio Cobos<\/p>\n<p>La peculiar llamada que hizo Gregorio Cobos, -uno de los desaparecidos en cuesti\u00f3n-, al programa, sorprendi\u00f3 incluso al presentador, ya que al otro lado de la l\u00ednea se encontr\u00f3 a una mujer. De hecho, le preguntaba en varias ocasiones si llamaba en relaci\u00f3n a la desaparici\u00f3n del hombre en cuesti\u00f3n, o si realmente era \u00e9l. <strong>\u00ab\u00bfUsted me quiere hablar de Gregorio Cobos?\u00bb<\/strong>, preguntaba confundido Lobat\u00f3n. Mientras que el interpelado le aseguraba que \u00e9l era el mismo Gregorio.<\/p>\n<p><strong> \u00abPerdone, pero su voz no corresponde con alguien que se llame Gregorio\u00bb<\/strong>, le replicaba confundido el presentador. Sin embargo, todo tendr\u00eda una explicaci\u00f3n mucho m\u00e1s sencilla, y que en ese momento no estaba tan socialmente aceptada como en la actualidad. Un asunto, que el presentador no ha dudado en aclarar: y es que Gregorio Cobos hab\u00eda decidido convertirse en mujer, de ah\u00ed su tono de voz.<\/p>\n<p>\n<img decoding=\"async\" loading=\"lazy\" class=\"size-medium wp-image-2434978\" alt=\"Paco Lobat\u00f3n presentando 'Qui\u00e9n sabe donde'. (Foto: RTVE)\" width=\"620\" height=\"349\"  src=\"https:\/\/www.europesays.com\/es\/wp-content\/uploads\/2025\/10\/placeholder.jpg\"  bad-src=\"https:\/\/www.europesays.com\/es\/wp-content\/uploads\/2025\/10\/placeholder.jpg\"\/><\/p>\n<p><img decoding=\"async\" loading=\"lazy\" class=\"size-medium wp-image-2434978\" src=\"https:\/\/www.europesays.com\/es\/wp-content\/uploads\/2025\/11\/paco-lobaton-presentando-quien-sabe-donde-620x349.jpg\" alt=\"Paco Lobat\u00f3n presentando 'Qui\u00e9n sabe donde'. (Foto: RTVE)\" width=\"620\" height=\"349\"  \/><\/p>\n<p> Paco Lobat\u00f3n presentando \u2018Qui\u00e9n sabe donde\u2019. (Foto: RTVE)\n<\/p>\n<p><strong>\u00abLa historia fue que Gregorio se march\u00f3 de su pueblo porque lo que quer\u00eda era un cambio de sexo\u00bb<\/strong>, ha detallado. \u00abEn esos a\u00f1os no estaba tan normalizado como ahora y\u00a0\u00e9l quiso romper con su vida anterior. Cuando llam\u00f3 ya era una mujer y por eso ocurri\u00f3 aquel momento que a\u00fan se puede ver en Youtube\u00bb, ha explicado.<\/p>\n<p>El \u2018boom\u2019 de los programas de sucesos y el \u00e9xito de Qui\u00e9n sabe donde<\/p>\n<p>A partir de aquel momento, el programa daba un giro dr\u00e1stico para evitar situaciones inc\u00f3modas. Y es que elaboraron dos listas; una, en la que estaban las personas que no hab\u00eda que buscar o no quer\u00edan ser encontradas, -bautizada como la Lista R-. Y otra con personas que, a petici\u00f3n de sus familias, s\u00ed que hab\u00eda que buscar. De hecho, Gregorio se convert\u00eda en la primera persona en inaugurar dicha lista.<\/p>\n<p>El \u00e9xito que tuvo Qui\u00e9n sabe donde, -hasta que dej\u00f3 de emitirse en 1998-, es indiscutible. Tanto es as\u00ed, que 12 ediciones del programa se colaron entre las m\u00e1s vistas de 1993, moviendo audiencias de m\u00e1s de nueve millones de espectadores y rozando el 50% de share.<\/p>\n<p>Y es que Paco Lobat\u00f3n se puso al frente de un formato que estaba en pleno auge, sobre todo a ra\u00edz del caso Alc\u00e0sser. Los programas de sucesos dieron un peligroso giro hacia el amarillismo, aunque segu\u00eda trat\u00e1ndose de un material realmente sensible. De ah\u00ed, que el presentador afirme que<strong> \u00abhab\u00eda que hacer las cosas con mucho cuidado\u00bb<\/strong>.<\/p>\n<p>\n<img decoding=\"async\" loading=\"lazy\" class=\"wp-image-2435001 size-full\" alt=\"Paco Lobat\u00f3n posando en un photocall. (Foto: Gtres)\" width=\"1563\" height=\"2560\"  src=\"https:\/\/www.europesays.com\/es\/wp-content\/uploads\/2025\/10\/placeholder.jpg\"  bad-src=\"https:\/\/www.europesays.com\/es\/wp-content\/uploads\/2025\/10\/placeholder.jpg\"\/><\/p>\n<p><img decoding=\"async\" loading=\"lazy\" class=\"wp-image-2435001 size-full\" src=\"https:\/\/www.europesays.com\/es\/wp-content\/uploads\/2025\/11\/paco-lobaton-posando-en-un-photocall-scaled.jpg\" alt=\"Paco Lobat\u00f3n posando en un photocall. (Foto: Gtres)\" width=\"1563\" height=\"2560\"  \/><\/p>\n<p> Paco Lobat\u00f3n posando en un photocall. (Foto: Gtres)\n<\/p>\n<p>\u00abLa televisi\u00f3n tiene una dimensi\u00f3n espectacular por naturaleza. Quien diga lo contrario, miente. Pero hay espect\u00e1culos decentes y espect\u00e1culos denigrantes\u00bb, asegura el comunicador.<\/p>\n","protected":false},"excerpt":{"rendered":"Paco Lobat\u00f3n es uno de los presentadores m\u00e1s queridos y recordados de la televisi\u00f3n. As\u00ed, durante muchos a\u00f1os&hellip;\n","protected":false},"author":2,"featured_media":256002,"comment_status":"","ping_status":"","sticky":false,"template":"","format":"standard","meta":{"footnotes":""},"categories":[174],"tags":[255,146,147,25,24,256,64381,23],"class_list":{"0":"post-256001","1":"post","2":"type-post","3":"status-publish","4":"format-standard","5":"has-post-thumbnail","7":"category-famosos","8":"tag-celebrities","9":"tag-entertainment","10":"tag-entretenimiento","11":"tag-es","12":"tag-espana","13":"tag-famosos","14":"tag-paco-lobaton-caso-mitico-quien-sabe-donde","15":"tag-spain"},"share_on_mastodon":{"url":"https:\/\/pubeurope.com\/@es\/115613428218003914","error":""},"_links":{"self":[{"href":"https:\/\/www.europesays.com\/es\/wp-json\/wp\/v2\/posts\/256001","targetHints":{"allow":["GET"]}}],"collection":[{"href":"https:\/\/www.europesays.com\/es\/wp-json\/wp\/v2\/posts"}],"about":[{"href":"https:\/\/www.europesays.com\/es\/wp-json\/wp\/v2\/types\/post"}],"author":[{"embeddable":true,"href":"https:\/\/www.europesays.com\/es\/wp-json\/wp\/v2\/users\/2"}],"replies":[{"embeddable":true,"href":"https:\/\/www.europesays.com\/es\/wp-json\/wp\/v2\/comments?post=256001"}],"version-history":[{"count":0,"href":"https:\/\/www.europesays.com\/es\/wp-json\/wp\/v2\/posts\/256001\/revisions"}],"wp:featuredmedia":[{"embeddable":true,"href":"https:\/\/www.europesays.com\/es\/wp-json\/wp\/v2\/media\/256002"}],"wp:attachment":[{"href":"https:\/\/www.europesays.com\/es\/wp-json\/wp\/v2\/media?parent=256001"}],"wp:term":[{"taxonomy":"category","embeddable":true,"href":"https:\/\/www.europesays.com\/es\/wp-json\/wp\/v2\/categories?post=256001"},{"taxonomy":"post_tag","embeddable":true,"href":"https:\/\/www.europesays.com\/es\/wp-json\/wp\/v2\/tags?post=256001"}],"curies":[{"name":"wp","href":"https:\/\/api.w.org\/{rel}","templated":true}]}}