{"id":256007,"date":"2025-11-26T01:37:10","date_gmt":"2025-11-26T01:37:10","guid":{"rendered":"https:\/\/www.europesays.com\/es\/256007\/"},"modified":"2025-11-26T01:37:10","modified_gmt":"2025-11-26T01:37:10","slug":"una-legendaria-banda-de-rock-se-retira-despues-de-mas-de-50-anos-en-activo-una-de-sus-canciones-es-conocida-en-todo-el-mundo","status":"publish","type":"post","link":"https:\/\/www.europesays.com\/es\/256007\/","title":{"rendered":"Una legendaria banda de rock se retira despu\u00e9s de m\u00e1s de 50 a\u00f1os en activo: una de sus canciones es conocida en todo el mundo"},"content":{"rendered":"<p><img alt=\"Neal Schon, guitarrista de 'Journey',\" class=\"global-image\" decoding=\"async\" fetchpriority=\"high\" height=\"3731\" loading=\"eager\" src=\"https:\/\/www.europesays.com\/es\/wp-content\/uploads\/2025\/11\/TWI4A4Y4B7KFBCWTLHLVJPSWA4.jpg\" width=\"5595\"\/>Neal Schon, guitarrista de &#8216;Journey&#8217;,  act\u00faa en el festival Rock in Rio de Brasil en 2024. (Ricardo Moraes\/Reuters)<\/p>\n<p class=\"paragraph\">Cada vez son menos las legendarias <b>bandas de rock<\/b> en activo. En una \u00e9poca donde el g\u00e9nero musical que cambi\u00f3 el mundo ya no goza de un impacto tan masivo, los conciertos de aut\u00e9nticas instituciones como <a rel=\"noopener noreferrer nofollow\" href=\"https:\/\/www.infobae.com\/cultura\/2025\/11\/23\/no-es-solo-rock-and-roll-la-reedicion-de-black-and-blue-testimonia-una-encrucijada-creativa-de-los-rolling-stones\/\" target=\"_self\" title=\"https:\/\/www.infobae.com\/cultura\/2025\/11\/23\/no-es-solo-rock-and-roll-la-reedicion-de-black-and-blue-testimonia-una-encrucijada-creativa-de-los-rolling-stones\/\">The Rolling Stones<\/a>, The Who o Scorpions son vividos por los fans como si fueran los \u00faltimos, dado que a la edad de sus miembros (casi todos cuentan ya con m\u00e1s de 80 a\u00f1os), se le suma el cansancio producido por las actuaciones acumuladas durante d\u00e9cadas.<\/p>\n<p class=\"paragraph\">Ahora, otra de las grandes formaciones estadounidenses se dispone a cerrar el c\u00edrculo tras una trayectoria que supera el medio siglo. El anunciado adi\u00f3s ha generado sentimientos encontrados \u2014entre la emoci\u00f3n y la incredulidad\u2014 en quienes han seguido a un grupo que fundi\u00f3 la potencia del rock con la <a rel=\"noopener noreferrer nofollow\" href=\"https:\/\/www.infobae.com\/sociedad\/2023\/07\/08\/cultura-pop-del-rock-de-los-50-a-la-musica-urbana-actual-los-jovenes-se-abren-camino-con-las-nuevas-tecnologias\/\" target=\"_self\" title=\"https:\/\/www.infobae.com\/sociedad\/2023\/07\/08\/cultura-pop-del-rock-de-los-50-a-la-musica-urbana-actual-los-jovenes-se-abren-camino-con-las-nuevas-tecnologias\/\">melod\u00eda del pop<\/a> y forj\u00f3 un legado a lo largo de<b> cinco d\u00e9cadas <\/b>de dominio en la radio y los escenarios. Esta despedida tendr\u00e1 la forma de una gira de sesenta conciertos repartidos exclusivamente por Estados Unidos, con un formato de celebraci\u00f3n m\u00e1s que de lamento.<\/p>\n<p class=\"paragraph\">Estamos hablando de <b>Journey<\/b>, una banda nacida en 1972 y fundada por el teclista Gregg Rolie, el guitarrista <b>Neal Schon<\/b>. \u201cHe estado aqu\u00ed desde el primer d\u00eda, y dondequiera que vaya, el sentimiento y el esp\u00edritu de la banda permanecer\u00e1n\u201d, aseguraba este \u00faltimo en una entrevista reciente con Rolling Stone, \u201cesta gira es nuestro m\u00e1s sentido agradecimiento a los fans que han estado a nuestro lado en cada canci\u00f3n, en cada etapa, en cada alto y cada bajo&#8230; Es una celebraci\u00f3n completa de la m\u00fasica que nos ha unido a todos\u201d.<\/p>\n<p class=\"paragraph\">El repertorio del grupo, caracterizado por la mezcla de destreza instrumental y melod\u00edas universales que impactaron con fuera en el rock de la \u00e9poca, abarca \u00e9xitos como Faithfully,Any Way You Want It y Separate Ways. Eso s\u00ed, ninguno de esos temas alcanzar\u00eda la dimensi\u00f3n de fen\u00f3meno global de otro sencillo que, desde los a\u00f1os ochenta, ha sido sin\u00f3nimo de esperanza, celebraciones deportivas y hasta finales de series y pl\u00edculas: <b>Don\u2019t Stop Believin<\/b>. <\/p>\n<p class=\"paragraph\">El himno, que acumula miles de millones de reproducciones en todas las plataformas y se ha convertido en asignatura obligatoria para bandas de bodas, DJs de estadios y espectadores de Los Soprano o Glee, \u201cfunciona tanto en un pub a medianoche como en un estadio tras una remontada\u201d, reflexionan desde el citado medio. Una<b> letra directa<\/b>, una melod\u00eda que va a m\u00e1s a medida que avanza la canci\u00f3n y un ritmo pegadizo parecen ser las claves.<\/p>\n<p class=\"paragraph\">Los integrantes actuales de Journey, Neal Schon, Jonathan Cain, <a rel=\"noopener noreferrer nofollow\" href=\"https:\/\/www.infobae.com\/entretenimiento\/2024\/09\/23\/arnel-pineda-pone-en-manos-de-los-fans-su-permanencia-en-journey-tras-una-accidentada-presentacion-en-rock-in-rio\/\" target=\"_self\" title=\"https:\/\/www.infobae.com\/entretenimiento\/2024\/09\/23\/arnel-pineda-pone-en-manos-de-los-fans-su-permanencia-en-journey-tras-una-accidentada-presentacion-en-rock-in-rio\/\">Arnel Pineda<\/a> y Deen Castronovo, han explicado que, por el momento, su gira de despedida no pasar\u00e1 por otro pa\u00eds que no sea Estados Unidos, algo que ha provocado una gran decepci\u00f3n para muchos de sus fans. De cara al futuro, los miembros del grupo no han descartado nuevas aventuras ni experimentos bajo otros nombres. Schon asegura que para \u00e9l es preferible \u201cabrir caminos creativos nuevos antes que anclarse en la nostalgia\u201d. Frente a la pregunta por posibles apariciones de antiguos compa\u00f1eros en la <b>\u00faltima gira<\/b>, la puerta queda entreabierta: \u201cLa m\u00fasica es lo que importa. Siempre estoy dispuesto a celebrar lo que construimos juntos\u201d.<\/p>\n<p class=\"paragraph\">El paso del tiempo y la sucesi\u00f3n de alineaciones no han mermado la energ\u00eda de la formaci\u00f3n original, pero s\u00ed han marcado los distintos cap\u00edtulos de una narrativa de resistencia. No han sido pocas las tensiones internas, incluido un visible distanciamiento entre Schon y el tecladista Jonathan Cain, a ra\u00edz de disputas legales y diferencias personales. Sin embargo, ambos participaron juntos en la ceremonia de inducci\u00f3n al <b>Rock &amp; Roll Hall of Fame<\/b><b> <\/b>en 2017, junto al c\u00e9lebre ex vocalista Steve Perry.<\/p>\n<p>El grupo, que en la d\u00e9cada de los 90 rompi\u00f3 con todas las normas establecidas, se disolvi\u00f3 en 2016<\/p>\n<p class=\"paragraph\">A pesar de esos roces, Cain tambi\u00e9n se pronunci\u00f3 mirando hacia <a rel=\"noopener noreferrer nofollow\" href=\"https:\/\/www.infobae.com\/entretenimiento\/2024\/09\/21\/5-bandas-que-cambiaron-de-cantante-y-no-tuvieron-exito\/\" target=\"_self\" title=\"https:\/\/www.infobae.com\/entretenimiento\/2024\/09\/21\/5-bandas-que-cambiaron-de-cantante-y-no-tuvieron-exito\/\">el legado que dejan atr\u00e1s<\/a>: \u201cHa sido un viaje incre\u00edble. Hemos compartido nuestra m\u00fasica con millones, y esta gira trata sobre gratitud, conexi\u00f3n y una \u00faltima oportunidad de sentir esa magia juntos. No querr\u00edamos hacerlo de otra manera\u201d. De acuerdo a los planes revelados, el propio Cain prev\u00e9 que ser\u00e1 su \u00faltima participaci\u00f3n antes de <b>retirarse<\/b>, aunque Schon insiste en que su propia carrera musical continuar\u00e1: \u201cLa m\u00fasica sigue encendida dentro de m\u00ed y hay nuevos horizontes creativos por delante\u201d.<\/p>\n","protected":false},"excerpt":{"rendered":"Neal Schon, guitarrista de &#8216;Journey&#8217;, act\u00faa en el festival Rock in Rio de Brasil en 2024. (Ricardo Moraes\/Reuters)&hellip;\n","protected":false},"author":2,"featured_media":256008,"comment_status":"","ping_status":"","sticky":false,"template":"","format":"standard","meta":{"footnotes":""},"categories":[170],"tags":[146,147,25,24,184,185,23],"class_list":{"0":"post-256007","1":"post","2":"type-post","3":"status-publish","4":"format-standard","5":"has-post-thumbnail","7":"category-musica","8":"tag-entertainment","9":"tag-entretenimiento","10":"tag-es","11":"tag-espana","12":"tag-music","13":"tag-musica","14":"tag-spain"},"share_on_mastodon":{"url":"https:\/\/pubeurope.com\/@es\/115613443774951491","error":""},"_links":{"self":[{"href":"https:\/\/www.europesays.com\/es\/wp-json\/wp\/v2\/posts\/256007","targetHints":{"allow":["GET"]}}],"collection":[{"href":"https:\/\/www.europesays.com\/es\/wp-json\/wp\/v2\/posts"}],"about":[{"href":"https:\/\/www.europesays.com\/es\/wp-json\/wp\/v2\/types\/post"}],"author":[{"embeddable":true,"href":"https:\/\/www.europesays.com\/es\/wp-json\/wp\/v2\/users\/2"}],"replies":[{"embeddable":true,"href":"https:\/\/www.europesays.com\/es\/wp-json\/wp\/v2\/comments?post=256007"}],"version-history":[{"count":0,"href":"https:\/\/www.europesays.com\/es\/wp-json\/wp\/v2\/posts\/256007\/revisions"}],"wp:featuredmedia":[{"embeddable":true,"href":"https:\/\/www.europesays.com\/es\/wp-json\/wp\/v2\/media\/256008"}],"wp:attachment":[{"href":"https:\/\/www.europesays.com\/es\/wp-json\/wp\/v2\/media?parent=256007"}],"wp:term":[{"taxonomy":"category","embeddable":true,"href":"https:\/\/www.europesays.com\/es\/wp-json\/wp\/v2\/categories?post=256007"},{"taxonomy":"post_tag","embeddable":true,"href":"https:\/\/www.europesays.com\/es\/wp-json\/wp\/v2\/tags?post=256007"}],"curies":[{"name":"wp","href":"https:\/\/api.w.org\/{rel}","templated":true}]}}