{"id":256021,"date":"2025-11-26T01:45:28","date_gmt":"2025-11-26T01:45:28","guid":{"rendered":"https:\/\/www.europesays.com\/es\/256021\/"},"modified":"2025-11-26T01:45:28","modified_gmt":"2025-11-26T01:45:28","slug":"convocatoria-sesion-ordinaria-del-ayuntamiento-pleno-el-dia-27-de-noviembre-de-2025-a-las-1000-horas-ayuntamiento-de-pajara","status":"publish","type":"post","link":"https:\/\/www.europesays.com\/es\/256021\/","title":{"rendered":"Convocatoria sesi\u00f3n ordinaria del Ayuntamiento Pleno, el d\u00eda 27 de noviembre de 2025, a las 10:00 horas. &#8211; Ayuntamiento de P\u00e1jara"},"content":{"rendered":"<ol>\n<li><a href=\"https:\/\/news.google.com\/rss\/articles\/CBMiwAFBVV95cUxOS0dDWW5WUEtzVDExTW1jUXhyZl9Ia1ZobmpZS0RCV2tjY19udW9lejkwOWotSnZfUHBJMTFwYjRfUG1rRHlocWNRZlFPX0JqTDcxb2YySjE0NldzdEJFVlI2anliR2VzUnhLd2Z2WHNhUlJOTnVnV1pBdEVfYndjS0lCQjJnc1YtQkJDUndGY1NDdnlBbnZqSVlsNUJ4WHV3YllWQVd4MndfdFFWendmTE1GU0JvYXRiLVRSbDhKUzY?oc=5\" target=\"_blank\" rel=\"nofollow noopener\">Convocatoria sesi\u00f3n ordinaria del Ayuntamiento Pleno, el d\u00eda 27 de noviembre de 2025, a las 10:00 horas.<\/a>&nbsp;&nbsp;Ayuntamiento de P\u00e1jara<\/li>\n<li><a href=\"https:\/\/news.google.com\/rss\/articles\/CBMigwFBVV95cUxQYVdZbUVOakdvaXRQdndiN3NfOC1veEVMTkk0N3pSWUl0b0NPd05renhOQVNTWVNWRDF3Z1ZsaUY3dUNOYTVMa05jc05jZUo3OWZmRi1hUVB6a3VJZGJwX3M3WEFsSWljSVoyTUV3ODdpMjFCa1U5WmwycVVlTng2dno1OA?oc=5\" target=\"_blank\" rel=\"nofollow noopener\">Retransmisi\u00f3n en directo del Pleno Municipal<\/a>&nbsp;&nbsp;Ayuntamiento de Alicante<\/li>\n<li><a href=\"https:\/\/news.google.com\/rss\/articles\/CBMibEFVX3lxTE1VZXE5aTlaNEczYXBtWEhOb2l4dlliTmNMcXNIMzF1T2JFR0RYYUZQMGZLUElTYVR1TnljVktaTkRNWnlEWm1KSC1GRER1dVhfNmEtX0k4c3p4d2JRTzhQN3RUVFFuY0hVUi13Yg?oc=5\" target=\"_blank\" rel=\"nofollow noopener\">Convocatoria del Pleno Ordinario: jueves 27 de noviembre de 2025<\/a>&nbsp;&nbsp;Ayuntamiento de Alhama de Murcia<\/li>\n<li><a href=\"https:\/\/news.google.com\/rss\/articles\/CBMioAFBVV95cUxOVmRJb2ZQOFo4VjBENHdvcnVrQS1QbFQ4QVA3QWhSUUpSTlhyZ2lyTWxvYnFIUzRMNzJ6dlA3VlZva3dQRmpEbjRZUlFSTXpWR0pfQ3pxOU1sanRuZXdhZHZDQTB5YnVJRVY0cVp1RWd4RGQ3cHFnRy10RHZZWlVMekRyczc2WUEybEhxcWNNUjI4czFyTjFkREVXM3B5ZlZ5?oc=5\" target=\"_blank\" rel=\"nofollow noopener\">Convocado pleno ordinario el 27 de noviembre a las 18:00<\/a>&nbsp;&nbsp;Vivir Ediciones<\/li>\n<li><a href=\"https:\/\/news.google.com\/rss\/articles\/CBMi7AFBVV95cUxORnpYMGFZNVg3WkctZGVNbnJUN0J2ejU3bG9nYnhZVm5IUGV6YXFxWWFSREx0T1dvaEl0VGdxcjA2dDZNSkkzbDlzRHNkblRxVm1WY1h4OUJhdG1BNGlJSG1qZURCT2JtU3c4RUhSVzlsRVNzUHpZQWFQamZEQ2VudXprcVRDb3VJUU9xYWpSWDNlSWVvVk1RZU1Sd0l2NjlrR3pZcU9IcW9Ocy1nNW5vbjZkN2QxeEZLTTFBcktydkdySzVkZndvZ0xJTG41ZGR3U2l0LXphUUctcWI5T0xNZ3NhZ3h3Rk0tOHRvZg?oc=5\" target=\"_blank\" rel=\"nofollow noopener\">Convocatoria sesi\u00f3n ORDINARIA del PLENO MUNICIPAL de este Ayuntamiento, para el pr\u00f3ximo d\u00eda 27 de noviembre de 2025, a las 09:00 horas. \u2013 Ayuntamiento de Hornachuelos<\/a>&nbsp;&nbsp;Ayuntamiento de Hornachuelos<\/li>\n<\/ol>\n","protected":false},"excerpt":{"rendered":"Convocatoria sesi\u00f3n ordinaria del Ayuntamiento Pleno, el d\u00eda 27 de noviembre de 2025, a las 10:00 horas.&nbsp;&nbsp;Ayuntamiento de&hellip;\n","protected":false},"author":2,"featured_media":256022,"comment_status":"","ping_status":"","sticky":false,"template":"","format":"standard","meta":{"footnotes":""},"categories":[8],"tags":[17,18,25,24,13,14,11,19,20,9,10,15,16,23,12,21,22],"class_list":{"0":"post-256021","1":"post","2":"type-post","3":"status-publish","4":"format-standard","5":"has-post-thumbnail","7":"category-espana","8":"tag-breaking-news","9":"tag-breakingnews","10":"tag-es","11":"tag-espana","12":"tag-featured-news","13":"tag-featurednews","14":"tag-headlines","15":"tag-latest-news","16":"tag-latestnews","17":"tag-news","18":"tag-noticias","19":"tag-noticias-destacadas","20":"tag-noticiasdestacadas","21":"tag-spain","22":"tag-titulares","23":"tag-ultimas-noticias","24":"tag-ultimasnoticias"},"share_on_mastodon":{"url":"https:\/\/pubeurope.com\/@es\/115613474758164079","error":""},"_links":{"self":[{"href":"https:\/\/www.europesays.com\/es\/wp-json\/wp\/v2\/posts\/256021","targetHints":{"allow":["GET"]}}],"collection":[{"href":"https:\/\/www.europesays.com\/es\/wp-json\/wp\/v2\/posts"}],"about":[{"href":"https:\/\/www.europesays.com\/es\/wp-json\/wp\/v2\/types\/post"}],"author":[{"embeddable":true,"href":"https:\/\/www.europesays.com\/es\/wp-json\/wp\/v2\/users\/2"}],"replies":[{"embeddable":true,"href":"https:\/\/www.europesays.com\/es\/wp-json\/wp\/v2\/comments?post=256021"}],"version-history":[{"count":0,"href":"https:\/\/www.europesays.com\/es\/wp-json\/wp\/v2\/posts\/256021\/revisions"}],"wp:featuredmedia":[{"embeddable":true,"href":"https:\/\/www.europesays.com\/es\/wp-json\/wp\/v2\/media\/256022"}],"wp:attachment":[{"href":"https:\/\/www.europesays.com\/es\/wp-json\/wp\/v2\/media?parent=256021"}],"wp:term":[{"taxonomy":"category","embeddable":true,"href":"https:\/\/www.europesays.com\/es\/wp-json\/wp\/v2\/categories?post=256021"},{"taxonomy":"post_tag","embeddable":true,"href":"https:\/\/www.europesays.com\/es\/wp-json\/wp\/v2\/tags?post=256021"}],"curies":[{"name":"wp","href":"https:\/\/api.w.org\/{rel}","templated":true}]}}