{"id":256023,"date":"2025-11-26T01:46:15","date_gmt":"2025-11-26T01:46:15","guid":{"rendered":"https:\/\/www.europesays.com\/es\/256023\/"},"modified":"2025-11-26T01:46:15","modified_gmt":"2025-11-26T01:46:15","slug":"las-escalas-de-brasil-y-peru-una-treta-para-despistar","status":"publish","type":"post","link":"https:\/\/www.europesays.com\/es\/256023\/","title":{"rendered":"las escalas de Brasil y Per\u00fa, una treta para despistar"},"content":{"rendered":"<p style=\"\">La intuici\u00f3n policial funcion\u00f3 para dar caza a Marti\u00f1o Ramos Soto, el profesor que se dio a la fuga para evitar ingresar en prisi\u00f3n tras ser condenado en firme a 13 a\u00f1os y medio por abusar de forma s\u00e1dica y reiterada de una alumna menor.  &#8230; Siendo natural de Orense, lo primero que pensaron los investigadores es que podr\u00eda haber seguido el patr\u00f3n habitual de los fugitivos del sur de Galicia: usar Portugal para poner tierra de por medio. Bingo. Saliendo del pa\u00eds vecino, <strong>Marti\u00f1o Ramos hizo dos escalas de pocos d\u00edas en Per\u00fa y Brasil, pero era una treta para disimular.<\/strong> Los investigadores lo tienen claro: desde el primer momento, sin duda, su objetivo era refugiarse en Cuba.<\/p>\n<p class=\"voc-p\" style=\"\">Con la corazonada, en base a su experiencia con otros casos, de que el primer paso de Marti\u00f1o Ramos podr\u00eda ser Portugal, los agentes de la Unidad de Fugitivos de la Polic\u00eda Nacional se pusieron en contacto con sus hom\u00f3logos lusos. Y as\u00ed no fue dif\u00edcil averiguar que el profesor orensano <strong>hab\u00eda cogido un vuelo de Lisboa con destino a Brasil.<\/strong><\/p>\n<p class=\"voc-p\" style=\"\">Siguieron tirando del hilo, e igual que hab\u00edan hecho con los especialistas portugueses en la localizaci\u00f3n de pr\u00f3fugos, los agentes espa\u00f1oles entonces alertaron a la polic\u00eda brasile\u00f1a. Descubrieron que, desde Brasil, Marti\u00f1o Ramos Soto hab\u00eda volado hasta Lima, Per\u00fa. Fue su \u00faltima escala antes de aterrizar en <strong>La Habana (Cuba), su \u00fanico objetivo desde que en Galicia hab\u00eda puesto tierra de por medio.<\/strong> Todo esto ocurri\u00f3 en el mes de julio.<\/p>\n<p class=\"voc-p\" style=\"\">\u00abEstuvo muy pocos d\u00edas en cada pa\u00eds, fueron escalas muy r\u00e1pidas, lo que indica <strong>claramente que era para ocultar su destino final<\/strong> con esta encrucijada de vuelos\u00bb, explican a ABC agentes del Grupo II de la Unidad de Fugitivos de la Polic\u00eda Nacional, dedicados especialmente a la b\u00fasqueda de pr\u00f3fugos en Sudam\u00e9rica y Centroam\u00e9rica, y que en este caso se encargaron de tratar de localizar al profesor orensano fugado. Si Marti\u00f1o Ramos no tuviera intenci\u00f3n de ocultarse, no habr\u00eda hecho ese galimat\u00edas de ruta: desde Madrid a La Habana hay vuelos directos.<\/p>\n<p class=\"voc-p\" style=\"\">Tampoco fue dif\u00edcil en Cuba dar con el paradero del profesor fugado. Ah\u00ed jug\u00f3 un papel importante la comisar\u00eda de Interior que Espa\u00f1a tiene en el pa\u00eds caribe\u00f1o. Actu\u00f3 como enlace con las autoridades cubanas, que fueron las que se encargaron de<strong> localizar a Marti\u00f1o Ramos y no perderlo de vista.<\/strong><\/p>\n<p class=\"voc-p\" style=\"\">Los agentes de la Polic\u00eda Nacional Revolucionaria de Cuba (PNR) le <strong>sometieron desde entonces a un seguimiento no invasivo,<\/strong> para mantenerlo en todo momento controlado. Marti\u00f1o Ramos hab\u00eda alquilado un apartamento en El Vedado, en La Habana, y se hac\u00eda pasar por un empresario que estaba pasando una temporada en la isla para desconectar. Con la c\u00e1mara siempre colgada del cuello, el profesor condenado, que hab\u00eda castellanizado su nombre y tiraba de su segundo apellido para camuflar algo su identidad \u2014Mart\u00edn Soto\u2014, participaba muy activamente en la vida cultural de la ciudad.<\/p>\n<p class=\"voc-p\" style=\"\">Pero las precauciones que hab\u00eda tomado en su viaje hasta La Habana, de alguna manera, las perdi\u00f3 una vez puso un pie en la isla. <strong>No tuvo reparos en abrirse una cuenta de Instagram<\/strong> \u2014red social a trav\u00e9s de la cual, por cierto, en Orense hab\u00eda contactado con su v\u00edctima\u2014 para publicar las fotograf\u00edas que iba haciendo en la ciudad, especialmente a modelos que posaban para \u00e9l. No fue esa, sin embargo, la pista que hab\u00edan seguido los investigadores para dar con su paradero, pues desconoc\u00edan entonces que el pr\u00f3fugo ten\u00eda una cuenta \u2014un perfil que, adem\u00e1s, era p\u00fablica, pero que este martes ya estaba no estaba disponible\u2014  y se prodigaba en publicaciones fotogr\u00e1ficas.<\/p>\n<p class=\"voc-p\" style=\"\">Cuando se public\u00f3 en la prensa que Marti\u00f1o Ramos estaba en Cuba y sali\u00f3 a la luz su cuenta de Instagram, <strong>los investigadores ya ten\u00edan monitorizados sus movimientos en La Habana.<\/strong> Y eso, explican a este diario agentes de la Unidad de Fugitivos de la Polic\u00eda Nacional, pudo haber comprometido la investigaci\u00f3n: \u00abCuando se public\u00f3, ten\u00edamos miedo de que se moviera, pero al final no se movi\u00f3 y se pudo detener\u00bb.<\/p>\n<p class=\"voc-p\" style=\"\">Todo esto precipit\u00f3 los \u00faltimos movimientos de los investigadores. La Polic\u00eda, <a href=\"https:\/\/www.abc.es\/espana\/galicia\/policia-situa-martino-ramos-exmiembro-marea-diez-20251124112220-nt.html\" target=\"_self\" data-voc-vtm-id=\"in-text-traffic\" title=\"el lunes, incluy\u00f3 a Marti\u00f1o Ramos en la lista de los diez fugitivos m\u00e1s buscados por Espa\u00f1a.\" data-mrf-link=\"www.abc.es\" rel=\"nofollow noopener\">el lunes, incluy\u00f3 a Marti\u00f1o Ramos en la lista de los diez fugitivos m\u00e1s buscados por Espa\u00f1a.<\/a> El objetivo era, explican a ABC fuentes policiales, resaltar la importancia que tendr\u00eda la detenci\u00f3n del profesor por el gran impacto medi\u00e1tico y social que se estaba registrando en Espa\u00f1a. Y fue entonces cuando la Polic\u00eda Nacional Revolucionaria de Cuba, que solo estaba esperando a tener la documentaci\u00f3n pertinente, procedi\u00f3 ya a su detenci\u00f3n. <\/p>\n<p>\nPendientes de la extradici\u00f3n\n<\/p>\n<p class=\"voc-p\" style=\"\">Ahora, queda por ver cu\u00e1ndo y c\u00f3mo se har\u00e1 la entrega del pr\u00f3fugo a Espa\u00f1a. <strong>No hay tratado formal de extradici\u00f3n entre ambos pa\u00edses,<\/strong> pero no parece probable que eso vaya a ser un obst\u00e1culo para acabar poniendo a Marti\u00f1o Ramos a disposici\u00f3n de la Audiencia Provincial de Orense, que fue el tribunal que le conden\u00f3 por abusar de una alumna desde que ella ten\u00eda 12 a\u00f1os.<\/p>\n<p class=\"voc-p\" style=\"\">El Gobierno, este martes, se ha mostrado confiado en que Marti\u00f1o Ramos sea trasladado a Espa\u00f1a \u00aben las pr\u00f3ximas horas o en los pr\u00f3ximos d\u00edas\u00bb, ha dicho a los medios su delegado en Galicia, Pedro Blanco. Fuentes policiales consultadas por este diario, sin embargo, ven ese escenario de plazos demasiado optimista.<\/p>\n","protected":false},"excerpt":{"rendered":"La intuici\u00f3n policial funcion\u00f3 para dar caza a Marti\u00f1o Ramos Soto, el profesor que se dio a la&hellip;\n","protected":false},"author":2,"featured_media":256024,"comment_status":"","ping_status":"","sticky":false,"template":"","format":"standard","meta":{"footnotes":""},"categories":[5],"tags":[3216,17,18,1164,64388,25,55496,24,13,14,11,19,20,9,10,15,16,7387,64386,705,2568,22839,369,23,12,64387,21,22],"class_list":{"0":"post-256023","1":"post","2":"type-post","3":"status-publish","4":"format-standard","5":"has-post-thumbnail","7":"category-titulares","8":"tag-brasil","9":"tag-breaking-news","10":"tag-breakingnews","11":"tag-cuba","12":"tag-despistar","13":"tag-es","14":"tag-escalas","15":"tag-espana","16":"tag-featured-news","17":"tag-featurednews","18":"tag-headlines","19":"tag-latest-news","20":"tag-latestnews","21":"tag-news","22":"tag-noticias","23":"tag-noticias-destacadas","24":"tag-noticiasdestacadas","25":"tag-orense","26":"tag-pederasta","27":"tag-peru","28":"tag-plan","29":"tag-profesor","30":"tag-siempre","31":"tag-spain","32":"tag-titulares","33":"tag-treta","34":"tag-ultimas-noticias","35":"tag-ultimasnoticias"},"share_on_mastodon":{"url":"https:\/\/pubeurope.com\/@es\/115613478601745439","error":""},"_links":{"self":[{"href":"https:\/\/www.europesays.com\/es\/wp-json\/wp\/v2\/posts\/256023","targetHints":{"allow":["GET"]}}],"collection":[{"href":"https:\/\/www.europesays.com\/es\/wp-json\/wp\/v2\/posts"}],"about":[{"href":"https:\/\/www.europesays.com\/es\/wp-json\/wp\/v2\/types\/post"}],"author":[{"embeddable":true,"href":"https:\/\/www.europesays.com\/es\/wp-json\/wp\/v2\/users\/2"}],"replies":[{"embeddable":true,"href":"https:\/\/www.europesays.com\/es\/wp-json\/wp\/v2\/comments?post=256023"}],"version-history":[{"count":0,"href":"https:\/\/www.europesays.com\/es\/wp-json\/wp\/v2\/posts\/256023\/revisions"}],"wp:featuredmedia":[{"embeddable":true,"href":"https:\/\/www.europesays.com\/es\/wp-json\/wp\/v2\/media\/256024"}],"wp:attachment":[{"href":"https:\/\/www.europesays.com\/es\/wp-json\/wp\/v2\/media?parent=256023"}],"wp:term":[{"taxonomy":"category","embeddable":true,"href":"https:\/\/www.europesays.com\/es\/wp-json\/wp\/v2\/categories?post=256023"},{"taxonomy":"post_tag","embeddable":true,"href":"https:\/\/www.europesays.com\/es\/wp-json\/wp\/v2\/tags?post=256023"}],"curies":[{"name":"wp","href":"https:\/\/api.w.org\/{rel}","templated":true}]}}