{"id":256029,"date":"2025-11-26T01:55:11","date_gmt":"2025-11-26T01:55:11","guid":{"rendered":"https:\/\/www.europesays.com\/es\/256029\/"},"modified":"2025-11-26T01:55:11","modified_gmt":"2025-11-26T01:55:11","slug":"ayoze-perez-celebra-un-presentimiento-en-su-fichaje-frustrado-por-el-valencia","status":"publish","type":"post","link":"https:\/\/www.europesays.com\/es\/256029\/","title":{"rendered":"Ayoze P\u00e9rez celebra un presentimiento en su fichaje frustrado por el Valencia"},"content":{"rendered":"\n<p>M\u00e1s noticias<\/p>\n<p><a class=\"info_masnoticias\" href=\"https:\/\/www.eldesmarque.com\/futbol\/valencia-cf\/\" rel=\"nofollow noopener\" target=\"_blank\"><br \/>\nM\u00e1s de<br \/>\nM\u00e1s noticias de<br \/>\nValencia CF<br \/>\n<\/a><\/p>\n<p><strong>Ayoze P\u00e9rez<\/strong> fue una apuesta ganadora del Villarreal CF. Tras grandes apariciones <a href=\"https:\/\/www.eldesmarque.com\/futbol\/real-betis\/20241231\/ayoze-despide-2024-inolvidable-espana-villarreal-betis-rapido-olvido-verde_300542573.html\" rel=\"nofollow noopener\" target=\"_blank\">en el Real Betis<\/a>, el submarino amarillo se lanz\u00f3 a por el atacante canario y este respondi\u00f3 con goles clave para la <a href=\"https:\/\/www.eldesmarque.com\/futbol\/villarreal-cf\/20251125\/villarreal-copenhague-proximo-rival-champions-league-fecha-hora_300818003.html\" rel=\"nofollow noopener\" target=\"_blank\">clasificaci\u00f3n para la Champions<\/a> League. No obstante, <strong>su destino podr\u00eda haber sido bien distinto<\/strong>, pues estuvo muy cerca de <a href=\"https:\/\/www.eldesmarque.com\/futbol\/valencia-cf\/20190610\/ayoze-perez-en-la-agenda-del-valencia-cf_170196084.html\" rel=\"nofollow noopener\" target=\"_blank\">fichar por el Valencia CF<\/a>.<\/p>\n<p>El goleador del Villarreal quiso abandonar la Premier League antes, pero acab\u00f3 decant\u00e1ndose por continuar en Inglaterra, aunque no en el Newcastle sino en el Leicester. Este martes, Ayoze <strong>ha recordado su frustrada llegada al Valencia<\/strong> en el programa <a href=\"https:\/\/www.youtube.com\/watch?v=UF7-kR3ZShk\" target=\"_blank\" rel=\"noopener nofollow\">La Otra Grada de Feeberse<\/a>.<\/p>\n<p>All\u00ed, el futbolista canario reconoce que su cl\u00e1usula fue un obst\u00e1culo importante para el cuadro che: \u00abHecho no, en Inglaterra no se suele poner cl\u00e1usulas, <strong>yo ten\u00eda una de 30 millones<\/strong>. Entonces claro, un club de Espa\u00f1a pagar eso por un jugador no era tan f\u00e1cil\u00bb.<\/p>\n<p><img decoding=\"async\" src=\"https:\/\/www.europesays.com\/es\/wp-content\/uploads\/2025\/11\/fotojet_11jpg_001.jpg\" width=\"660\" height=\"370.79\" alt=\"Ayoze P\u00e9rez celebrando un gol con el Villarreal (Cordon Press)\"\/><br \/>\nAyoze P\u00e9rez celebrando un gol con el Villarreal (Cordon Press)<\/p>\n<p>Ayoze P\u00e9rez y su presentimiento en el fichaje frustrado por el Valencia<\/p>\n<p>El internacional espa\u00f1ol admite que quer\u00eda jugar en Mestalla: \u00abYo quer\u00eda volver a Espa\u00f1a, <strong>el Valencia estaba esperando en ese momento vender a Rodrigo Moreno<\/strong> que rindi\u00f3 a muy buen nivel. Esa conversaci\u00f3n se dio poco despu\u00e9s de acabar la liga, claro quedaba todo el mercado\u00bb.<\/p>\n<p>Eso s\u00ed, Ayoze no las ten\u00eda todas consigo en la operaci\u00f3n: \u00ab<strong>El Leicester tambi\u00e9n me quer\u00eda y yo lo que quer\u00eda era el Valencia<\/strong>, pero claro, nadie me garantizaba que iban a vender a Rodrigo, <strong>de hecho, no lo venden<\/strong>\u00ab.<\/p>\n<p>El delantero cerr\u00f3 esta an\u00e9cdota<strong> reconociendo su alivio por haber acertado con su presentimiento<\/strong>, ya que el Valencia no vendi\u00f3 a Rodrigo Moreno, lo que imped\u00eda su fichaje: \u00abEstaba jodido. Entonces se me dio un poco la circunstancia de que<strong> no tuve casi elecci\u00f3n<\/strong>. Era el momento de un cambio, psicol\u00f3gicamente sobre todo, y se dio el cambio al Leicester. Lo del Valencia qued\u00f3 en un segundo plano, habl\u00e9 con mi repre y le dije &#8216;nadie nos garantiza nada&#8217;. <strong>Y no se dio la operaci\u00f3n de Rodrigo, sali\u00f3 bien<\/strong>\u00ab.<\/p>\n","protected":false},"excerpt":{"rendered":"M\u00e1s noticias M\u00e1s de M\u00e1s noticias de Valencia CF Ayoze P\u00e9rez fue una apuesta ganadora del Villarreal CF.&hellip;\n","protected":false},"author":2,"featured_media":256030,"comment_status":"","ping_status":"","sticky":false,"template":"","format":"standard","meta":{"footnotes":""},"categories":[268],"tags":[168,25,24,280,282,281,23,167],"class_list":{"0":"post-256029","1":"post","2":"type-post","3":"status-publish","4":"format-standard","5":"has-post-thumbnail","7":"category-futbol","8":"tag-deportes","9":"tag-es","10":"tag-espana","11":"tag-football","12":"tag-futbol","13":"tag-soccer","14":"tag-spain","15":"tag-sports"},"share_on_mastodon":{"url":"https:\/\/pubeurope.com\/@es\/115613514445096068","error":""},"_links":{"self":[{"href":"https:\/\/www.europesays.com\/es\/wp-json\/wp\/v2\/posts\/256029","targetHints":{"allow":["GET"]}}],"collection":[{"href":"https:\/\/www.europesays.com\/es\/wp-json\/wp\/v2\/posts"}],"about":[{"href":"https:\/\/www.europesays.com\/es\/wp-json\/wp\/v2\/types\/post"}],"author":[{"embeddable":true,"href":"https:\/\/www.europesays.com\/es\/wp-json\/wp\/v2\/users\/2"}],"replies":[{"embeddable":true,"href":"https:\/\/www.europesays.com\/es\/wp-json\/wp\/v2\/comments?post=256029"}],"version-history":[{"count":0,"href":"https:\/\/www.europesays.com\/es\/wp-json\/wp\/v2\/posts\/256029\/revisions"}],"wp:featuredmedia":[{"embeddable":true,"href":"https:\/\/www.europesays.com\/es\/wp-json\/wp\/v2\/media\/256030"}],"wp:attachment":[{"href":"https:\/\/www.europesays.com\/es\/wp-json\/wp\/v2\/media?parent=256029"}],"wp:term":[{"taxonomy":"category","embeddable":true,"href":"https:\/\/www.europesays.com\/es\/wp-json\/wp\/v2\/categories?post=256029"},{"taxonomy":"post_tag","embeddable":true,"href":"https:\/\/www.europesays.com\/es\/wp-json\/wp\/v2\/tags?post=256029"}],"curies":[{"name":"wp","href":"https:\/\/api.w.org\/{rel}","templated":true}]}}