{"id":25603,"date":"2025-08-04T18:40:09","date_gmt":"2025-08-04T18:40:09","guid":{"rendered":"https:\/\/www.europesays.com\/es\/25603\/"},"modified":"2025-08-04T18:40:09","modified_gmt":"2025-08-04T18:40:09","slug":"el-torneo-de-verano-golf-soria-reune-a-cerca-de-60-participantes","status":"publish","type":"post","link":"https:\/\/www.europesays.com\/es\/25603\/","title":{"rendered":"El Torneo de Verano Golf Soria re\u00fane a cerca de 60 participantes"},"content":{"rendered":"<p>Los jugadores locales Miguel L\u00f3pez, en Scratch masculino, y Ana S\u00e1nchez, en el femenino, fueron los ganadores del Torneo de Verano Golf Soria, cuya tercera edici\u00f3n se disput\u00f3 este domingo en las instalaciones del Club de Golf Soria con la participaci\u00f3n de 58 jugadores\/as.<\/p>\n<p><a target=\"_blank\" href=\"https:\/\/www.desdesoria.es\/ads\/20250803092718869173\" rel=\"nofollow noopener\"> <img loading=\"lazy\" decoding=\"async\" src=\"https:\/\/www.europesays.com\/es\/wp-content\/uploads\/2025\/08\/2025080309254766756.gif\" alt=\"Publicidad 869173\" width=\"728\" height=\"90\" class=\"lazyload\" \/> <\/a><\/p>\n<p>En el apartado masculino, Miguel L\u00f3pez sum\u00f3 38 puntos para adjudicarse el t\u00edtulo por delante de Rams\u00e9s L\u00f3pez, segundo con 32, de Jos\u00e9 Luis Pascual, tercero con 31, y de Mario Rodr\u00edguez e Ignacio Ram\u00edrez, que compartieron el cuarto puesto con 30 puntos. En damas, Ana S\u00e1nchez sum\u00f3 23 puntos con los que se impuso por delante de Fuencisla Ramos y Carmen Ayll\u00f3n, que compartieron la segunda plaza con 9 puntos.<\/p>\n<p>En h\u00e1ndicap, se estableci\u00f3 una categor\u00eda \u00fanica en damas y dos en caballeros: la 1\u00aa, hasta h\u00e1ndicap 15,0, y la 2\u00aa, a partir de h\u00e1ndicap 15,1. El triunfo en h\u00e1ndicap 1\u00aa categor\u00eda masculina fue compartido por Miguel L\u00f3pez y Rams\u00e9s L\u00f3pez, mientras que Gonzalo Fern\u00e1ndez-D\u00edez fue el vencedor en 2\u00aa por delante de \u00c1lvaro Wesolowski. Por \u00faltimo, Ana S\u00e1nchez fue la dominadora en h\u00e1ndicap damas seguida de Carmen Ayll\u00f3n.<\/p>\n<p>El torneo se disput\u00f3 bajo la modalidad de juego Stableford Individual a 18 hoyos. En cuanto a los trofeos, hubo premios para el primer y segundo clasificados H\u00e1ndicap de cada una de las tres categor\u00edas establecidas y para los campeones Scratch. La inscripci\u00f3n inclu\u00eda Green Feee, picnic y comida.<\/p>\n<p>Pueden consultar las clasificaciones completas del torneo en: https:\/\/tournament-site.golfgamebook.com\/tournament\/75158.<\/p>\n","protected":false},"excerpt":{"rendered":"Los jugadores locales Miguel L\u00f3pez, en Scratch masculino, y Ana S\u00e1nchez, en el femenino, fueron los ganadores del&hellip;\n","protected":false},"author":2,"featured_media":25604,"comment_status":"","ping_status":"","sticky":false,"template":"","format":"standard","meta":{"footnotes":""},"categories":[275],"tags":[168,25,24,329,23,167],"class_list":{"0":"post-25603","1":"post","2":"type-post","3":"status-publish","4":"format-standard","5":"has-post-thumbnail","7":"category-golf","8":"tag-deportes","9":"tag-es","10":"tag-espana","11":"tag-golf","12":"tag-spain","13":"tag-sports"},"share_on_mastodon":{"url":"","error":""},"_links":{"self":[{"href":"https:\/\/www.europesays.com\/es\/wp-json\/wp\/v2\/posts\/25603","targetHints":{"allow":["GET"]}}],"collection":[{"href":"https:\/\/www.europesays.com\/es\/wp-json\/wp\/v2\/posts"}],"about":[{"href":"https:\/\/www.europesays.com\/es\/wp-json\/wp\/v2\/types\/post"}],"author":[{"embeddable":true,"href":"https:\/\/www.europesays.com\/es\/wp-json\/wp\/v2\/users\/2"}],"replies":[{"embeddable":true,"href":"https:\/\/www.europesays.com\/es\/wp-json\/wp\/v2\/comments?post=25603"}],"version-history":[{"count":0,"href":"https:\/\/www.europesays.com\/es\/wp-json\/wp\/v2\/posts\/25603\/revisions"}],"wp:featuredmedia":[{"embeddable":true,"href":"https:\/\/www.europesays.com\/es\/wp-json\/wp\/v2\/media\/25604"}],"wp:attachment":[{"href":"https:\/\/www.europesays.com\/es\/wp-json\/wp\/v2\/media?parent=25603"}],"wp:term":[{"taxonomy":"category","embeddable":true,"href":"https:\/\/www.europesays.com\/es\/wp-json\/wp\/v2\/categories?post=25603"},{"taxonomy":"post_tag","embeddable":true,"href":"https:\/\/www.europesays.com\/es\/wp-json\/wp\/v2\/tags?post=25603"}],"curies":[{"name":"wp","href":"https:\/\/api.w.org\/{rel}","templated":true}]}}