{"id":256031,"date":"2025-11-26T01:56:07","date_gmt":"2025-11-26T01:56:07","guid":{"rendered":"https:\/\/www.europesays.com\/es\/256031\/"},"modified":"2025-11-26T01:56:07","modified_gmt":"2025-11-26T01:56:07","slug":"nunca-he-hablado-ni-hablare-ni-confirmare-ni-negare-nada-sobre-mis-relaciones-siento-que-es-una-violacion-de-mi-mundo-interior-de-mi-mundo-privado-pense-que-tal-vez-eso-se-suavizaria-en-algun-mom","status":"publish","type":"post","link":"https:\/\/www.europesays.com\/es\/256031\/","title":{"rendered":"Nunca he hablado. Ni hablar\u00e9, ni confirmar\u00e9 ni negar\u00e9 nada sobre mis relaciones. Siento que es una violaci\u00f3n de mi mundo interior, de mi mundo privado. Pens\u00e9 que tal vez eso se suavizar\u00eda en alg\u00fan momento, pero me sorprende mucho decir que no ha sido as\u00ed"},"content":{"rendered":"<p data-gtm-element-container=\"modulo-texto-link\" class=\"paragraph\">El actor brit\u00e1nico-estadounidense Andrew Garfield, de 42 a\u00f1os, ha vuelto a dejar claro que su vida privada no es un terreno que est\u00e9 dispuesto a compartir con el p\u00fablico. <strong>En una entrevista reciente, Garfield reflexion\u00f3 sobre la presi\u00f3n medi\u00e1tica que ha acompa\u00f1ado su carrera<\/strong> y sobre la insistencia de la prensa y los fans en conocer detalles de sus relaciones sentimentales. Con palabras firmes y sin rodeos, el int\u00e9rprete de &#8216;The Amazing Spider-Man&#8217; reafirm\u00f3 su postura de mantener un l\u00edmite infranqueable entre su vida profesional y su intimidad.<\/p>\n<p data-gtm-element-container=\"modulo-texto-link\" class=\"paragraph\">\u00abNunca he hablado. Ni hablar\u00e9, ni confirmar\u00e9 ni negar\u00e9 nada sobre mis relaciones. Siento que es una violaci\u00f3n de mi mundo interior, de mi mundo privado. Pens\u00e9 que tal vez eso se suavizar\u00eda en alg\u00fan momento, pero me sorprende mucho decir que no ha sido as\u00ed\u00bb, declar\u00f3 Garfield.<\/p>\n<p>                <img loading=\"lazy\" decoding=\"async\" data-full-src=\"https:\/\/www.mundodeportivo.com\/uploads\/2022\/04\/01\/6246c85730d28.jpeg\" alt=\"Emma Stone y Andrew Garfield tambi\u00e9n mantuvieron una relaci\u00f3n tras conocerse, en 2010, en 'The Amazing Spider-Man'. Duraron cinco a\u00f1os y lo dejaron porque ten\u00edan prioridades diferentes.\" width=\"449\" height=\"270\" src=\"https:\/\/www.europesays.com\/es\/wp-content\/uploads\/2025\/11\/6246c85730d28.jpeg\" class=\"lazy\"\/><\/p>\n<p class=\"caption-title \">Emma Stone y Andrew Garfield en &#8216;The Amazing Spider-Man&#8217;<\/p>\n<p>                    OF<\/p>\n<p data-gtm-element-container=\"modulo-texto-link\" class=\"paragraph\">Con estas palabras, el actor subray\u00f3 que la exposici\u00f3n p\u00fablica que conlleva la fama no deber\u00eda implicar la renuncia a la privacidad. Para \u00e9l, la insistencia en conocer detalles de su vida sentimental es una invasi\u00f3n que afecta a su bienestar personal y emocional.<\/p>\n<p>Andrew Garfield, un actor marcado por la fama y la discreci\u00f3n<\/p>\n<p data-gtm-element-container=\"modulo-texto-link\" class=\"paragraph\">Andrew Garfield alcanz\u00f3 la fama internacional al interpretar a Peter Parker en &#8216;The Amazing Spider-Man&#8217; (2012 y 2014). <strong>Desde entonces, su carrera ha estado acompa\u00f1ada por un escrutinio constante de los medios<\/strong>, que han seguido cada paso de su vida personal. Sin embargo, Garfield ha mantenido una postura coherente: hablar de su trabajo, de sus proyectos y de su visi\u00f3n del cine, pero no de sus relaciones.<\/p>\n<p data-gtm-element-container=\"modulo-texto-link\" class=\"paragraph\">A lo largo de los a\u00f1os, <strong>se le ha vinculado sentimentalmente con figuras p\u00fablicas como Emma Stone<\/strong>, pero el actor nunca ha confirmado ni desmentido esas informaciones. Su silencio ha sido interpretado como una forma de proteger su intimidad y de marcar un l\u00edmite claro frente a la curiosidad medi\u00e1tica.<\/p>\n<p>    Lee tambi\u00e9n<\/p>\n<p data-gtm-element-container=\"modulo-texto-link\" class=\"paragraph\">Garfield insisti\u00f3 en que su decisi\u00f3n de no hablar de sus relaciones no es un capricho, sino una necesidad para preservar su equilibrio personal.<strong> \u00abSiento que es una violaci\u00f3n de mi mundo interior\u00bb, explic\u00f3<\/strong>, dejando claro que la intimidad es un espacio que necesita proteger para poder desarrollarse como persona y como artista.<\/p>\n<p>                <img loading=\"lazy\" decoding=\"async\" data-full-src=\"https:\/\/www.mundodeportivo.com\/uploads\/2022\/01\/12\/61df2dcf42d0c.png\" alt=\"Andrew Garfield explica por qu\u00e9 le dijeron \" no=\"\" a=\"\" cr=\"\" de=\"\" narnia=\"\" width=\"449\" height=\"460\" src=\"https:\/\/www.europesays.com\/es\/wp-content\/uploads\/2025\/11\/61df2dcf42d0c.r_d.679-319.png\" class=\"lazy\"\/><\/p>\n<p class=\"caption-title \">Andrew Garfield\u00a0<\/p>\n<p>                    Instagram<\/p>\n<p data-gtm-element-container=\"modulo-texto-link\" class=\"paragraph\">M\u00e1s all\u00e1 de su vida personal, <strong>Garfield ha demostrado ser un actor comprometido con su trabajo<\/strong>. Su interpretaci\u00f3n en &#8216;Tick, Tick\u2026 Boom!&#8217; (2021) le vali\u00f3 una nominaci\u00f3n al \u00d3scar, y su papel en &#8216;Hacksaw Ridge&#8217; (2016) fue aclamado por la cr\u00edtica. En cada proyecto, Garfield ha mostrado una dedicaci\u00f3n absoluta, lo que refuerza su idea de que lo que debe estar en el centro de la atenci\u00f3n p\u00fablica es su trabajo, no su intimidad.<\/p>\n<p data-gtm-element-container=\"modulo-texto-link\" class=\"paragraph\">Andrew Garfield ha vuelto a dejar claro que su vida privada no es negociable. Con 42 a\u00f1os y una carrera consolidada, el actor insiste en que nunca hablar\u00e1 de sus relaciones. Su postura firme invita a reflexionar sobre los l\u00edmites de la fama y sobre la necesidad de respetar la privacidad de quienes, aunque figuras p\u00fablicas, siguen siendo personas con un mundo \u00edntimo que merece protecci\u00f3n.<\/p>\n","protected":false},"excerpt":{"rendered":"El actor brit\u00e1nico-estadounidense Andrew Garfield, de 42 a\u00f1os, ha vuelto a dejar claro que su vida privada no&hellip;\n","protected":false},"author":2,"featured_media":256032,"comment_status":"","ping_status":"","sticky":false,"template":"","format":"standard","meta":{"footnotes":""},"categories":[174],"tags":[255,146,147,25,24,256,23],"class_list":{"0":"post-256031","1":"post","2":"type-post","3":"status-publish","4":"format-standard","5":"has-post-thumbnail","7":"category-famosos","8":"tag-celebrities","9":"tag-entertainment","10":"tag-entretenimiento","11":"tag-es","12":"tag-espana","13":"tag-famosos","14":"tag-spain"},"share_on_mastodon":{"url":"https:\/\/pubeurope.com\/@es\/115613518021192458","error":""},"_links":{"self":[{"href":"https:\/\/www.europesays.com\/es\/wp-json\/wp\/v2\/posts\/256031","targetHints":{"allow":["GET"]}}],"collection":[{"href":"https:\/\/www.europesays.com\/es\/wp-json\/wp\/v2\/posts"}],"about":[{"href":"https:\/\/www.europesays.com\/es\/wp-json\/wp\/v2\/types\/post"}],"author":[{"embeddable":true,"href":"https:\/\/www.europesays.com\/es\/wp-json\/wp\/v2\/users\/2"}],"replies":[{"embeddable":true,"href":"https:\/\/www.europesays.com\/es\/wp-json\/wp\/v2\/comments?post=256031"}],"version-history":[{"count":0,"href":"https:\/\/www.europesays.com\/es\/wp-json\/wp\/v2\/posts\/256031\/revisions"}],"wp:featuredmedia":[{"embeddable":true,"href":"https:\/\/www.europesays.com\/es\/wp-json\/wp\/v2\/media\/256032"}],"wp:attachment":[{"href":"https:\/\/www.europesays.com\/es\/wp-json\/wp\/v2\/media?parent=256031"}],"wp:term":[{"taxonomy":"category","embeddable":true,"href":"https:\/\/www.europesays.com\/es\/wp-json\/wp\/v2\/categories?post=256031"},{"taxonomy":"post_tag","embeddable":true,"href":"https:\/\/www.europesays.com\/es\/wp-json\/wp\/v2\/tags?post=256031"}],"curies":[{"name":"wp","href":"https:\/\/api.w.org\/{rel}","templated":true}]}}