{"id":256049,"date":"2025-11-26T02:17:10","date_gmt":"2025-11-26T02:17:10","guid":{"rendered":"https:\/\/www.europesays.com\/es\/256049\/"},"modified":"2025-11-26T02:17:10","modified_gmt":"2025-11-26T02:17:10","slug":"preocupacion-por-la-posible-lesion-de-braxton-key","status":"publish","type":"post","link":"https:\/\/www.europesays.com\/es\/256049\/","title":{"rendered":"Preocupaci\u00f3n por la posible lesi\u00f3n de Braxton Key"},"content":{"rendered":"<p class=\"ft-text\">Sabor agridulce. Esa es la sensaci\u00f3n id\u00f3nea para describir lo que ha sucedido en el<strong> Roig Arena<\/strong> en <a class=\"ft-link ft-link--decoration\" href=\"https:\/\/www.superdeporte.es\/valencia-basket\/2025\/11\/25\/valencia-basket-bayern-munich-euroliga-directo-124118009.html\" rel=\"nofollow noopener\" target=\"_blank\">la espectacular victoria contra el Bayern de M\u00fanich.<\/a> El Valenica Basket arras\u00f3 a los b\u00e1varos <a class=\"ft-link ft-link--decoration\" href=\"https:\/\/www.superdeporte.es\/valencia-basket\/2025\/11\/25\/roig-arena-rinde-badio-mvp-124122554.html\" rel=\"nofollow noopener\" target=\"_blank\">con un Brancou Badio sensacional.<\/a> Sin embargo la fiesta se vino algo abajo en el coliseo taronja con la<strong> posible lesi\u00f3n de rodilla de Braxton Key.<\/strong> El norteamericano se march\u00f3 de la pista con serios gestos de dolor y ayudado por sus compa\u00f1eros para irse al vestuario.<\/p>\n<p class=\"ft-text\">La acci\u00f3n en cuesti\u00f3n se produjo a los pocos segundos del inicio del \u00faltimo cuarto. <strong>Key <\/strong>defend\u00eda a un rival, cuando al ir al suelo buscando bal\u00f3n <strong>se dej\u00f3 la pierna de apoyo atr\u00e1s y cay\u00f3 sobre la misma<\/strong>, con una evidente torsi\u00f3n de la rodilla. Aunque en un primer momento se pens\u00f3 que <strong>Key <\/strong>se quejaba de un golpe en la parte posterior de la pierna con la repetici\u00f3n se pudo ver perfectamente la ca\u00edda. La preocupaci\u00f3n se apoder\u00f3 del todo el mundo, pues c<strong>uando un deportista se lleva la mano a la parte de atr\u00e1s de la rodilla&#8230; \u00a1alarma!<\/strong><\/p>\n<p>Pedro Mart\u00ednez desvela el opimismo de Key<\/p>\n<p class=\"ft-text\">Sin embargo, a prori, parece que las primeras sensaciones son buenas. <a class=\"ft-link ft-link--decoration\" href=\"https:\/\/www.superdeporte.es\/valencia-basket\/2025\/11\/25\/pedro-martinez-analiza-victoria-valencia-basket-bayern-euroliga-124125023.html\" rel=\"nofollow noopener\" target=\"_blank\">Estas han sido las palabras de Pedro Mart\u00ednez<\/a> despu\u00e9s de la <a class=\"ft-link ft-link--decoration\" href=\"https:\/\/www.superdeporte.es\/valencia-basket\/2025\/11\/25\/badio-impulsa-valencia-bc-crecido-en-euroliga-ante-bayern-munich-124120561.html\" rel=\"nofollow noopener\" target=\"_blank\">victoria contra el Bayern de M\u00fanich<\/a>, que, aunque son m\u00e1s positivas todo queda en el aire hasta que se conozca el alcance de la lesi\u00f3n: \u201cEstaba dolorido, peor pensaba que no era grave. Es en la rodilla, habr\u00e1 que hacerle pruebas, pero ma\u00f1ana veremos\u201d.<\/p>\n<p class=\"ft-text\">En caso de que las pruebas reflejen una mala noticia, esta ser\u00eda un contratiempo importante para el <a class=\"ft-link ft-link--decoration\" href=\"https:\/\/www.superdeporte.es\/valencia-basket\/2025\/10\/25\/fichaje-nba-valencia-basket-braxton-key-123025439.html\" rel=\"nofollow noopener\" target=\"_blank\">\u00faltimo en llegar a la plantilla de Valencia Basket<\/a>. El conjunto taronja movi\u00f3 ficha con el inicio de la temporada NBA, ya que muchas franquicias cortan a jugadores interesantes para el baloncesto europeo. <strong>Key <\/strong>era <a class=\"ft-link ft-link--decoration\" href=\"https:\/\/www.superdeporte.es\/valencia-basket\/2025\/11\/02\/braxton-key-deja-sello-estreno-123290186.html\" rel=\"nofollow noopener\" target=\"_blank\">una opci\u00f3n inmejorable para reforzar la defensa y aportar piernas<\/a> al equipo, <strong>algo fundamental en el estilo de Pedro Mart\u00ednez.<\/strong> Ahora todo queda en el aire a la espera de m\u00e1s noticias sobre la rodilla del norteamericano.<\/p>\n","protected":false},"excerpt":{"rendered":"Sabor agridulce. Esa es la sensaci\u00f3n id\u00f3nea para describir lo que ha sucedido en el Roig Arena en&hellip;\n","protected":false},"author":2,"featured_media":256050,"comment_status":"","ping_status":"","sticky":false,"template":"","format":"standard","meta":{"footnotes":""},"categories":[269],"tags":[299,298,30892,55655,168,25,24,12050,55656,8252,12326,12164,23,167,2916],"class_list":{"0":"post-256049","1":"post","2":"type-post","3":"status-publish","4":"format-standard","5":"has-post-thumbnail","7":"category-baloncesto","8":"tag-baloncesto","9":"tag-basketball","10":"tag-bayern-de-munich","11":"tag-braxton","12":"tag-deportes","13":"tag-es","14":"tag-espana","15":"tag-grave","16":"tag-key","17":"tag-lesion","18":"tag-pedro-martinez","19":"tag-piensa","20":"tag-spain","21":"tag-sports","22":"tag-valencia-basket"},"share_on_mastodon":{"url":"https:\/\/pubeurope.com\/@es\/115613600650269863","error":""},"_links":{"self":[{"href":"https:\/\/www.europesays.com\/es\/wp-json\/wp\/v2\/posts\/256049","targetHints":{"allow":["GET"]}}],"collection":[{"href":"https:\/\/www.europesays.com\/es\/wp-json\/wp\/v2\/posts"}],"about":[{"href":"https:\/\/www.europesays.com\/es\/wp-json\/wp\/v2\/types\/post"}],"author":[{"embeddable":true,"href":"https:\/\/www.europesays.com\/es\/wp-json\/wp\/v2\/users\/2"}],"replies":[{"embeddable":true,"href":"https:\/\/www.europesays.com\/es\/wp-json\/wp\/v2\/comments?post=256049"}],"version-history":[{"count":0,"href":"https:\/\/www.europesays.com\/es\/wp-json\/wp\/v2\/posts\/256049\/revisions"}],"wp:featuredmedia":[{"embeddable":true,"href":"https:\/\/www.europesays.com\/es\/wp-json\/wp\/v2\/media\/256050"}],"wp:attachment":[{"href":"https:\/\/www.europesays.com\/es\/wp-json\/wp\/v2\/media?parent=256049"}],"wp:term":[{"taxonomy":"category","embeddable":true,"href":"https:\/\/www.europesays.com\/es\/wp-json\/wp\/v2\/categories?post=256049"},{"taxonomy":"post_tag","embeddable":true,"href":"https:\/\/www.europesays.com\/es\/wp-json\/wp\/v2\/tags?post=256049"}],"curies":[{"name":"wp","href":"https:\/\/api.w.org\/{rel}","templated":true}]}}