{"id":256055,"date":"2025-11-26T02:20:28","date_gmt":"2025-11-26T02:20:28","guid":{"rendered":"https:\/\/www.europesays.com\/es\/256055\/"},"modified":"2025-11-26T02:20:28","modified_gmt":"2025-11-26T02:20:28","slug":"cena-anual-en-el-guggenheim-bilbao","status":"publish","type":"post","link":"https:\/\/www.europesays.com\/es\/256055\/","title":{"rendered":"Cena anual en el Guggenheim Bilbao"},"content":{"rendered":"<p>\n        El <a href=\"https:\/\/www.deia.eus\/tags\/museo-guggenheim-bilbao\/\" title=\"Guggenheim Bilbao\" class=\"link copy\" rel=\"nofollow noopener\" target=\"_blank\">Guggenheim Bilbao<\/a> celebr\u00f3 ayer su <strong>cena anual en agradecimiento a las personas, empresas y entidades que hacen posible su actividad con el apoyo recibido desde su inauguraci\u00f3n el 18 de octubre de 1997.<\/strong>\n<\/p>\n<p class=\"article-body__text \">\n        Al evento asisti\u00f3 el lehendakari <strong>Imanol Pradales<\/strong>,  representantes institucionales e invitados del mundo de la cultura, pol\u00edtica y sociedad vasca.<strong> La cena fue ofrecida por IXO grupo<\/strong>. Asimismo, Bodegas Campillo, bodegas de los Herederos del Marqu\u00e9s de Riscal y Laurent-Perrier brindaron su colaboraci\u00f3n a la celebraci\u00f3n.<\/p>\n","protected":false},"excerpt":{"rendered":"El Guggenheim Bilbao celebr\u00f3 ayer su cena anual en agradecimiento a las personas, empresas y entidades que hacen&hellip;\n","protected":false},"author":2,"featured_media":256056,"comment_status":"","ping_status":"","sticky":false,"template":"","format":"standard","meta":{"footnotes":""},"categories":[173],"tags":[21142,229,233,231,230,2601,26674,232,234,146,147,25,24,983,23],"class_list":{"0":"post-256055","1":"post","2":"type-post","3":"status-publish","4":"format-standard","5":"has-post-thumbnail","7":"category-arte-y-diseno","8":"tag-anual","9":"tag-arte","10":"tag-arte-y-diseno","11":"tag-arts","12":"tag-arts-and-design","13":"tag-bilbao","14":"tag-cena","15":"tag-design","16":"tag-diseno","17":"tag-entertainment","18":"tag-entretenimiento","19":"tag-es","20":"tag-espana","21":"tag-guggenheim","22":"tag-spain"},"share_on_mastodon":{"url":"https:\/\/pubeurope.com\/@es\/115613612297058159","error":""},"_links":{"self":[{"href":"https:\/\/www.europesays.com\/es\/wp-json\/wp\/v2\/posts\/256055","targetHints":{"allow":["GET"]}}],"collection":[{"href":"https:\/\/www.europesays.com\/es\/wp-json\/wp\/v2\/posts"}],"about":[{"href":"https:\/\/www.europesays.com\/es\/wp-json\/wp\/v2\/types\/post"}],"author":[{"embeddable":true,"href":"https:\/\/www.europesays.com\/es\/wp-json\/wp\/v2\/users\/2"}],"replies":[{"embeddable":true,"href":"https:\/\/www.europesays.com\/es\/wp-json\/wp\/v2\/comments?post=256055"}],"version-history":[{"count":0,"href":"https:\/\/www.europesays.com\/es\/wp-json\/wp\/v2\/posts\/256055\/revisions"}],"wp:featuredmedia":[{"embeddable":true,"href":"https:\/\/www.europesays.com\/es\/wp-json\/wp\/v2\/media\/256056"}],"wp:attachment":[{"href":"https:\/\/www.europesays.com\/es\/wp-json\/wp\/v2\/media?parent=256055"}],"wp:term":[{"taxonomy":"category","embeddable":true,"href":"https:\/\/www.europesays.com\/es\/wp-json\/wp\/v2\/categories?post=256055"},{"taxonomy":"post_tag","embeddable":true,"href":"https:\/\/www.europesays.com\/es\/wp-json\/wp\/v2\/tags?post=256055"}],"curies":[{"name":"wp","href":"https:\/\/api.w.org\/{rel}","templated":true}]}}