{"id":256057,"date":"2025-11-26T02:23:11","date_gmt":"2025-11-26T02:23:11","guid":{"rendered":"https:\/\/www.europesays.com\/es\/256057\/"},"modified":"2025-11-26T02:23:11","modified_gmt":"2025-11-26T02:23:11","slug":"canalizo-mucha-energia-a-traves-de-mis-manos","status":"publish","type":"post","link":"https:\/\/www.europesays.com\/es\/256057\/","title":{"rendered":"\u201cCanalizo mucha energ\u00eda a trav\u00e9s de mis manos\u201d"},"content":{"rendered":"<p><img src=\"data:image\/png;base64,iVBORw0KGgoAAAANSUhEUgAABQAAAANVAQAAAAAPDG4kAAAAAnRSTlMAAHaTzTgAAACcSURBVHja7cExAQAAAMKg9U9tCU+gAAAAAAAAAAAAAAAAAAAAAAAAAAAAAAAAAAAAAAAAAAAAAAAAAAAAAAAAAAAAAAAAAAAAAAAAAAAAAAAAAAAAAAAAAAAAAAAAAAAAAAAAAAAAAAAAAAAAAAAAAAAAAAAAAAAAAAAAAAAAAAAAAAAAAAAAAAAAAAAAAAAAAAAAAAAAAAAAAI4GGJMAAVbYOkkAAAAASUVORK5CYII=\" alt=\"Ariana Grande y Cynthia Erivo\" data-src=\"https:\/\/www.europesays.com\/es\/wp-content\/uploads\/2025\/11\/Ariana-Grande-y-Cynthia-Erivo-1280x853.jpg\" decoding=\"async\" class=\"lazyload\" data-eio-rwidth=\"1280\" data-eio-rheight=\"853\"\/>En la mayor\u00eda de sus apariciones juntas, las actrices aparecen tomadas de manos<\/p>\n<p>La actriz y cantante estadounidense\u00a0<strong>Ariana Grande<\/strong>\u00a0<strong>explic\u00f3 su relaci\u00f3n con<\/strong>\u00a0<strong>Cynthia Erivo\u00a0<\/strong>y cont\u00f3 el motivo de por qu\u00e9\u00a0la agarra tantas veces durante la gira de prensa\u00a0de la segunda parte de la pel\u00edcula\u00a0Wicked, algo que gener\u00f3 debate en redes sociales por\u00a0<strong>la forma llamativa<\/strong>\u00a0en la que se vincularon durante estos meses.<\/p>\n<p>Durante su visita al\u00a0p\u00f3dcast Good Hang with Amy Poehler, <strong>Ariana fue consultada por el sinf\u00edn de videos virales en los que\u00a0se la pudo ver muy cercana con su compa\u00f1era\u00a0de\u00a0Wicked.<\/strong> Al respecto, coment\u00f3:\u00a0<strong>\u201cS\u00ed, canalizo mucha energ\u00eda a trav\u00e9s de mis manos<\/strong>. Por eso, siempre estoy agarrando una mano, siempre estoy apretando algo. A menudo depende de con qui\u00e9n est\u00e9;\u00a0<strong>me gusta transmitir apoyo, energ\u00eda y dem\u00e1s<\/strong>\u201d.<\/p>\n<p>Luego, Amy Poehler le pregunt\u00f3 a Grande por el primer clip de esta situaci\u00f3n, el cual se vivi\u00f3 en\u00a0una entrevista en el canal\u00a0Advocate Channel\u00a0en YouTube. \u201c<strong>Ni siquiera me hab\u00eda dado cuenta hasta qu\u00e9 pas\u00f3<\/strong>. Solo quer\u00eda brindar apoyo, y fue una sensaci\u00f3n muy linda. Creo que<strong>\u00a0es algo que nos esforzamos mucho por mantener<\/strong>\u201d, remarc\u00f3 la actriz respecto al momento en el que agarr\u00f3 un dedo de Erivo.<\/p>\n<p>Para finalizar, la artista explic\u00f3 qu\u00e9 fue lo que la uni\u00f3 tanto con su compa\u00f1era de elenco: \u201c<strong>Pasa mucho tiempo entre el final del rodaje y la gira de prensa<\/strong>. Nos comunicamos de vez en cuando, cuando podemos; ambas estamos muy ocupadas, pero hacemos todo lo posible por\u00a0<strong>mantenernos conectadas y cuidarnos mutuamente<\/strong>\u201d.<\/p>\n<p>Unos meses atr\u00e1s, la propia Cynthia Erivo decidi\u00f3 referirse a lo mismo y lo hizo en el programa televisivo\u00a0The Drew Barrymore Show. \u201cS\u00ed,\u00a0<strong>siempre estamos conectadas<\/strong>. Soy de las Capricornio acogedoras, del tipo \u2018<strong>te quiero, puedes tocarme<\/strong>\u2019\u201d, comenz\u00f3 por expresar junto a la reconocida actriz devenida a conductora.<\/p>\n<p>En cuanto a la conexi\u00f3n que las une en la actualidad, agreg\u00f3: \u201cCreo que ya me he acostumbrado. Si no hay conexi\u00f3n, me pregunto\u00a0<strong>\u2018\u00bfqu\u00e9 pasa? \u00bfQu\u00e9 ocurre? \u00bfD\u00f3nde est\u00e1s?\u2019<\/strong>. Creo que le tenemos un poco de miedo al contacto f\u00edsico;\u00a0<strong>asumimos que solo puede ser rom\u00e1ntico<\/strong>. No nos damos cuenta de que a veces nos comunicamos\u00a0<strong>mediante el contacto f\u00edsico<\/strong>\u201c. Con estas palabras, la protagonista de\u00a0Wicked\u00a0aprovech\u00f3 para enviar un mensaje de concientizaci\u00f3n a toda la audiencia.<\/p>\n<p>Tras los lanzamientos de las pel\u00edculas\u00a0Wicked\u00a0(2024) y\u00a0Wicked: For Good\u00a0(2025), esta \u00faltima sin \u00e9xito en taquilla hasta el momento, la productora cinematogr\u00e1fica Universal Pictures confirm\u00f3 su inter\u00e9s por\u00a0<strong>continuar con la historia<\/strong>, aunque no necesariamente con una trilog\u00eda. Por eso, hay muchas chances de que esto contin\u00fae con un\u00a0spin-off\u00a0en el que\u00a0<strong>podr\u00edan aparecer tanto Ariana Grande como Cynthia Erivo<\/strong>, o mismo optar por una precuela.<\/p>\n<p>Wicked: Por siempre, una segunda parte con menos encanto y diversi\u00f3n<\/p>\n<p>Entre las miles de decisiones que la producci\u00f3n y el equipo creativo tuvieron que tomar, hay una que est\u00e1 en el origen de todo: la de\u00a0<strong>dividir la historia de\u00a0<\/strong><strong>Wicked<\/strong><strong>\u00a0en dos partes<\/strong>; una decisi\u00f3n claramente comercial, con la excusa de los tiempos narrativos.<\/p>\n<p>La divisi\u00f3n sigui\u00f3 la estructura misma del musical: cada acto ser\u00eda una pel\u00edcula. L\u00f3gico y sencillo. Pero con una complicaci\u00f3n, ya que el primer acto de\u00a0Wicked\u00a0<strong>es mucho m\u00e1s atractivo que el segundo<\/strong>, lo cual genera un desequilibrio entre ambas pel\u00edculas.<\/p>\n","protected":false},"excerpt":{"rendered":"En la mayor\u00eda de sus apariciones juntas, las actrices aparecen tomadas de manos La actriz y cantante estadounidense\u00a0Ariana&hellip;\n","protected":false},"author":2,"featured_media":256058,"comment_status":"","ping_status":"","sticky":false,"template":"","format":"standard","meta":{"footnotes":""},"categories":[170],"tags":[30465,60961,146,147,25,24,184,185,23],"class_list":{"0":"post-256057","1":"post","2":"type-post","3":"status-publish","4":"format-standard","5":"has-post-thumbnail","7":"category-musica","8":"tag-ariana-grande","9":"tag-cynthia-erivo","10":"tag-entertainment","11":"tag-entretenimiento","12":"tag-es","13":"tag-espana","14":"tag-music","15":"tag-musica","16":"tag-spain"},"share_on_mastodon":{"url":"https:\/\/pubeurope.com\/@es\/115613624122182083","error":""},"_links":{"self":[{"href":"https:\/\/www.europesays.com\/es\/wp-json\/wp\/v2\/posts\/256057","targetHints":{"allow":["GET"]}}],"collection":[{"href":"https:\/\/www.europesays.com\/es\/wp-json\/wp\/v2\/posts"}],"about":[{"href":"https:\/\/www.europesays.com\/es\/wp-json\/wp\/v2\/types\/post"}],"author":[{"embeddable":true,"href":"https:\/\/www.europesays.com\/es\/wp-json\/wp\/v2\/users\/2"}],"replies":[{"embeddable":true,"href":"https:\/\/www.europesays.com\/es\/wp-json\/wp\/v2\/comments?post=256057"}],"version-history":[{"count":0,"href":"https:\/\/www.europesays.com\/es\/wp-json\/wp\/v2\/posts\/256057\/revisions"}],"wp:featuredmedia":[{"embeddable":true,"href":"https:\/\/www.europesays.com\/es\/wp-json\/wp\/v2\/media\/256058"}],"wp:attachment":[{"href":"https:\/\/www.europesays.com\/es\/wp-json\/wp\/v2\/media?parent=256057"}],"wp:term":[{"taxonomy":"category","embeddable":true,"href":"https:\/\/www.europesays.com\/es\/wp-json\/wp\/v2\/categories?post=256057"},{"taxonomy":"post_tag","embeddable":true,"href":"https:\/\/www.europesays.com\/es\/wp-json\/wp\/v2\/tags?post=256057"}],"curies":[{"name":"wp","href":"https:\/\/api.w.org\/{rel}","templated":true}]}}