{"id":256062,"date":"2025-11-26T02:29:27","date_gmt":"2025-11-26T02:29:27","guid":{"rendered":"https:\/\/www.europesays.com\/es\/256062\/"},"modified":"2025-11-26T02:29:27","modified_gmt":"2025-11-26T02:29:27","slug":"uno-de-los-productos-estrella-de-mercadona-desaparece-de-las-estanterias-debido-a-una-incidencia-en-las-instalaciones-del-fabricante-sentimos-mucho-informarte","status":"publish","type":"post","link":"https:\/\/www.europesays.com\/es\/256062\/","title":{"rendered":"Uno de los productos estrella de Mercadona desaparece de las estanter\u00edas debido a una incidencia en las instalaciones del fabricante: \u00abSentimos mucho informarte&#8230;\u00bb"},"content":{"rendered":"<p>Si Mercadona se ha consolidado entre los consumidores como la principal cadena de supermercados es por una abanico de variables de entre las cuales destaca la fidelizaci\u00f3n que logra con muchos de sus productos. Es por es que, en caso de una repentina ausencia de cualquiera de sus art\u00edculos, los usuarios se lanzan r\u00e1pidamente a preguntar por los canales oficiales. <\/p>\n<p>Es lo que ha pasado recientemente con uno de los productos estrella de la compa\u00f1\u00eda valenciana dentro de su amplio cat\u00e1logo de comida preparada: el hummus. <b>Muchos clientes han acudido a las estanter\u00edas de Mercadona para comprar hummus y han descubierto con decepci\u00f3n que no se vende<\/b>. <\/p>\n<p>La reacci\u00f3n de estos clientes no se ha hecho esperar y muchos han preguntado en la red social X, directamente a la cuenta de Mercadona. La compa\u00f1\u00eda ha resuelto el misterio: todo se debe a una <b>incidencia en las instalaciones de la empresa que produce esta receta<\/b>. <\/p>\n<p>As\u00ed se desprende de las contestaciones de la cuenta de Mercadona a diferentes usuarios que se han preocupado por la ausencia de hummus en las estanter\u00edas. \u00abNecesitamos el hummus!!!!!!!! Porque lo hab\u00e9is quitado!???? Va a volver?? Esperemos que si!!\u00bb, publicaba este mismo lunes una usuaria, que ha recibido la r\u00e1pida respuesta de la empresa. <\/p>\n<p>\u00ab<b>Actualmente no disponemos de hummus debido a que hemos tenido una incidencia en las instalaciones de nuestro fabricante<\/b>\u00ab, ha adelantado la cadena, que ha informado de que est\u00e1 \u00abtrabajando en reestablecer el servicio lo antes posible\u00bb, aunque explica que el desabastecimiento durar\u00e1 todav\u00eda un poco: \u00ab<b>No visualizamos tenerlo antes del mes de diciembre<\/b>\u00ab.<\/p>\n<p>En otro post, un usuario se declara de forma ir\u00f3nica a favor de guardar \u00abun minuto de silencio\u00bb por la desaparici\u00f3n del hummus en los estantes. La compa\u00f1\u00eda trata de tranquilizar a este cliente explicando que solo se trata de \u00ab<b>algo temporal<\/b>\u00bb y que la causa de la ausencia de este producto es \u00ab<b>una incidencia en las instalaciones de nuestro fabricante Rensika<\/b>\u00ab. <\/p>\n<p>Misma respuesta para otro usuario que ha llegado a asegurar que ha ido a dos tiendas diferentes en la provincia de Barcelona para encontrar hummus y que no ha tenido \u00e9xito con sus pesquisas. La firma se ha disculpado de nuevo y ha insistido en que no se espera que llegue de nuevo antes de diciembre a las estanter\u00edas. <\/p>\n<blockquote class=\"twitter-tweet\"><p>&#13;<\/p>\n<p dir=\"ltr\" lang=\"es\">\u00a1Buenas noches Markus, ????! Gracias por escribirnos ?. Sentimos mucho informarte ?que actualmente no disponemos del producto al que haces referencia debido a que hemos tenido una incidencia en las instalaciones de nuestro fabricante Rensika. (1\/2)<\/p>\n<p>&#13;<br \/>\n\u2014 Mercadona (@Mercadona) <a rel=\"nofollow noopener\" href=\"https:\/\/twitter.com\/Mercadona\/status\/1992334260460794216?ref_src=twsrc%5Etfw\" target=\"_blank\">November 22, 2025<\/a><\/p><\/blockquote>\n<p>WhatsApp<a href=\"https:\/\/api.whatsapp.com\/send?text=https:\/\/www.eleconomista.es\/retail-consumo\/noticias\/13659808\/11\/25\/uno-de-los-productos-estrella-de-mercadona-desaparece-de-las-estanterias-debido-a-una-incidencia-en-las-instalaciones-del-fabricante-sentimos-mucho-informarte.html?utm_source%3Dwhatsapp%26utm_medium%3Dshare_button&amp;id=1648118629957_whatsapp\" target=\"_blank\" data-action=\"share\/whatsapp\/share\" aria-label=\"Compartir en Whatsapp\" rel=\"nofollow noopener\"><\/a>Facebook<a id=\"fb-share\" href=\"#\" target=\"_blank\" rel=\"noopener noreferrer\" aria-label=\"Compartir en Facebook\"><\/a>Twitter<a href=\"https:\/\/twitter.com\/share?text=Uno+de+los+productos+estrella+de+Mercadona+desaparece+de+las+estanter%C3%ADas+debido+a+una+incidencia+en+las+instalaciones+del+fabricante%3A+%22Sentimos+mucho+informarte...%22&amp;url=https:\/\/www.eleconomista.es\/retail-consumo\/noticias\/13659808\/11\/25\/uno-de-los-productos-estrella-de-mercadona-desaparece-de-las-estanterias-debido-a-una-incidencia-en-las-instalaciones-del-fabricante-sentimos-mucho-informarte.html&amp;via=elEconomistaes&amp;id=1648118839245_twitter\" target=\"_blank\" aria-label=\"Compartir en Twitter\" rel=\"nofollow noopener\"><\/a>Linkedin<a href=\"https:\/\/linkedin.com\/share?text=https:\/\/www.eleconomista.es\/retail-consumo\/noticias\/13659808\/11\/25\/uno-de-los-productos-estrella-de-mercadona-desaparece-de-las-estanterias-debido-a-una-incidencia-en-las-instalaciones-del-fabricante-sentimos-mucho-informarte.html&amp;via=elEconomistaes\" target=\"_blank\" aria-label=\"Compartir en linkedin\" rel=\"nofollow noopener\"><\/a>Beloud<a href=\"https:\/\/beloud.com\/share?text=Uno+de+los+productos+estrella+de+Mercadona+desaparece+de+las+estanter%C3%ADas+debido+a+una+incidencia+en+las+instalaciones+del+fabricante%3A+%22Sentimos+mucho+informarte...%22&amp;url=https:\/\/www.eleconomista.es\/retail-consumo\/noticias\/13659808\/11\/25\/uno-de-los-productos-estrella-de-mercadona-desaparece-de-las-estanterias-debido-a-una-incidencia-en-las-instalaciones-del-fabricante-sentimos-mucho-informarte.html&amp;via=elEconomistaes&amp;id=1648118839245_beloud\" target=\"_blank\" aria-label=\"Compartir en beloud\" rel=\"nofollow noopener\"><\/a>Bluesky<a href=\"https:\/\/bsky.app\/intent\/compose?text=https:\/\/bsky.app\/intent\/compose?text=https:\/\/www.eleconomista.es\/retail-consumo\/noticias\/13659808\/11\/25\/uno-de-los-productos-estrella-de-mercadona-desaparece-de-las-estanterias-debido-a-una-incidencia-en-las-instalaciones-del-fabricante-sentimos-mucho-informarte.html&amp;url=https:\/\/www.eleconomista.es\/retail-consumo\/noticias\/13659808\/11\/25\/uno-de-los-productos-estrella-de-mercadona-desaparece-de-las-estanterias-debido-a-una-incidencia-en-las-instalaciones-del-fabricante-sentimos-mucho-informarte.html&amp;via=elEconomistaes&amp;id=1648118839245_bluesky\" target=\"_blank\" aria-label=\"Compartir en bluesky\" rel=\"nofollow noopener\"><\/a><\/p>\n<p><script async src=\"https:\/\/platform.twitter.com\/widgets.js\" charset=\"utf-8\"><\/script><\/p>\n","protected":false},"excerpt":{"rendered":"Si Mercadona se ha consolidado entre los consumidores como la principal cadena de supermercados es por una abanico&hellip;\n","protected":false},"author":2,"featured_media":256063,"comment_status":"","ping_status":"","sticky":false,"template":"","format":"standard","meta":{"footnotes":""},"categories":[80],"tags":[82,95,94,25,24,11416,23],"class_list":{"0":"post-256062","1":"post","2":"type-post","3":"status-publish","4":"format-standard","5":"has-post-thumbnail","7":"category-economia","8":"tag-business","9":"tag-economia","10":"tag-economy","11":"tag-es","12":"tag-espana","13":"tag-retail-consumo","14":"tag-spain"},"share_on_mastodon":{"url":"https:\/\/pubeurope.com\/@es\/115613647776119334","error":""},"_links":{"self":[{"href":"https:\/\/www.europesays.com\/es\/wp-json\/wp\/v2\/posts\/256062","targetHints":{"allow":["GET"]}}],"collection":[{"href":"https:\/\/www.europesays.com\/es\/wp-json\/wp\/v2\/posts"}],"about":[{"href":"https:\/\/www.europesays.com\/es\/wp-json\/wp\/v2\/types\/post"}],"author":[{"embeddable":true,"href":"https:\/\/www.europesays.com\/es\/wp-json\/wp\/v2\/users\/2"}],"replies":[{"embeddable":true,"href":"https:\/\/www.europesays.com\/es\/wp-json\/wp\/v2\/comments?post=256062"}],"version-history":[{"count":0,"href":"https:\/\/www.europesays.com\/es\/wp-json\/wp\/v2\/posts\/256062\/revisions"}],"wp:featuredmedia":[{"embeddable":true,"href":"https:\/\/www.europesays.com\/es\/wp-json\/wp\/v2\/media\/256063"}],"wp:attachment":[{"href":"https:\/\/www.europesays.com\/es\/wp-json\/wp\/v2\/media?parent=256062"}],"wp:term":[{"taxonomy":"category","embeddable":true,"href":"https:\/\/www.europesays.com\/es\/wp-json\/wp\/v2\/categories?post=256062"},{"taxonomy":"post_tag","embeddable":true,"href":"https:\/\/www.europesays.com\/es\/wp-json\/wp\/v2\/tags?post=256062"}],"curies":[{"name":"wp","href":"https:\/\/api.w.org\/{rel}","templated":true}]}}