{"id":256066,"date":"2025-11-26T02:31:13","date_gmt":"2025-11-26T02:31:13","guid":{"rendered":"https:\/\/www.europesays.com\/es\/256066\/"},"modified":"2025-11-26T02:31:13","modified_gmt":"2025-11-26T02:31:13","slug":"el-cgpj-valorara-si-peramato-cumple-los-requisitos-para-ser-fiscal-general-hora-25","status":"publish","type":"post","link":"https:\/\/www.europesays.com\/es\/256066\/","title":{"rendered":"El CGPJ valorar\u00e1 si Peramato cumple los requisitos para ser fiscal general | Hora 25"},"content":{"rendered":"<p class=\"loc\">Madrid<\/p>\n<p>El Consejo de Ministros ha iniciado este martes el proceso para nombrar como fiscal general del Estado a <a href=\"https:\/\/cadenaser.com\/nacional\/2025\/11\/25\/el-gobierno-propone-a-teresa-peramato-como-nueva-fiscal-general-del-estado-cadena-ser\/\" target=\"_blank\" rel=\"nofollow noopener\" title=\"https:\/\/cadenaser.com\/nacional\/2025\/11\/25\/el-gobierno-propone-a-teresa-peramato-como-nueva-fiscal-general-del-estado-cadena-ser\/\">Teresa Peramato Mart\u00edn<\/a>. La fiscal cuenta con 35 a\u00f1os de ejercicio y, en la actualidad, es fiscal de Sala Jefa de la Secci\u00f3n Penal de la Fiscal\u00eda del Tribunal Supremo, as\u00ed como en la Sala Delegada para la Protecci\u00f3n y Tutela de las V\u00edctimas en el Proceso Penal.<\/p>\n<p>No obstante, falta por conocer la valoraci\u00f3n del Consejo General del Poder Judicial, que este mi\u00e9rcoles se reunir\u00e1 para debatir si Peramato cumple los <a href=\"https:\/\/cadenaser.com\/nacional\/2025\/11\/25\/la-asociacion-de-fiscales-espera-que-peramato-pueda-recuperar-el-buen-nombre-de-la-fiscalia-y-la-upf-dice-que-reune-las-mejores-virtudes-para-fiscal-general-cadena-ser\/\" target=\"_blank\" rel=\"nofollow noopener\" title=\"https:\/\/cadenaser.com\/nacional\/2025\/11\/25\/la-asociacion-de-fiscales-espera-que-peramato-pueda-recuperar-el-buen-nombre-de-la-fiscalia-y-la-upf-dice-que-reune-las-mejores-virtudes-para-fiscal-general-cadena-ser\/\">requisitos que exige el cargo<\/a>, tales como que se trate de un jurista de prestigio o tener m\u00e1s de 15 a\u00f1os de experiencia. El CGPJ deber\u00e1 emitir informe que, si bien es necesario, no cuenta con una naturaleza vinculante, por lo que el Ejecutivo podr\u00eda nombrar igualmente a la nueva fiscal general. De hecho, eso fue lo que sucedi\u00f3 con \u00c1lvaro Garc\u00eda Ortiz, que no cont\u00f3 con el respaldo del Consejo General del Poder Judicial.<\/p>\n<p>En todo caso, el Gobierno conf\u00eda en el perfil de Peramato para ponerse al frente de la Fiscal\u00eda. Una fiscal con a\u00f1os de experiencia, <a href=\"https:\/\/cadenaser.com\/nacional\/2025\/11\/25\/teresa-peramato-una-de-las-mayores-expertas-en-violenciade-genero-cadena-ser\/\" target=\"_blank\" rel=\"nofollow noopener\" title=\"https:\/\/cadenaser.com\/nacional\/2025\/11\/25\/teresa-peramato-una-de-las-mayores-expertas-en-violenciade-genero-cadena-ser\/\">marcado compromiso feminista<\/a> y vocaci\u00f3n de servicio publico, seg\u00fan ha valorado el ministro de Justicia, Feliz Bola\u00f1os. <\/p>\n","protected":false},"excerpt":{"rendered":"Madrid El Consejo de Ministros ha iniciado este martes el proceso para nombrar como fiscal general del Estado&hellip;\n","protected":false},"author":2,"featured_media":256067,"comment_status":"","ping_status":"","sticky":false,"template":"","format":"standard","meta":{"footnotes":""},"categories":[8],"tags":[17,18,25,24,13,14,11,19,20,9,10,15,16,23,12,21,22],"class_list":{"0":"post-256066","1":"post","2":"type-post","3":"status-publish","4":"format-standard","5":"has-post-thumbnail","7":"category-espana","8":"tag-breaking-news","9":"tag-breakingnews","10":"tag-es","11":"tag-espana","12":"tag-featured-news","13":"tag-featurednews","14":"tag-headlines","15":"tag-latest-news","16":"tag-latestnews","17":"tag-news","18":"tag-noticias","19":"tag-noticias-destacadas","20":"tag-noticiasdestacadas","21":"tag-spain","22":"tag-titulares","23":"tag-ultimas-noticias","24":"tag-ultimasnoticias"},"share_on_mastodon":{"url":"https:\/\/pubeurope.com\/@es\/115613655650640774","error":""},"_links":{"self":[{"href":"https:\/\/www.europesays.com\/es\/wp-json\/wp\/v2\/posts\/256066","targetHints":{"allow":["GET"]}}],"collection":[{"href":"https:\/\/www.europesays.com\/es\/wp-json\/wp\/v2\/posts"}],"about":[{"href":"https:\/\/www.europesays.com\/es\/wp-json\/wp\/v2\/types\/post"}],"author":[{"embeddable":true,"href":"https:\/\/www.europesays.com\/es\/wp-json\/wp\/v2\/users\/2"}],"replies":[{"embeddable":true,"href":"https:\/\/www.europesays.com\/es\/wp-json\/wp\/v2\/comments?post=256066"}],"version-history":[{"count":0,"href":"https:\/\/www.europesays.com\/es\/wp-json\/wp\/v2\/posts\/256066\/revisions"}],"wp:featuredmedia":[{"embeddable":true,"href":"https:\/\/www.europesays.com\/es\/wp-json\/wp\/v2\/media\/256067"}],"wp:attachment":[{"href":"https:\/\/www.europesays.com\/es\/wp-json\/wp\/v2\/media?parent=256066"}],"wp:term":[{"taxonomy":"category","embeddable":true,"href":"https:\/\/www.europesays.com\/es\/wp-json\/wp\/v2\/categories?post=256066"},{"taxonomy":"post_tag","embeddable":true,"href":"https:\/\/www.europesays.com\/es\/wp-json\/wp\/v2\/tags?post=256066"}],"curies":[{"name":"wp","href":"https:\/\/api.w.org\/{rel}","templated":true}]}}